{"id":408047,"date":"2024-05-13T17:39:16","date_gmt":"2024-05-13T20:39:16","guid":{"rendered":"https:\/\/notinor.com\/jujuy\/?p=408047"},"modified":"2024-05-13T17:39:18","modified_gmt":"2024-05-13T20:39:18","slug":"ley-bases-en-el-senado-la-cgt-y-la-cta-criticaron-la-reforma-laboral-y-exigieron-cambios-en-el-proyecto","status":"publish","type":"post","link":"https:\/\/notinor.com\/jujuy\/ley-bases-en-el-senado-la-cgt-y-la-cta-criticaron-la-reforma-laboral-y-exigieron-cambios-en-el-proyecto\/","title":{"rendered":"Ley Bases en el Senado: la CGT y la CTA criticaron la reforma laboral y exigieron cambios en el proyecto"},"content":{"rendered":"\n<p class=\"has-medium-font-size\"><strong><em>El oficialismo intentar\u00e1 avanzar en el tr\u00e1mite de los proyectos que llegaron con media sanci\u00f3n desde la C\u00e1mara de Diputados. Los bloques convocaron especialistas para analizar el texto.<\/em><\/strong><\/p>\n\n\n\n<p><\/p>\n\n\n<div class=\"wp-block-image\">\n<figure class=\"aligncenter size-full\"><img decoding=\"async\" loading=\"lazy\" width=\"800\" height=\"450\" src=\"https:\/\/notinor.com\/jujuy\/wp-content\/uploads\/2024\/05\/senado-ley-bases.jpg\" alt=\"\" class=\"wp-image-408048\" srcset=\"https:\/\/notinor.com\/jujuy\/wp-content\/uploads\/2024\/05\/senado-ley-bases.jpg 800w, https:\/\/notinor.com\/jujuy\/wp-content\/uploads\/2024\/05\/senado-ley-bases-649x365.jpg 649w, https:\/\/notinor.com\/jujuy\/wp-content\/uploads\/2024\/05\/senado-ley-bases-500x280.jpg 500w, https:\/\/notinor.com\/jujuy\/wp-content\/uploads\/2024\/05\/senado-ley-bases-768x432.jpg 768w, https:\/\/notinor.com\/jujuy\/wp-content\/uploads\/2024\/05\/senado-ley-bases-750x422.jpg 750w\" sizes=\"(max-width: 800px) 100vw, 800px\" \/><\/figure><\/div>\n\n\n<p><\/p>\n\n\n\n<p><strong>El bloque opositor inici\u00f3 la ronda de preguntas con introducciones que dejaron planteada su disconformidad con los cambios que plantea la ley Bases en la legislaci\u00f3n laboral.<\/strong> Por caso, el jefe de bloque del Frente de Todos, Jos\u00e9 Mayans, puso en duda la legitimidad de los cambios y anticip\u00f3 una discusi\u00f3n en la justicia por la constitucionalidad de los cambios.<\/p>\n\n\n\n<p><strong>\u201cEs inconstitucional de principio a fin\u201d, reproch\u00f3 el senador formose\u00f1o. \u201cSi hay una figura de explotaci\u00f3n es la del colaborador. Habr\u00eda que desestimarlo o volver actuar\u201d, exigi\u00f3. <\/strong>Mayans hizo referencia, como lo hab\u00edan hecho antes los dirigentes de las centrales obreras, que la posibilidad de que Pymes de hasta 5 personas declaren a sus empleados como colaboradores independientes, es una posibilidad de \u201clegalizar la informalidad\u201d.<\/p>\n\n\n\n<p><strong>\u201cLa ley ataca al sector laboral con estas ideas que son la edad de piedra, atrasan 70 a\u00f1os\u201d, <\/strong>se quej\u00f3 Mayans.<\/p>\n\n\n\n<p>Luego de la exposici\u00f3n de Daer, titular de la CGT, fue el turno de Hugo Yaski, secretario general de la Central de Trabajadores del Estado (CTA), quien se manifest\u00f3 en el mismo sentido detallando los aspectos de la ley bases que avanzan sobre derechos laborales desde su posici\u00f3n.<\/p>\n\n\n\n<p><strong>Seg\u00fan Yasky, el proyecto aprobado en Diputados, contiene los siguientes perjuicios para los trabajadores:<\/strong><\/p>\n\n\n\n<ul>\n<li>\u201cElimina sanciones a empleadores por contratar en negro o retener aportes\u201d<\/li>\n\n\n\n<li>\u201cCrea la figura de monotributistas con cinco colaboradores. Haciendo un c\u00e1lculo de las 409 mil pymes que hoy tienen esa cantidad de trabajadores, m\u00e1s de 600 mil personas podr\u00edan convertirse de inmediato en informales\u201d.<\/li>\n\n\n\n<li>\u201cCrea el fondo de cese y abarata el costo del despido, con lo cual favorece el despido sin causa\u201d.<\/li>\n\n\n\n<li>\u201cLe permite a los empleadores el despido discriminatorio\u201d<\/li>\n\n\n\n<li>\u201cElimina la responsabilidad solidaria por flexibilizar trabajadores\u201d<\/li>\n\n\n\n<li>\u201cAlarga el per\u00edodo de prueba hasta un a\u00f1o, pasar\u00edamos a ser el pa\u00eds con el per\u00edodo m\u00e1s largo del mundo\u201d<\/li>\n\n\n\n<li>\u201cHabilita el pase a disponibilidad de trabajadores estatales por doce meses\u201d<\/li>\n\n\n\n<li>\u201cElimina la moratoria previsional\u201d<\/li>\n\n\n\n<li>\u201cViola el principio de la estabilidad laboral. Habilita a que por actividad sindical pueda ser despedido, y s\u00f3lo paga una multa\u201d<\/li>\n\n\n\n<li>\u201cElimina la multa al empleador por no pagar a tiempo la indemnizaci\u00f3n por despido\u201d<\/li>\n\n\n\n<li>\u201cReduce la licencia anterior al parto de la mujer a 10 d\u00edas\u201d<\/li>\n<\/ul>\n\n\n\n<p>Adem\u00e1s, Yasky hizo un cr\u00edtica general de la ley, relacionado con la p\u00e9rdida de recaudaci\u00f3n para el Estado. <strong>\u201cLa reducci\u00f3n de la al\u00edcuota de bienes personales representa una p\u00e9rdida del PBI de 0,68%, mientras la cuarta categor\u00eda Ganancias representa un 0,50%, es decir que se pierde m\u00e1s eliminando impuesto a ricos que con el impuesto a los trabajadores\u201d, <\/strong>compar\u00f3.<\/p>\n\n\n\n<p><strong>\u201cEst\u00e1 claro que no estamos ante una medida que tiende a garantizar m\u00e1s recursos al Estado; sino recursos que ser\u00e1n m\u00e1s o menos los mismos los pongan los pobres y no los m\u00e1s ricos\u201d,<\/strong> dijo el dirigente.<\/p>\n","protected":false},"excerpt":{"rendered":"<p>El oficialismo intentar\u00e1 avanzar en el tr\u00e1mite de los proyectos que llegaron con media sanci\u00f3n desde la C\u00e1mara de Diputados. Los bloques convocaron especialistas para analizar el texto. El bloque opositor inici\u00f3 la ronda de preguntas con introducciones que dejaron planteada su disconformidad con los cambios que plantea la ley Bases en la legislaci\u00f3n laboral. [&hellip;]<\/p>\n","protected":false},"author":49,"featured_media":408048,"comment_status":"open","ping_status":"open","sticky":false,"template":"","format":"standard","meta":{"_stopmodifiedupdate":false,"_modified_date":"","inline_featured_image":false,"spay_email":"","jetpack_publicize_message":""},"categories":[2,501],"tags":[],"jetpack_featured_media_url":"https:\/\/notinor.com\/jujuy\/wp-content\/uploads\/2024\/05\/senado-ley-bases.jpg","jetpack_publicize_connections":[],"_links":{"self":[{"href":"https:\/\/notinor.com\/jujuy\/wp-json\/wp\/v2\/posts\/408047"}],"collection":[{"href":"https:\/\/notinor.com\/jujuy\/wp-json\/wp\/v2\/posts"}],"about":[{"href":"https:\/\/notinor.com\/jujuy\/wp-json\/wp\/v2\/types\/post"}],"author":[{"embeddable":true,"href":"https:\/\/notinor.com\/jujuy\/wp-json\/wp\/v2\/users\/49"}],"replies":[{"embeddable":true,"href":"https:\/\/notinor.com\/jujuy\/wp-json\/wp\/v2\/comments?post=408047"}],"version-history":[{"count":1,"href":"https:\/\/notinor.com\/jujuy\/wp-json\/wp\/v2\/posts\/408047\/revisions"}],"predecessor-version":[{"id":408049,"href":"https:\/\/notinor.com\/jujuy\/wp-json\/wp\/v2\/posts\/408047\/revisions\/408049"}],"wp:featuredmedia":[{"embeddable":true,"href":"https:\/\/notinor.com\/jujuy\/wp-json\/wp\/v2\/media\/408048"}],"wp:attachment":[{"href":"https:\/\/notinor.com\/jujuy\/wp-json\/wp\/v2\/media?parent=408047"}],"wp:term":[{"taxonomy":"category","embeddable":true,"href":"https:\/\/notinor.com\/jujuy\/wp-json\/wp\/v2\/categories?post=408047"},{"taxonomy":"post_tag","embeddable":true,"href":"https:\/\/notinor.com\/jujuy\/wp-json\/wp\/v2\/tags?post=408047"}],"curies":[{"name":"wp","href":"https:\/\/api.w.org\/{rel}","templated":true}]}}