{"id":408044,"date":"2024-05-13T12:57:59","date_gmt":"2024-05-13T15:57:59","guid":{"rendered":"https:\/\/notinor.com\/jujuy\/?p=408044"},"modified":"2024-05-13T12:58:01","modified_gmt":"2024-05-13T15:58:01","slug":"se-confirmo-la-eliminacion-de-la-cedula-azul-que-documentos-se-necesitan-para-circular-en-auto","status":"publish","type":"post","link":"https:\/\/notinor.com\/jujuy\/se-confirmo-la-eliminacion-de-la-cedula-azul-que-documentos-se-necesitan-para-circular-en-auto\/","title":{"rendered":"Se confirm\u00f3 la eliminaci\u00f3n de la c\u00e9dula azul: qu\u00e9 documentos se necesitan para circular en auto"},"content":{"rendered":"\n<p class=\"has-medium-font-size\"><strong><em>El gobierno nacional oficializ\u00f3 la derogaci\u00f3n de la tarjeta que se emit\u00eda para aquellos autorizados a manejar. Tambi\u00e9n dispuso que las c\u00e9dulas verdes no tendr\u00e1n vencimiento.<\/em><\/strong><\/p>\n\n\n\n<ul><\/ul>\n\n\n\n<figure class=\"wp-block-image\"><img decoding=\"async\" src=\"https:\/\/i0.wp.com\/newspack-elsol.s3.amazonaws.com\/wp-content\/uploads\/2024\/05\/Cedula.jpg?fit=1200%2C627&amp;ssl=1\" alt=\"\"\/><\/figure>\n\n\n\n<p>El gobierno nacional oficializ\u00f3 la derogaci\u00f3n de la&nbsp;<strong>c\u00e9dula azul<\/strong>&nbsp;para conducir un veh\u00edculo, por entender que ese instrumento<em>&nbsp;\u201ccarece de sustento y aplicaci\u00f3n pr\u00e1cticos\u201d.<\/em>&nbsp;Adem\u00e1s, estableci\u00f3 que la&nbsp;<strong>c\u00e9dula verde<\/strong>&nbsp;no tendr\u00e1 fecha de vencimiento.<\/p>\n\n\n\n<p>La decisi\u00f3n, que hab\u00eda sido anticipada por el Ministerio de Justicia hace diez d\u00edas, se formaliz\u00f3 por medio de la&nbsp;<strong>Disposici\u00f3n 29\/2024 de la Direcci\u00f3n Nacional de los Registros Nacionales de la Propiedad del Automotor (DNRPA)<\/strong>, publicada este lunes en el Bolet\u00edn Oficial.<\/p>\n\n\n\n<p>Para el Poder Ejecutivo, la&nbsp;<em>\u201cC\u00e9dula de Identificaci\u00f3n para autorizado a conducir\u201d,<\/em>&nbsp;m\u00e1s conocida como c\u00e9dula azul,<em>&nbsp;\u201cconstituy\u00f3 un instrumento por el cual el titular de un dominio puede habilitar a un tercero para circular con el veh\u00edculo\u201d.<\/em><\/p>\n\n\n\n<p>Pero ahora,&nbsp;<em>\u201cestablecido en el Decreto de Necesidad y Urgencia 70\/2023N\u00b0 el no vencimiento de las C\u00e9dulas de Identificaci\u00f3n, la existencia de la C\u00e9dula de Identificaci\u00f3n para autorizado a conducir carecer\u00eda de sustento y aplicaci\u00f3n pr\u00e1cticos, raz\u00f3n por la cual deviene pertinente proceder a la derogaci\u00f3n\u201d<\/em>, seg\u00fan el texto oficial.<\/p>\n\n\n\n<p>As\u00ed, se expedir\u00e1 una&nbsp;<strong>c\u00e9dula verde<\/strong>&nbsp;original en los siguientes tr\u00e1mites:<\/p>\n\n\n\n<ul>\n<li>Al practicar la Inscripci\u00f3n Inicial.<\/li>\n\n\n\n<li>Al inscribir una transferencia.<\/li>\n\n\n\n<li>Al inscribir una comunicaci\u00f3n de recupero.<\/li>\n\n\n\n<li>Al practicarse un cambio de radicaci\u00f3n.<\/li>\n\n\n\n<li>Al practicarse un cambio de domicilio.<\/li>\n\n\n\n<li>Al practicarse un cambio de denominaci\u00f3n de la persona jur\u00eddica en caso de que sea titular registral.<\/li>\n\n\n\n<li>Al practicarse un cambio de motor.<\/li>\n\n\n\n<li>Al practicarse un cambio de chasis o cuadro.<\/li>\n\n\n\n<li>Al practicarse una rectificaci\u00f3n del nombre o apellido del titular o de otro dato en ella consignado.<\/li>\n\n\n\n<li>Al disponer la reposici\u00f3n de placas met\u00e1licas.<\/li>\n\n\n\n<li>Al practicarse un cambio de uso.<\/li>\n\n\n\n<li>Al practicarse la inscripci\u00f3n a nombre de una sociedad en formaci\u00f3n y, en su caso, la inscripci\u00f3n definitiva a nombre de la persona jur\u00eddica, una vez constituida la sociedad.<\/li>\n<\/ul>\n\n\n\n<p>En todos los supuestos, el Registro expedir\u00e1 una&nbsp;<strong>c\u00e9dula en formato digital y f\u00edsico<\/strong>: la c\u00e9dula de identificaci\u00f3n de car\u00e1cter f\u00edsico quedar\u00e1 a disposici\u00f3n dentro del legajo del dominio para su retiro por parte del peticionario que as\u00ed lo requiriera, mientras que la c\u00e9dula en formato digital ser\u00e1 puesta a disposici\u00f3n del titular registral de manera autom\u00e1tica a trav\u00e9s de la aplicaci\u00f3n \u201cMi Argentina\u201d.<\/p>\n\n\n\n<p>Adem\u00e1s, el Registro no expedir\u00e1 la c\u00e9dula cuando mediare alguna de las siguientes causas:<\/p>\n\n\n\n<ul>\n<li>Que el peticionario no fuere el titular registral o uno de ellos en caso de condominio, o no fuere uno de los adquirentes si la petici\u00f3n se formulare simult\u00e1neamente con la inscripci\u00f3n de la transferencia; o aun trat\u00e1ndose de un adquirente, si la transferencia no resultare efectivamente inscripta.<\/li>\n\n\n\n<li>Que se haya anotado una denuncia de robo o hurto y no se hubiere operado el recupero.<\/li>\n\n\n\n<li>Que se haya anotado una denuncia de venta y no se hubiere operado la inscripci\u00f3n de la transferencia a favor del adquirente, ni efectuado la notificaci\u00f3n.<\/li>\n\n\n\n<li>Que se haya anotado una orden judicial o de autoridad administrativa competente que proh\u00edba la circulaci\u00f3n del automotor o la expedici\u00f3n de c\u00e9dulas de identificaci\u00f3n.<\/li>\n\n\n\n<li>Que se haya dado de baja el motor y no se hubiere inscripto un alta posterior.<\/li>\n<\/ul>\n\n\n\n<p>Por otra parte, el Gobierno estableci\u00f3 que salvo en los casos en que expresamente se determine un plazo de vigencia espec\u00edfico, las c\u00e9dulas de identificaci\u00f3n del automotor y del motoveh\u00edculo, ya sea en su formato digital o f\u00edsico,&nbsp;<strong>no caducar\u00e1n<\/strong>&nbsp;mientras no haya cambios en la titularidad del veh\u00edculo.<\/p>\n\n\n\n<p>Las&nbsp;<strong>c\u00e9dulas verdes&nbsp;<\/strong>emitidas con anterioridad a la vigencia de esta medida, que en su formato f\u00edsico contuvieren una fecha de vencimiento,&nbsp;<em>\u201cno tendr\u00e1n vencimiento\u201d<\/em>, aclar\u00f3 la DNRPA. Y a\u00f1adi\u00f3 que las&nbsp;<strong>c\u00e9dulas azules<\/strong>&nbsp;ya emitidas continuar\u00e1n vigentes hasta tanto sean revocadas por quien las peticion\u00f3.<\/p>\n\n\n\n<p>A partir de esta modificaci\u00f3n, la&nbsp;<strong>lista de los elementos requeridos<\/strong>&nbsp;para circular que ser\u00e1n solicitados en los controles vehiculares son:<\/p>\n\n\n\n<ul>\n<li>Documento Nacional de Identidad (DNI).<\/li>\n\n\n\n<li>Licencia Nacional de Conducir.<\/li>\n\n\n\n<li>C\u00e9dula verde.<\/li>\n\n\n\n<li>Comprobante de seguro vigente.<\/li>\n\n\n\n<li>Constancia de revisi\u00f3n t\u00e9cnica Obligatoria (RTO) o Verificaci\u00f3n T\u00e9cnica Vehicular (VTV).<\/li>\n\n\n\n<li>Chapas patente colocadas visibles, sin alteraciones y en buen estado.<\/li>\n\n\n\n<li>Matafuegos con fecha vigente y balizas triangulares.<\/li>\n<\/ul>\n\n\n\n<p>Teniendo en cuenta que puedan existir agentes de la&nbsp;<strong>Agencia Nacional de Seguridad Vial (ANSV)<\/strong>&nbsp;que no est\u00e9n al tanto de las \u00faltimas disposiciones, se recomienda tener a mano la normativa vigente con la derogaci\u00f3n de la c\u00e9dula azul.<\/p>\n\n\n\n<p><object data=\"https:\/\/newspack-elsol.s3.amazonaws.com\/wp-content\/uploads\/2024\/05\/Cedula-Azul.pdf\" type=\"application\/pdf\"><\/object><a href=\"https:\/\/newspack-elsol.s3.amazonaws.com\/wp-content\/uploads\/2024\/05\/Cedula-Azul.pdf\">Cedula-Azul<\/a><a href=\"https:\/\/newspack-elsol.s3.amazonaws.com\/wp-content\/uploads\/2024\/05\/Cedula-Azul.pdf\">Descarga<\/a><\/p>\n\n\n\n<p><strong>La diferencia entre la c\u00e9dula verde y la azul<\/strong><\/p>\n\n\n\n<p>Mientras la c\u00e9dula\u00a0<strong>verde\u00a0<\/strong>es exclusiva para el titular del veh\u00edculo, la\u00a0<strong>azul\u00a0<\/strong>se emit\u00eda para aquellos\u00a0<em>\u201cautorizados a manejar el auto\u201d<\/em>. La gran diferencia es que la primera es\u00a0<strong>\u00fanica\u00a0<\/strong>y la segunda pod\u00eda ser\u00a0<strong>m\u00faltiple<\/strong>.<\/p>\n\n\n\n<ul>\n<li>Cada vez que se compra un 0km o se transfiere un veh\u00edculo, el Registro de la Propiedad Automotor emite una \u00fanica&nbsp;<strong>c\u00e9dula verde<\/strong>&nbsp;al titular.<\/li>\n\n\n\n<li>Es el documento que certifica la vinculaci\u00f3n entre un veh\u00edculo y su propietario.<\/li>\n\n\n\n<li>En ella figuran la identidad y domicilio del titular y los datos de completos del autom\u00f3vil incluyendo dominio (patente), marca, modelo, tipo y dos datos fundamentales como son los n\u00fameros de chasis y motor.<\/li>\n\n\n\n<li>En caso de autos familiares o flotas empresariales, se emit\u00edan tambi\u00e9n&nbsp;<strong>c\u00e9dulas azules<\/strong>&nbsp;(puede ser una o varias, no hay l\u00edmite de unidades), para que otras personas tambi\u00e9n puedan manejar el rodado en cuesti\u00f3n.<\/li>\n<\/ul>\n","protected":false},"excerpt":{"rendered":"<p>El gobierno nacional oficializ\u00f3 la derogaci\u00f3n de la tarjeta que se emit\u00eda para aquellos autorizados a manejar. Tambi\u00e9n dispuso que las c\u00e9dulas verdes no tendr\u00e1n vencimiento. El gobierno nacional oficializ\u00f3 la derogaci\u00f3n de la&nbsp;c\u00e9dula azul&nbsp;para conducir un veh\u00edculo, por entender que ese instrumento&nbsp;\u201ccarece de sustento y aplicaci\u00f3n pr\u00e1cticos\u201d.&nbsp;Adem\u00e1s, estableci\u00f3 que la&nbsp;c\u00e9dula verde&nbsp;no tendr\u00e1 fecha de [&hellip;]<\/p>\n","protected":false},"author":5,"featured_media":408045,"comment_status":"open","ping_status":"open","sticky":false,"template":"","format":"standard","meta":{"_stopmodifiedupdate":false,"_modified_date":"","inline_featured_image":false,"spay_email":"","jetpack_publicize_message":""},"categories":[5],"tags":[],"jetpack_featured_media_url":"https:\/\/notinor.com\/jujuy\/wp-content\/uploads\/2024\/05\/CEDULA.jpg","jetpack_publicize_connections":[],"_links":{"self":[{"href":"https:\/\/notinor.com\/jujuy\/wp-json\/wp\/v2\/posts\/408044"}],"collection":[{"href":"https:\/\/notinor.com\/jujuy\/wp-json\/wp\/v2\/posts"}],"about":[{"href":"https:\/\/notinor.com\/jujuy\/wp-json\/wp\/v2\/types\/post"}],"author":[{"embeddable":true,"href":"https:\/\/notinor.com\/jujuy\/wp-json\/wp\/v2\/users\/5"}],"replies":[{"embeddable":true,"href":"https:\/\/notinor.com\/jujuy\/wp-json\/wp\/v2\/comments?post=408044"}],"version-history":[{"count":1,"href":"https:\/\/notinor.com\/jujuy\/wp-json\/wp\/v2\/posts\/408044\/revisions"}],"predecessor-version":[{"id":408046,"href":"https:\/\/notinor.com\/jujuy\/wp-json\/wp\/v2\/posts\/408044\/revisions\/408046"}],"wp:featuredmedia":[{"embeddable":true,"href":"https:\/\/notinor.com\/jujuy\/wp-json\/wp\/v2\/media\/408045"}],"wp:attachment":[{"href":"https:\/\/notinor.com\/jujuy\/wp-json\/wp\/v2\/media?parent=408044"}],"wp:term":[{"taxonomy":"category","embeddable":true,"href":"https:\/\/notinor.com\/jujuy\/wp-json\/wp\/v2\/categories?post=408044"},{"taxonomy":"post_tag","embeddable":true,"href":"https:\/\/notinor.com\/jujuy\/wp-json\/wp\/v2\/tags?post=408044"}],"curies":[{"name":"wp","href":"https:\/\/api.w.org\/{rel}","templated":true}]}}