{"id":408034,"date":"2024-05-13T10:06:40","date_gmt":"2024-05-13T13:06:40","guid":{"rendered":"https:\/\/notinor.com\/jujuy\/?p=408034"},"modified":"2024-05-13T10:06:43","modified_gmt":"2024-05-13T13:06:43","slug":"tarifas-de-luz-y-gas-oficializan-la-suspension-de-aumentos-para-contener-la-inflacion","status":"publish","type":"post","link":"https:\/\/notinor.com\/jujuy\/tarifas-de-luz-y-gas-oficializan-la-suspension-de-aumentos-para-contener-la-inflacion\/","title":{"rendered":"Tarifas de luz y gas: oficializan la suspensi\u00f3n de aumentos para contener la inflaci\u00f3n"},"content":{"rendered":"\n<p class=\"has-medium-font-size\"><strong><em>La decisi\u00f3n se conoc\u00eda desde el 30 de abril y ahora se dio el paso administrativo\u00a0para que no acelere la inflaci\u00f3n<\/em><\/strong>.<\/p>\n\n\n<div class=\"wp-block-image\">\n<figure class=\"aligncenter size-full\"><img decoding=\"async\" loading=\"lazy\" width=\"731\" height=\"408\" src=\"https:\/\/notinor.com\/jujuy\/wp-content\/uploads\/2024\/05\/AUMENTO.jpg\" alt=\"\" class=\"wp-image-408035\" srcset=\"https:\/\/notinor.com\/jujuy\/wp-content\/uploads\/2024\/05\/AUMENTO.jpg 731w, https:\/\/notinor.com\/jujuy\/wp-content\/uploads\/2024\/05\/AUMENTO-654x365.jpg 654w, https:\/\/notinor.com\/jujuy\/wp-content\/uploads\/2024\/05\/AUMENTO-500x280.jpg 500w\" sizes=\"(max-width: 731px) 100vw, 731px\" \/><\/figure><\/div>\n\n\n<p>El ministro de Econom\u00eda,&nbsp;<strong>Luis Caputo, oficializ\u00f3 la suspensi\u00f3n de&nbsp;&nbsp;la actualizaci\u00f3n de las&nbsp;tarifas de luz y gas&nbsp;previsto para mayo&nbsp;<\/strong>para que no impacte en la inflaci\u00f3n, A&nbsp;trav\u00e9s de una carta enviada al secretario de Energ\u00eda,&nbsp;Eduardo Rodr\u00edguez Chirillo. As\u00ed,&nbsp;oficializ\u00f3 l<strong>a decisi\u00f3n que se conoc\u00eda desde el 30 de abril,<\/strong>&nbsp;pero que necesitaba el proceso administrativo para su implementaci\u00f3n.<\/p>\n\n\n\n<p><em>\u201cCon el objeto de<strong>\u00a0consolidar el proceso de desinflaci\u00f3n llevado a cabo por el Gobierno,<\/strong>\u00a0verificado a la fecha,<\/em> <strong>resulta razonable y prudente postergar en el mes de mayo la aplicaci\u00f3n efectiva de las actualizaciones<\/strong> <strong>dispuestas en las resoluciones de los entes reguladores<\/strong><em>\u00a0y los aumentos del PEST correspondiente a energ\u00eda el\u00e9ctrica y del PIST en el gas\u201d,<\/em>\u00a0dice la misiva a\u00a0<strong>la que tuvo acceso el medio\u00a0EconoJournal.<\/strong><\/p>\n\n\n\n<p>Si no se suspend\u00edan estas subas,<strong>&nbsp;los usuarios de un hogar N1 (altos ingresos) hubieran percibido un&nbsp;incremento del 77%&nbsp;en el precio mayorista de la energ\u00eda.&nbsp;<\/strong>En tanto, en la boleta de gas implicaba, por ejemplo, que un usuario residencial del segmento 1 (altos ingresos) pasara de pagar en abril US$2,79 por mill\u00f3n de BTU a U$S4,49.<\/p>\n\n\n\n<p>De acuerdo a lo que explicaron fuentes oficiales que cit\u00f3\u00a0TN, se trata de\u00a0<strong>una \u201csuspensi\u00f3n del ajuste mensual que se iba a reflejar en los nuevos cuadros\u00a0tarifario<\/strong>s que deb\u00edan publicar el ENRE y el ENARGAS.\"<strong>Se busca as\u00ed alivianar la carga sobre la clase media y priorizar el proceso de deflaci\u00f3n<\/strong>\u201d.<\/p>\n\n\n\n<p>Con esta decisi\u00f3n, el Gobierno&nbsp;<strong>apela a mostrar que el \u00edndice de precios mantiene un proceso de desaceleraci\u00f3n y que se acerca a cumplir su meta de un d\u00edgito<\/strong>.&nbsp;<\/p>\n\n\n\n<p>Se espera que retome los cronogramas en&nbsp;junio&nbsp;a<strong>l indicar que los entes reguladores deben proceder \u201cexclusivamente a la postergaci\u00f3n en el mes de mayo<\/strong>&nbsp;de la aplicaci\u00f3n de las actualizaciones dispuestas\u201d. Es decir, que las subas impactar\u00edan reci\u00e9n en las facturas que llegar\u00e1n en julio.<\/p>\n\n\n\n<p>El 1 de Mayo, Caputo hab\u00eda dicho que Econom\u00eda est\u00e1 \"est\u00e1 c\u00f3moda en lo fiscal\" y que por ello\u00a0<strong>\"priorizaron bajar la inflaci\u00f3n y\u00a0no cargar m\u00e1s con gastos a la clase media\".\u00a0<\/strong><\/p>\n\n\n\n<p><strong>Cu\u00e1nto aument\u00f3 la luz y el gas\u00a0<\/strong><\/p>\n\n\n\n<p>En febrero, E<strong>nerg\u00eda aplic\u00f3 un&nbsp;aumento en el precio mayorista del servicio el\u00e9ctrico&nbsp;y hubo&nbsp;subas en las tarifas de hasta un 120%<\/strong>&nbsp;para los sectores de mayores ingresos,&nbsp;uno de los componentes de la tarifa total que impact\u00f3 solamente sobre usuarios residenciales que est\u00e1n catalogados como&nbsp;\u201cNivel 1 de la segmentaci\u00f3n\u201d&nbsp;y que renunciaron o no pidieron los subsidios a la energ\u00eda. El sector alcanzado por los cambios definidos en la Resoluci\u00f3n 7\/2024 firmada por el secretario de Energ\u00eda, representa aproximadamente a un&nbsp;30% del total&nbsp;de los hogares.<\/p>\n\n\n\n<p>Desde la cartera energ\u00e9tica aseguran que&nbsp;esta medida \u201cno pone en juego la sostenibilidad del sistema\u201d.&nbsp;\u201cHeredamos un&nbsp;sistema energ\u00e9tico desinvertido, desfinanciado, al borde del colapso y con tarifas congeladas.&nbsp;En 5 meses, estamos haciendo una recomposici\u00f3n tarifaria hist\u00f3rica y achicando la brecha para que las tarifas reflejen el costo de suministro\u201d, se\u00f1alaron.<\/p>\n","protected":false},"excerpt":{"rendered":"<p>La decisi\u00f3n se conoc\u00eda desde el 30 de abril y ahora se dio el paso administrativo\u00a0para que no acelere la inflaci\u00f3n. El ministro de Econom\u00eda,&nbsp;Luis Caputo, oficializ\u00f3 la suspensi\u00f3n de&nbsp;&nbsp;la actualizaci\u00f3n de las&nbsp;tarifas de luz y gas&nbsp;previsto para mayo&nbsp;para que no impacte en la inflaci\u00f3n, A&nbsp;trav\u00e9s de una carta enviada al secretario de Energ\u00eda,&nbsp;Eduardo Rodr\u00edguez [&hellip;]<\/p>\n","protected":false},"author":5,"featured_media":408035,"comment_status":"open","ping_status":"open","sticky":false,"template":"","format":"standard","meta":{"_stopmodifiedupdate":false,"_modified_date":"","inline_featured_image":false,"spay_email":"","jetpack_publicize_message":""},"categories":[676],"tags":[],"jetpack_featured_media_url":"https:\/\/notinor.com\/jujuy\/wp-content\/uploads\/2024\/05\/AUMENTO.jpg","jetpack_publicize_connections":[],"_links":{"self":[{"href":"https:\/\/notinor.com\/jujuy\/wp-json\/wp\/v2\/posts\/408034"}],"collection":[{"href":"https:\/\/notinor.com\/jujuy\/wp-json\/wp\/v2\/posts"}],"about":[{"href":"https:\/\/notinor.com\/jujuy\/wp-json\/wp\/v2\/types\/post"}],"author":[{"embeddable":true,"href":"https:\/\/notinor.com\/jujuy\/wp-json\/wp\/v2\/users\/5"}],"replies":[{"embeddable":true,"href":"https:\/\/notinor.com\/jujuy\/wp-json\/wp\/v2\/comments?post=408034"}],"version-history":[{"count":1,"href":"https:\/\/notinor.com\/jujuy\/wp-json\/wp\/v2\/posts\/408034\/revisions"}],"predecessor-version":[{"id":408036,"href":"https:\/\/notinor.com\/jujuy\/wp-json\/wp\/v2\/posts\/408034\/revisions\/408036"}],"wp:featuredmedia":[{"embeddable":true,"href":"https:\/\/notinor.com\/jujuy\/wp-json\/wp\/v2\/media\/408035"}],"wp:attachment":[{"href":"https:\/\/notinor.com\/jujuy\/wp-json\/wp\/v2\/media?parent=408034"}],"wp:term":[{"taxonomy":"category","embeddable":true,"href":"https:\/\/notinor.com\/jujuy\/wp-json\/wp\/v2\/categories?post=408034"},{"taxonomy":"post_tag","embeddable":true,"href":"https:\/\/notinor.com\/jujuy\/wp-json\/wp\/v2\/tags?post=408034"}],"curies":[{"name":"wp","href":"https:\/\/api.w.org\/{rel}","templated":true}]}}