{"id":407985,"date":"2024-05-13T08:00:00","date_gmt":"2024-05-13T11:00:00","guid":{"rendered":"https:\/\/notinor.com\/jujuy\/?p=407985"},"modified":"2024-05-12T21:41:29","modified_gmt":"2024-05-13T00:41:29","slug":"la-ucr-repudio-a-juez-tras-sus-criticas-a-lousteau","status":"publish","type":"post","link":"https:\/\/notinor.com\/jujuy\/la-ucr-repudio-a-juez-tras-sus-criticas-a-lousteau\/","title":{"rendered":"La UCR repudi\u00f3 a Juez tras sus cr\u00edticas a Lousteau"},"content":{"rendered":"\n<p class=\"has-medium-font-size\"><strong><em>El partido public\u00f3 un comunicado en el que le reclamaron \u201cmesura\u201d al titular de bloque del PRO en el Senado, quien se\u00f1al\u00f3 al legislador del radicalismo de \u201cactuar con nivel de representaci\u00f3n del Frente de Todos\u201d.<\/em><\/strong><\/p>\n\n\n<div class=\"wp-block-image\">\n<figure class=\"aligncenter size-large\"><img decoding=\"async\" loading=\"lazy\" width=\"840\" height=\"471\" src=\"https:\/\/notinor.com\/jujuy\/wp-content\/uploads\/2024\/02\/martin-lousteau-.-la-ucr-justifico-su-voto-a-favor-de-la-ley-omnibus-frenamos-un-nuevo-ajuste-a-los-jubilados-.-elpaisdiario.ar_-840x471.webp\" alt=\"\" class=\"wp-image-401952\" srcset=\"https:\/\/notinor.com\/jujuy\/wp-content\/uploads\/2024\/02\/martin-lousteau-.-la-ucr-justifico-su-voto-a-favor-de-la-ley-omnibus-frenamos-un-nuevo-ajuste-a-los-jubilados-.-elpaisdiario.ar_-840x471.webp 840w, https:\/\/notinor.com\/jujuy\/wp-content\/uploads\/2024\/02\/martin-lousteau-.-la-ucr-justifico-su-voto-a-favor-de-la-ley-omnibus-frenamos-un-nuevo-ajuste-a-los-jubilados-.-elpaisdiario.ar_-650x365.webp 650w, https:\/\/notinor.com\/jujuy\/wp-content\/uploads\/2024\/02\/martin-lousteau-.-la-ucr-justifico-su-voto-a-favor-de-la-ley-omnibus-frenamos-un-nuevo-ajuste-a-los-jubilados-.-elpaisdiario.ar_-500x280.webp 500w, https:\/\/notinor.com\/jujuy\/wp-content\/uploads\/2024\/02\/martin-lousteau-.-la-ucr-justifico-su-voto-a-favor-de-la-ley-omnibus-frenamos-un-nuevo-ajuste-a-los-jubilados-.-elpaisdiario.ar_-768x431.webp 768w, https:\/\/notinor.com\/jujuy\/wp-content\/uploads\/2024\/02\/martin-lousteau-.-la-ucr-justifico-su-voto-a-favor-de-la-ley-omnibus-frenamos-un-nuevo-ajuste-a-los-jubilados-.-elpaisdiario.ar_-750x421.webp 750w, https:\/\/notinor.com\/jujuy\/wp-content\/uploads\/2024\/02\/martin-lousteau-.-la-ucr-justifico-su-voto-a-favor-de-la-ley-omnibus-frenamos-un-nuevo-ajuste-a-los-jubilados-.-elpaisdiario.ar_.webp 850w\" sizes=\"(max-width: 840px) 100vw, 840px\" \/><figcaption class=\"wp-element-caption\">Lousteau<\/figcaption><\/figure><\/div>\n\n\n<p><strong>La UCR sali\u00f3 al cruce de las declaraciones del jefe de bloque del PRO en el Senado, Luis Juez, contra el legislador de la C\u00e1mara Alta y presidente del partido, Mart\u00edn Lousteau. <\/strong><\/p>\n\n\n\n<p>Desde el radicalismo le reclamaron \u201cmesura\u201d a Juez por sus declaraciones y repudiaron sus \u201cagravios\u201d, luego de que planteara en una entrevista que Lousteau \u201cest\u00e1 actuando con un nivel de representaci\u00f3n del Frente de Todos que asusta\u201d.<\/p>\n\n\n\n<blockquote class=\"wp-block-quote\">\n<p>En la UCR adem\u00e1s acusaron a La Libertad Avanza de realizar \u201cmaniobras de disciplinamiento\u201d.<\/p>\n<\/blockquote>\n\n\n\n<p>Desde el radicalismo plantearon en un comunicado, en medio del debate de la Ley Bases y el paquete fiscal: <strong>\u201cLa Uni\u00f3n C\u00edvica Radical le exige mesura en sus declaraciones al titular del Bloque de senadores del PRO, Luis Juez y repudia sus agravios contra el presidente del partido Mart\u00edn Lousteau. <\/strong><\/p>\n\n\n\n<p>Luego de tres reuniones de comisi\u00f3n en las que Juez ni siquiera particip\u00f3, solo habl\u00f3 para agredir al presidente de la UCR, que cumpli\u00f3 con su tarea como senador de la Naci\u00f3n, estudiando las leyes, haciendo preguntas a los funcionarios del gobierno y proponiendo alternativas\u201d.<\/p>\n\n\n\n<p><\/p>\n","protected":false},"excerpt":{"rendered":"<p>El partido public\u00f3 un comunicado en el que le reclamaron \u201cmesura\u201d al titular de bloque del PRO en el Senado, quien se\u00f1al\u00f3 al legislador del radicalismo de \u201cactuar con nivel de representaci\u00f3n del Frente de Todos\u201d. La UCR sali\u00f3 al cruce de las declaraciones del jefe de bloque del PRO en el Senado, Luis Juez, [&hellip;]<\/p>\n","protected":false},"author":53,"featured_media":401952,"comment_status":"open","ping_status":"open","sticky":false,"template":"","format":"standard","meta":{"_stopmodifiedupdate":false,"_modified_date":"","inline_featured_image":false,"spay_email":"","jetpack_publicize_message":""},"categories":[2,501],"tags":[4114,3597,335],"jetpack_featured_media_url":"https:\/\/notinor.com\/jujuy\/wp-content\/uploads\/2024\/02\/martin-lousteau-.-la-ucr-justifico-su-voto-a-favor-de-la-ley-omnibus-frenamos-un-nuevo-ajuste-a-los-jubilados-.-elpaisdiario.ar_.webp","jetpack_publicize_connections":[],"_links":{"self":[{"href":"https:\/\/notinor.com\/jujuy\/wp-json\/wp\/v2\/posts\/407985"}],"collection":[{"href":"https:\/\/notinor.com\/jujuy\/wp-json\/wp\/v2\/posts"}],"about":[{"href":"https:\/\/notinor.com\/jujuy\/wp-json\/wp\/v2\/types\/post"}],"author":[{"embeddable":true,"href":"https:\/\/notinor.com\/jujuy\/wp-json\/wp\/v2\/users\/53"}],"replies":[{"embeddable":true,"href":"https:\/\/notinor.com\/jujuy\/wp-json\/wp\/v2\/comments?post=407985"}],"version-history":[{"count":1,"href":"https:\/\/notinor.com\/jujuy\/wp-json\/wp\/v2\/posts\/407985\/revisions"}],"predecessor-version":[{"id":407986,"href":"https:\/\/notinor.com\/jujuy\/wp-json\/wp\/v2\/posts\/407985\/revisions\/407986"}],"wp:featuredmedia":[{"embeddable":true,"href":"https:\/\/notinor.com\/jujuy\/wp-json\/wp\/v2\/media\/401952"}],"wp:attachment":[{"href":"https:\/\/notinor.com\/jujuy\/wp-json\/wp\/v2\/media?parent=407985"}],"wp:term":[{"taxonomy":"category","embeddable":true,"href":"https:\/\/notinor.com\/jujuy\/wp-json\/wp\/v2\/categories?post=407985"},{"taxonomy":"post_tag","embeddable":true,"href":"https:\/\/notinor.com\/jujuy\/wp-json\/wp\/v2\/tags?post=407985"}],"curies":[{"name":"wp","href":"https:\/\/api.w.org\/{rel}","templated":true}]}}