{"id":407822,"date":"2024-05-09T11:07:45","date_gmt":"2024-05-09T14:07:45","guid":{"rendered":"https:\/\/notinor.com\/jujuy\/?p=407822"},"modified":"2024-05-09T11:07:46","modified_gmt":"2024-05-09T14:07:46","slug":"diputados-de-la-ucr-impugnan-postulacion-del-juez-ariel-lijo-para-la-corte-suprema-de-justicia","status":"publish","type":"post","link":"https:\/\/notinor.com\/jujuy\/diputados-de-la-ucr-impugnan-postulacion-del-juez-ariel-lijo-para-la-corte-suprema-de-justicia\/","title":{"rendered":"Diputados de la UCR impugnan postulaci\u00f3n del juez Ariel Lijo para la Corte Suprema de Justicia"},"content":{"rendered":"\n<p class=\"has-medium-font-size\"><strong><em>Este mi\u00e9rcoles cuatro diputados de la Uni\u00f3n C\u00edvica Radical (UCR) impugnaron la candidatura del juez federal Ariel Lijo como quinto integrante de la Corte Suprema de Justicia para ocupar el puesto que dej\u00f3 vacante Elena Highton de Nolasco en 2021.<\/em><\/strong><\/p>\n\n\n<div class=\"wp-block-image\">\n<figure class=\"aligncenter size-large\"><img decoding=\"async\" loading=\"lazy\" width=\"840\" height=\"473\" src=\"https:\/\/notinor.com\/jujuy\/wp-content\/uploads\/2024\/05\/lijo-840x473.jpg\" alt=\"\" class=\"wp-image-407823\" srcset=\"https:\/\/notinor.com\/jujuy\/wp-content\/uploads\/2024\/05\/lijo-840x473.jpg 840w, https:\/\/notinor.com\/jujuy\/wp-content\/uploads\/2024\/05\/lijo-649x365.jpg 649w, https:\/\/notinor.com\/jujuy\/wp-content\/uploads\/2024\/05\/lijo-768x432.jpg 768w, https:\/\/notinor.com\/jujuy\/wp-content\/uploads\/2024\/05\/lijo-750x422.jpg 750w, https:\/\/notinor.com\/jujuy\/wp-content\/uploads\/2024\/05\/lijo-1140x641.jpg 1140w, https:\/\/notinor.com\/jujuy\/wp-content\/uploads\/2024\/05\/lijo.jpg 1200w\" sizes=\"(max-width: 840px) 100vw, 840px\" \/><figcaption class=\"wp-element-caption\">Ariel Lijo<\/figcaption><\/figure><\/div>\n\n\n<p>Cuatro legisladores de la UCR consignaron que el hombre elegido por Javier Milei \u201ccometi\u00f3 severas irregularidades en el ejercicio de su cargo como magistrado federal, algunas de las cuales podr\u00edan configurar delitos penales\u201d<\/p>\n\n\n\n<p>Los legisladores <strong>Fernando Carbajal (Formosa), Pedro Galimberti (Entre R\u00edos), Manuel Aguirre (Corrientes) y Marcela Coli (La Pampa) <\/strong>expresaron que Lijo -el hombre propuesto por el presidente Javier Milei- \u201ccometi\u00f3 severas irregularidades en el ejercicio de su cargo como magistrado federal, algunas de las cuales podr\u00edan configurar delitos penales\u201d.<\/p>\n\n\n\n<p><strong>En la nota dirigida al ministro de Justicia, Mariano C\u00faneo Libarona, los diputados radicales mencionan varios hechos que, seg\u00fan indicaron, hacen que sea inadmisible aceptar la postulaci\u00f3n de Lijo. <\/strong>En primer lugar, figura la denuncia de Elisa Carri\u00f3 en 2018, quien acus\u00f3 al juez federal de integrar una asociaci\u00f3n il\u00edcita y lavar de dinero junto a Alfredo Dami\u00e1n Lijo -su hermano-, Julio De Vido, Jos\u00e9 Mar\u00eda Olazagasti, Eduardo Freiler, Ernesto Chalabe, Roberto Vignati, Gustavo Cinosi y Silvana Andrea Stochetti.<\/p>\n\n\n\n<p>\u201cPese a la gravedad de las circunstancias denunciadas, con las correspondientes pruebas documentales que present\u00f3 la denunciante, ninguno de los imputados fue indagado y la causa fue archivada por el Juez Ercolini, quien ten\u00eda delegada la investigaci\u00f3n. Luego se present\u00f3 como abogado defensor Mariano C\u00faneo Libarona, a instar el sobreseimiento de Alfredo Lijo, petici\u00f3n que le fue concedida por el magistrado y actual ministro de Justicia\u201d, enfatizaron los diputados.<\/p>\n\n\n\n<blockquote class=\"wp-block-quote\">\n<p>Los radicales tambi\u00e9n cuestionaron la actuaci\u00f3n de Lijo como juez en el expediente de YPF donde se deb\u00eda investigar el vaciamiento de la empresa; esta causa nunca avanz\u00f3. <\/p>\n<\/blockquote>\n\n\n\n<p><strong>Asimismo, al indagar el supuesto pago de sobornos por parte de la empresa \u201cSiemens\u201d a exfuncionarios del gobierno de Carlos Menem, \u201cel juez Lijo dilat\u00f3 la causa y prescindi\u00f3 de incorporar en el expediente ciertos elementos de prueba que resultar\u00edan esenciales para avanzar en la investigaci\u00f3n\u201d.<\/strong><\/p>\n\n\n\n<p>Otro hecho que los legisladores de la UCR tomaron en cuenta para impugnar la candidatura del juez radica en su performance en la investigaci\u00f3n de las irregularidades en la Obra Social de los Empleados Judiciales, donde \u201cLijo actu\u00f3 arbitrariamente con el fin de mantener abierta la causa para colaborar con el juez de la Corte Suprema Ricardo Lorenzetti en su interna judicial\u201d.<\/p>\n","protected":false},"excerpt":{"rendered":"<p>Este mi\u00e9rcoles cuatro diputados de la Uni\u00f3n C\u00edvica Radical (UCR) impugnaron la candidatura del juez federal Ariel Lijo como quinto integrante de la Corte Suprema de Justicia para ocupar el puesto que dej\u00f3 vacante Elena Highton de Nolasco en 2021. Cuatro legisladores de la UCR consignaron que el hombre elegido por Javier Milei \u201ccometi\u00f3 severas [&hellip;]<\/p>\n","protected":false},"author":53,"featured_media":407823,"comment_status":"open","ping_status":"open","sticky":false,"template":"","format":"standard","meta":{"_stopmodifiedupdate":false,"_modified_date":"","inline_featured_image":false,"spay_email":"","jetpack_publicize_message":""},"categories":[2],"tags":[3996,4107,3501],"jetpack_featured_media_url":"https:\/\/notinor.com\/jujuy\/wp-content\/uploads\/2024\/05\/lijo.jpg","jetpack_publicize_connections":[],"_links":{"self":[{"href":"https:\/\/notinor.com\/jujuy\/wp-json\/wp\/v2\/posts\/407822"}],"collection":[{"href":"https:\/\/notinor.com\/jujuy\/wp-json\/wp\/v2\/posts"}],"about":[{"href":"https:\/\/notinor.com\/jujuy\/wp-json\/wp\/v2\/types\/post"}],"author":[{"embeddable":true,"href":"https:\/\/notinor.com\/jujuy\/wp-json\/wp\/v2\/users\/53"}],"replies":[{"embeddable":true,"href":"https:\/\/notinor.com\/jujuy\/wp-json\/wp\/v2\/comments?post=407822"}],"version-history":[{"count":1,"href":"https:\/\/notinor.com\/jujuy\/wp-json\/wp\/v2\/posts\/407822\/revisions"}],"predecessor-version":[{"id":407824,"href":"https:\/\/notinor.com\/jujuy\/wp-json\/wp\/v2\/posts\/407822\/revisions\/407824"}],"wp:featuredmedia":[{"embeddable":true,"href":"https:\/\/notinor.com\/jujuy\/wp-json\/wp\/v2\/media\/407823"}],"wp:attachment":[{"href":"https:\/\/notinor.com\/jujuy\/wp-json\/wp\/v2\/media?parent=407822"}],"wp:term":[{"taxonomy":"category","embeddable":true,"href":"https:\/\/notinor.com\/jujuy\/wp-json\/wp\/v2\/categories?post=407822"},{"taxonomy":"post_tag","embeddable":true,"href":"https:\/\/notinor.com\/jujuy\/wp-json\/wp\/v2\/tags?post=407822"}],"curies":[{"name":"wp","href":"https:\/\/api.w.org\/{rel}","templated":true}]}}