{"id":407819,"date":"2024-05-09T10:51:53","date_gmt":"2024-05-09T13:51:53","guid":{"rendered":"https:\/\/notinor.com\/jujuy\/?p=407819"},"modified":"2024-05-09T10:51:54","modified_gmt":"2024-05-09T13:51:54","slug":"la-intermedia-se-prepara-para-la-26-expo-feria-de-reproductores-de-camelidos-y-ovinos","status":"publish","type":"post","link":"https:\/\/notinor.com\/jujuy\/la-intermedia-se-prepara-para-la-26-expo-feria-de-reproductores-de-camelidos-y-ovinos\/","title":{"rendered":"La Intermedia se prepara para la 26\u00b0 Expo-Feria de Reproductores de Cam\u00e9lidos y Ovinos"},"content":{"rendered":"\n<p class=\"has-medium-font-size\"><strong><em>El tradicional evento pune\u00f1o convoca a reproductores de cam\u00e9lidos y ovinos de la regi\u00f3n, a los que se suma la participaci\u00f3n de artesanos y agricultores andinos, adem\u00e1s de la exposici\u00f3n de hierbas medicinales. La Expo-Feria se realizar\u00e1 el 10 y 11 de Mayo.<\/em><\/strong><\/p>\n\n\n<div class=\"wp-block-image\">\n<figure class=\"aligncenter size-full\"><img decoding=\"async\" loading=\"lazy\" width=\"640\" height=\"360\" src=\"https:\/\/notinor.com\/jujuy\/wp-content\/uploads\/2024\/05\/camelidos.jpg\" alt=\"\" class=\"wp-image-407820\" srcset=\"https:\/\/notinor.com\/jujuy\/wp-content\/uploads\/2024\/05\/camelidos.jpg 640w, https:\/\/notinor.com\/jujuy\/wp-content\/uploads\/2024\/05\/camelidos-500x280.jpg 500w\" sizes=\"(max-width: 640px) 100vw, 640px\" \/><figcaption class=\"wp-element-caption\"><strong> <\/strong>Expo-Feria de Reproductores de Cam\u00e9lidos y Ovinos<\/figcaption><\/figure><\/div>\n\n\n<p><strong>La localidad de La Intermedia, en el departamento de Yavi, ser\u00e1 anfitriona de la d\u00e9cimo sexta edici\u00f3n de la Expo-Feria de Reproductores de Cam\u00e9lidos y Ovinos, con una serie de actividades que se realizar\u00e1n el pr\u00f3ximo viernes y el s\u00e1bado. El ev<\/strong>ento cuenta diferentes propuestas culturales, stand de muestras y venta de productos ganaderos, agr\u00edcolas y artesanales, adem\u00e1s espacios de intercambio de conocimientos y sabidur\u00edas de la gente de la zona.<\/p>\n\n\n\n<p>En ese marco, el vocal de la Comisi\u00f3n Municipal de Pumahuasi y miembro de la Comunidad Aborigen de la Intermedia, Manuel Jes\u00fas Mamani, destac\u00f3 la importancia hist\u00f3rica del evento que viene desarroll\u00e1ndose desde 1996. \u201cSon tres exposiciones, tres propuestas, por lo que es \u00fanico en la Provincia\u201d, indic\u00f3.<\/p>\n\n\n\n<blockquote class=\"wp-block-quote\">\n<p>A\u00f1adi\u00f3 que \u201cen la feria ganadera participan varias comisiones municipales de la Puna juje\u00f1a\u201d.<\/p>\n<\/blockquote>\n\n\n\n<p><strong>En otro orden, agradeci\u00f3 el acompa\u00f1amiento de la Secretaria de Gesti\u00f3n de la Gobernaci\u00f3n que encabeza la Anal\u00eda Ru\u00edz, de quien agradeci\u00f3 \u201cel gesto de estar siempre con nosotros\u201d. <\/strong><\/p>\n\n\n\n<p>\u201cLa invitaci\u00f3n es para todo el p\u00fablico que quiera presenciar de este gran evento en la Puna juje\u00f1a. Los vamos a recibir con los brazos abiertos a todos y brindar nuestras sabidur\u00edas\u201d, concluy\u00f3 Mamani.<\/p>\n","protected":false},"excerpt":{"rendered":"<p>El tradicional evento pune\u00f1o convoca a reproductores de cam\u00e9lidos y ovinos de la regi\u00f3n, a los que se suma la participaci\u00f3n de artesanos y agricultores andinos, adem\u00e1s de la exposici\u00f3n de hierbas medicinales. La Expo-Feria se realizar\u00e1 el 10 y 11 de Mayo. La localidad de La Intermedia, en el departamento de Yavi, ser\u00e1 anfitriona [&hellip;]<\/p>\n","protected":false},"author":53,"featured_media":407820,"comment_status":"open","ping_status":"open","sticky":false,"template":"","format":"standard","meta":{"_stopmodifiedupdate":false,"_modified_date":"","inline_featured_image":false,"spay_email":"","jetpack_publicize_message":""},"categories":[2542],"tags":[4105,19,4106],"jetpack_featured_media_url":"https:\/\/notinor.com\/jujuy\/wp-content\/uploads\/2024\/05\/camelidos.jpg","jetpack_publicize_connections":[],"_links":{"self":[{"href":"https:\/\/notinor.com\/jujuy\/wp-json\/wp\/v2\/posts\/407819"}],"collection":[{"href":"https:\/\/notinor.com\/jujuy\/wp-json\/wp\/v2\/posts"}],"about":[{"href":"https:\/\/notinor.com\/jujuy\/wp-json\/wp\/v2\/types\/post"}],"author":[{"embeddable":true,"href":"https:\/\/notinor.com\/jujuy\/wp-json\/wp\/v2\/users\/53"}],"replies":[{"embeddable":true,"href":"https:\/\/notinor.com\/jujuy\/wp-json\/wp\/v2\/comments?post=407819"}],"version-history":[{"count":1,"href":"https:\/\/notinor.com\/jujuy\/wp-json\/wp\/v2\/posts\/407819\/revisions"}],"predecessor-version":[{"id":407821,"href":"https:\/\/notinor.com\/jujuy\/wp-json\/wp\/v2\/posts\/407819\/revisions\/407821"}],"wp:featuredmedia":[{"embeddable":true,"href":"https:\/\/notinor.com\/jujuy\/wp-json\/wp\/v2\/media\/407820"}],"wp:attachment":[{"href":"https:\/\/notinor.com\/jujuy\/wp-json\/wp\/v2\/media?parent=407819"}],"wp:term":[{"taxonomy":"category","embeddable":true,"href":"https:\/\/notinor.com\/jujuy\/wp-json\/wp\/v2\/categories?post=407819"},{"taxonomy":"post_tag","embeddable":true,"href":"https:\/\/notinor.com\/jujuy\/wp-json\/wp\/v2\/tags?post=407819"}],"curies":[{"name":"wp","href":"https:\/\/api.w.org\/{rel}","templated":true}]}}