{"id":407756,"date":"2024-05-07T21:00:00","date_gmt":"2024-05-08T00:00:00","guid":{"rendered":"https:\/\/notinor.com\/jujuy\/?p=407756"},"modified":"2024-05-07T09:00:21","modified_gmt":"2024-05-07T09:00:21","slug":"restricciones-de-trafico-por-desfile-civico-en-b-lujan","status":"publish","type":"post","link":"https:\/\/notinor.com\/jujuy\/restricciones-de-trafico-por-desfile-civico-en-b-lujan\/","title":{"rendered":"Restricciones de tr\u00e1fico por desfile c\u00edvico en B\u00b0 Luj\u00e1n"},"content":{"rendered":"\n<p class=\"has-medium-font-size\"><strong><em>La Direcci\u00f3n de Tr\u00e1nsito y Transporte, perteneciente a la Secretar\u00eda de Servicios P\u00fablicos de la Municipalidad de San Salvador de Jujuy, comunic\u00f3 a la ciudadan\u00eda y, en particular, a los conductores, las medidas adoptadas con motivo del Tradicional Desfile C\u00edvico, Escolar y de Fuerzas de Seguridad en conmemoraci\u00f3n del 76\u00b0 Aniversario del Barrio Luj\u00e1n.<\/em><\/strong><\/p>\n\n\n<div class=\"wp-block-image\">\n<figure class=\"aligncenter size-large\"><img decoding=\"async\" loading=\"lazy\" width=\"840\" height=\"424\" src=\"https:\/\/notinor.com\/jujuy\/wp-content\/uploads\/2024\/05\/AV-PUEYRREDON-840x424.jpg\" alt=\"\" class=\"wp-image-407757\" srcset=\"https:\/\/notinor.com\/jujuy\/wp-content\/uploads\/2024\/05\/AV-PUEYRREDON-840x424.jpg 840w, https:\/\/notinor.com\/jujuy\/wp-content\/uploads\/2024\/05\/AV-PUEYRREDON-660x333.jpg 660w, https:\/\/notinor.com\/jujuy\/wp-content\/uploads\/2024\/05\/AV-PUEYRREDON-768x387.jpg 768w, https:\/\/notinor.com\/jujuy\/wp-content\/uploads\/2024\/05\/AV-PUEYRREDON-750x378.jpg 750w, https:\/\/notinor.com\/jujuy\/wp-content\/uploads\/2024\/05\/AV-PUEYRREDON.jpg 914w\" sizes=\"(max-width: 840px) 100vw, 840px\" \/><\/figure><\/div>\n\n\n<p>El operativo, programado para el pr\u00f3ximo&nbsp;<strong>mi\u00e9rcoles 8 de mayo<\/strong>, dar\u00e1 inicio a las&nbsp;<strong>8 de la ma\u00f1ana<\/strong>&nbsp;y conlleva la implementaci\u00f3n de restricciones de tr\u00e1fico en la zona correspondiente.<\/p>\n\n\n\n<p><\/p>\n\n\n\n<p>Se ha determinado la prohibici\u00f3n de estacionamiento y la limitaci\u00f3n de la circulaci\u00f3n vehicular en la Avenida Pueyrred\u00f3n, desde el cruce con Presidente Per\u00f3n hasta Caseros, donde se mantendr\u00e1 el tr\u00e1nsito a media calzada en direcci\u00f3n a la Avenida El \u00c9xodo.<\/p>\n\n\n\n<p>Adem\u00e1s, se informa que el servicio de transporte urbano de pasajeros modificar\u00e1 su recorrido por: Presidente Per\u00f3n; Cerro Aguilar; Caeros; Pueyrredon retomando su recorrido habitual<\/p>\n\n\n\n<p>Se ruega a los usuarios y conductores prestar especial atenci\u00f3n a la se\u00f1alizaci\u00f3n dispuesta en la zona y a la presencia del personal encargado de supervisar la situaci\u00f3n.<\/p>\n","protected":false},"excerpt":{"rendered":"<p>La Direcci\u00f3n de Tr\u00e1nsito y Transporte, perteneciente a la Secretar\u00eda de Servicios P\u00fablicos de la Municipalidad de San Salvador de Jujuy, comunic\u00f3 a la ciudadan\u00eda y, en particular, a los conductores, las medidas adoptadas con motivo del Tradicional Desfile C\u00edvico, Escolar y de Fuerzas de Seguridad en conmemoraci\u00f3n del 76\u00b0 Aniversario del Barrio Luj\u00e1n. El [&hellip;]<\/p>\n","protected":false},"author":5,"featured_media":407757,"comment_status":"open","ping_status":"open","sticky":false,"template":"","format":"standard","meta":{"_stopmodifiedupdate":false,"_modified_date":"","inline_featured_image":false,"spay_email":"","jetpack_publicize_message":""},"categories":[514],"tags":[],"jetpack_featured_media_url":"https:\/\/notinor.com\/jujuy\/wp-content\/uploads\/2024\/05\/AV-PUEYRREDON.jpg","jetpack_publicize_connections":[],"_links":{"self":[{"href":"https:\/\/notinor.com\/jujuy\/wp-json\/wp\/v2\/posts\/407756"}],"collection":[{"href":"https:\/\/notinor.com\/jujuy\/wp-json\/wp\/v2\/posts"}],"about":[{"href":"https:\/\/notinor.com\/jujuy\/wp-json\/wp\/v2\/types\/post"}],"author":[{"embeddable":true,"href":"https:\/\/notinor.com\/jujuy\/wp-json\/wp\/v2\/users\/5"}],"replies":[{"embeddable":true,"href":"https:\/\/notinor.com\/jujuy\/wp-json\/wp\/v2\/comments?post=407756"}],"version-history":[{"count":1,"href":"https:\/\/notinor.com\/jujuy\/wp-json\/wp\/v2\/posts\/407756\/revisions"}],"predecessor-version":[{"id":407758,"href":"https:\/\/notinor.com\/jujuy\/wp-json\/wp\/v2\/posts\/407756\/revisions\/407758"}],"wp:featuredmedia":[{"embeddable":true,"href":"https:\/\/notinor.com\/jujuy\/wp-json\/wp\/v2\/media\/407757"}],"wp:attachment":[{"href":"https:\/\/notinor.com\/jujuy\/wp-json\/wp\/v2\/media?parent=407756"}],"wp:term":[{"taxonomy":"category","embeddable":true,"href":"https:\/\/notinor.com\/jujuy\/wp-json\/wp\/v2\/categories?post=407756"},{"taxonomy":"post_tag","embeddable":true,"href":"https:\/\/notinor.com\/jujuy\/wp-json\/wp\/v2\/tags?post=407756"}],"curies":[{"name":"wp","href":"https:\/\/api.w.org\/{rel}","templated":true}]}}