{"id":407745,"date":"2024-05-07T20:39:00","date_gmt":"2024-05-07T23:39:00","guid":{"rendered":"https:\/\/notinor.com\/jujuy\/?p=407745"},"modified":"2024-05-07T08:39:10","modified_gmt":"2024-05-07T08:39:10","slug":"el-club-de-emprendedores-celebra-3-anos-con-una-semana-llena-de-actividades","status":"publish","type":"post","link":"https:\/\/notinor.com\/jujuy\/el-club-de-emprendedores-celebra-3-anos-con-una-semana-llena-de-actividades\/","title":{"rendered":"El Club de Emprendedores celebra 3 a\u00f1os con una semana llena de actividades"},"content":{"rendered":"\n<p class=\"has-medium-font-size\"><strong><em>La Municipalidad de San Salvador de Jujuy, a trav\u00e9s del Club de Emprendedores de la Secretar\u00eda de Planificaci\u00f3n y Ambiente, prepara una semana a puros festejos desde el lunes 13\u00a0 y hasta el s\u00e1bado 18 mayo para conmemorar el tercer aniversario del Club. Los interesados en participar en alguna de las propuestas podr\u00e1n hacerlo registrando su inscripci\u00f3n a trav\u00e9s de los formularios disponibles en las redes sociales del\u00a0<a href=\"https:\/\/www.facebook.com\/ClubdeEmprendedoresJujuy\">Club de Emprendedores\u00a0<\/a>.<\/em><\/strong><\/p>\n\n\n<div class=\"wp-block-image\">\n<figure class=\"aligncenter size-large\"><img decoding=\"async\" loading=\"lazy\" width=\"819\" height=\"480\" src=\"https:\/\/notinor.com\/jujuy\/wp-content\/uploads\/2024\/05\/CLUB-EMPRENDEDOR-819x480.jpg\" alt=\"\" class=\"wp-image-407747\" srcset=\"https:\/\/notinor.com\/jujuy\/wp-content\/uploads\/2024\/05\/CLUB-EMPRENDEDOR-819x480.jpg 819w, https:\/\/notinor.com\/jujuy\/wp-content\/uploads\/2024\/05\/CLUB-EMPRENDEDOR-623x365.jpg 623w, https:\/\/notinor.com\/jujuy\/wp-content\/uploads\/2024\/05\/CLUB-EMPRENDEDOR-768x450.jpg 768w, https:\/\/notinor.com\/jujuy\/wp-content\/uploads\/2024\/05\/CLUB-EMPRENDEDOR-750x439.jpg 750w, https:\/\/notinor.com\/jujuy\/wp-content\/uploads\/2024\/05\/CLUB-EMPRENDEDOR.jpg 1024w\" sizes=\"(max-width: 819px) 100vw, 819px\" \/><\/figure><\/div>\n\n\n<p>Al respecto, <strong>Jimena Jurado<\/strong>,\u00a0 directora General de Desarrollo, destac\u00f3 los trabajos realizados durante todo el a\u00f1o en el Club de Emprendedores y coment\u00f3 que ,\u201c vamos a festejar el 15 de mayo, junto con el D\u00eda del Emprendedor a nivel municipal, el cumplea\u00f1os del Club de Emprendedores y entonces la idea es trabajar durante toda la semana con actividades que vamos a tener tanto durante la ma\u00f1ana como durante la tarde\u201d.<\/p>\n\n\n\n<p>Jurado, resalt\u00f3 la diversidad de las actividades que se brindan e invit\u00f3 a la comunidad emprendedora a sumarse a las mismas, \u201cson capacitaciones que nos estuvieron pidiendo, de todo tipo, tanto en marketing, como por ejemplo desde Pro Mujer, que van a estar trabajando con algunas mujeres emprendedoras; tambi\u00e9n tenemos de fotograf\u00eda digital para que puedan exponer sus productos; y el mi\u00e9rcoles habr\u00e1 una charla central, va a venir Sof\u00eda Stamateas, que viene desde Buenos Aires, a darnos una charla para aquellos emprendedores o empresas que est\u00e1n m\u00e1s consolidadas y que ya tienen equipos de trabajo\u201d.<\/p>\n\n\n\n<p>Por \u00faltimo llam\u00f3 a los emprendedores y emprendedoras de la ciudad a inscribirse a los talleres que se brindar\u00e1n durante la semana, \u201d para todos talleres o cursos tenemos inscripci\u00f3n, pueden realizarla desde el celular, entrando a las&nbsp;<a href=\"https:\/\/www.facebook.com\/ClubdeEmprendedoresJujuy\/\">redes sociales del Club de Emprendedores&nbsp;<\/a>, ah\u00ed pueden abrir el formulario Google y se inscriben al curso que quieran\u201d.<\/p>\n\n\n\n<p>El siguiente es el programa de actividades con d\u00eda y horario para que los interesados puedan registrar su inscripci\u00f3n oportunamente:<\/p>\n\n\n\n<p><strong>Lunes 13 de mayo<\/strong><\/p>\n\n\n\n<p>Por la ma\u00f1ana: de 9 a 11 Hs.<\/p>\n\n\n\n<p>Tema: Master Class , Desaf\u00edo Coaching: \u201cCamino al \u00e9xito\u201d<\/p>\n\n\n\n<p>Modalidad: Presencial.<\/p>\n\n\n\n<p>Contenido: Se compartir\u00e1 un modelo de plan para iniciar un peque\u00f1o negocio, se hablara de como funciona una herramienta de planificaci\u00f3n y se enfatizara sobre la importancia del asociativismo para llevar adelante un proyecto.<\/p>\n\n\n\n<p>Por la tarde: de 16 a 17 hs.<\/p>\n\n\n\n<p>Tema: Emprendedurismo Verde: Educaci\u00f3n ambiental para un emprendimiento sustentable.<\/p>\n\n\n\n<p><strong>Martes 14 de mayo<\/strong><\/p>\n\n\n\n<p>Por la ma\u00f1ana: 8:30 a 10 hs,<\/p>\n\n\n\n<p>Tema: Presentaci\u00f3n de Pitch seleccionada y entrega de certificados DESARROLLATE abril.<\/p>\n\n\n\n<p>de 10 a 11hs: &nbsp;Foto producto con tu Celular-online.<\/p>\n\n\n\n<p>Por la tarde: de 18 a 20 hs<\/p>\n\n\n\n<p>Tema: \u201cCharla juego de mesa\u201d.<\/p>\n\n\n\n<p><strong>Mi\u00e9rcoles 15 de mayo<\/strong><\/p>\n\n\n\n<p>Por la ma\u00f1ana: de 8:30 a 10hs<\/p>\n\n\n\n<p>Tema: Acto Protocolar y Firma de Convenios<\/p>\n\n\n\n<p>de 10 a 12 hs : Charla REMAX: Emprendedores de Jujuy al mundo.<\/p>\n\n\n\n<p><strong>Viernes 17 de mayo<\/strong><\/p>\n\n\n\n<p>Por la ma\u00f1ana: de 10 a 11 hs<\/p>\n\n\n\n<p>Tema: Como poner precio a tus productos \u2013<\/p>\n\n\n\n<p>Por la tarde: de 17 a 20 hs<\/p>\n\n\n\n<p>Tema: La union hace MAD: Objetivos, proyectos e historia.<\/p>\n\n\n\n<p><strong>S\u00e1bado 18 de mayo<\/strong><\/p>\n\n\n\n<p>A partir de las 15 y hasta las 22 hs, cerramos las actividades de la semana con una gran convocatoria para ser parte del Patio Emprendedor, en donde los peque\u00f1os emprendedores muestran sus productos y promocionan su actividad comercial para expandir el mercado econ\u00f3mico.<\/p>\n\n\n\n<p>Por dudas o consultas o m\u00e1s informaci\u00f3n el CLub de Emprendedores se encuentra av. Espa\u00f1a al 1500 en el centro del Parque San Mart\u00edn.<\/p>\n\n\n\n<p><strong>Nota audiovisual:<\/strong>&nbsp;<a href=\"https:\/\/youtu.be\/K5xdZQkTgQU\" target=\"_blank\" rel=\"noreferrer noopener\">https:\/\/youtu.be\/K5xdZQkTgQU<\/a><\/p>\n","protected":false},"excerpt":{"rendered":"<p>La Municipalidad de San Salvador de Jujuy, a trav\u00e9s del Club de Emprendedores de la Secretar\u00eda de Planificaci\u00f3n y Ambiente, prepara una semana a puros festejos desde el lunes 13\u00a0 y hasta el s\u00e1bado 18 mayo para conmemorar el tercer aniversario del Club. Los interesados en participar en alguna de las propuestas podr\u00e1n hacerlo registrando [&hellip;]<\/p>\n","protected":false},"author":5,"featured_media":407746,"comment_status":"open","ping_status":"open","sticky":false,"template":"","format":"standard","meta":{"_stopmodifiedupdate":false,"_modified_date":"","inline_featured_image":false,"spay_email":"","jetpack_publicize_message":""},"categories":[514],"tags":[],"jetpack_featured_media_url":"https:\/\/notinor.com\/jujuy\/wp-content\/uploads\/2024\/05\/CLUB-DE-EMPRENDEDORES.jpeg","jetpack_publicize_connections":[],"_links":{"self":[{"href":"https:\/\/notinor.com\/jujuy\/wp-json\/wp\/v2\/posts\/407745"}],"collection":[{"href":"https:\/\/notinor.com\/jujuy\/wp-json\/wp\/v2\/posts"}],"about":[{"href":"https:\/\/notinor.com\/jujuy\/wp-json\/wp\/v2\/types\/post"}],"author":[{"embeddable":true,"href":"https:\/\/notinor.com\/jujuy\/wp-json\/wp\/v2\/users\/5"}],"replies":[{"embeddable":true,"href":"https:\/\/notinor.com\/jujuy\/wp-json\/wp\/v2\/comments?post=407745"}],"version-history":[{"count":1,"href":"https:\/\/notinor.com\/jujuy\/wp-json\/wp\/v2\/posts\/407745\/revisions"}],"predecessor-version":[{"id":407748,"href":"https:\/\/notinor.com\/jujuy\/wp-json\/wp\/v2\/posts\/407745\/revisions\/407748"}],"wp:featuredmedia":[{"embeddable":true,"href":"https:\/\/notinor.com\/jujuy\/wp-json\/wp\/v2\/media\/407746"}],"wp:attachment":[{"href":"https:\/\/notinor.com\/jujuy\/wp-json\/wp\/v2\/media?parent=407745"}],"wp:term":[{"taxonomy":"category","embeddable":true,"href":"https:\/\/notinor.com\/jujuy\/wp-json\/wp\/v2\/categories?post=407745"},{"taxonomy":"post_tag","embeddable":true,"href":"https:\/\/notinor.com\/jujuy\/wp-json\/wp\/v2\/tags?post=407745"}],"curies":[{"name":"wp","href":"https:\/\/api.w.org\/{rel}","templated":true}]}}