{"id":407735,"date":"2024-05-07T23:14:05","date_gmt":"2024-05-08T02:14:05","guid":{"rendered":"https:\/\/notinor.com\/jujuy\/?p=407735"},"modified":"2024-05-07T23:14:07","modified_gmt":"2024-05-08T02:14:07","slug":"astrazeneca-retirara-su-vacuna-contra-el-covid-19-a-nivel-mundial","status":"publish","type":"post","link":"https:\/\/notinor.com\/jujuy\/astrazeneca-retirara-su-vacuna-contra-el-covid-19-a-nivel-mundial\/","title":{"rendered":"AstraZeneca retirar\u00e1 su vacuna contra el COVID-19 a nivel mundial"},"content":{"rendered":"\n<p class=\"has-medium-font-size\"><strong><em>La farmac\u00e9utica anglo-sueca est\u00e1 retirando del mercado global su f\u00f3rmula contra el coronavirus, inform\u00f3 el martes The Telegraph. La semana pasada hab\u00eda admitido por primera vez que pod\u00eda provocar efectos secundarios poco comunes como la trombosis.<\/em><\/strong><\/p>\n\n\n\n<p><\/p>\n\n\n<div class=\"wp-block-image\">\n<figure class=\"aligncenter size-full\"><img decoding=\"async\" loading=\"lazy\" width=\"800\" height=\"450\" src=\"https:\/\/notinor.com\/jujuy\/wp-content\/uploads\/2024\/05\/astrazeneca-1.jpg\" alt=\"\" class=\"wp-image-407736\" srcset=\"https:\/\/notinor.com\/jujuy\/wp-content\/uploads\/2024\/05\/astrazeneca-1.jpg 800w, https:\/\/notinor.com\/jujuy\/wp-content\/uploads\/2024\/05\/astrazeneca-1-649x365.jpg 649w, https:\/\/notinor.com\/jujuy\/wp-content\/uploads\/2024\/05\/astrazeneca-1-500x280.jpg 500w, https:\/\/notinor.com\/jujuy\/wp-content\/uploads\/2024\/05\/astrazeneca-1-768x432.jpg 768w, https:\/\/notinor.com\/jujuy\/wp-content\/uploads\/2024\/05\/astrazeneca-1-750x422.jpg 750w\" sizes=\"(max-width: 800px) 100vw, 800px\" \/><\/figure><\/div>\n\n\n<p><\/p>\n\n\n\n<p><strong>La farmac\u00e9utica anglo-sueca AstraZeneca est\u00e1 retirando su vacuna COVID-19 en todo el mundo, inform\u00f3 el martes The Telegraph.<\/strong><\/p>\n\n\n\n<p>La vacuna ya no puede utilizarse en la Uni\u00f3n Europea despu\u00e9s de que la empresa retirara voluntariamente su \u201cautorizaci\u00f3n de comercializaci\u00f3n\u201d, seg\u00fan el informe.<\/p>\n\n\n\n<p><strong>La solicitud para retirar la vacuna se present\u00f3 el 5 de marzo y entr\u00f3 en vigor el 7 de mayo, seg\u00fan el informe,<\/strong> que a\u00f1ade que se har\u00edan solicitudes similares en el Reino Unido y otros pa\u00edses que hab\u00edan aprobado la vacuna, conocida como Vaxzevria, en el pr\u00f3ximos meses.<\/p>\n\n\n\n<p>La semana pasada, la compa\u00f1\u00eda farmac\u00e9utica AstraZeneca admiti\u00f3 por primera vez que su vacuna contra el coronavirus pod\u00eda provocar efectos secundarios poco comunes como la trombosis. <strong>Un efecto que ya se notific\u00f3 en plena pandemia y que provoc\u00f3 la limitaci\u00f3n de dicho vial durante el a\u00f1o 2021.<\/strong><\/p>\n\n\n\n<p>Desde la filial espa\u00f1ola de AstraZeneca han emitido un comunicado oficial valorando la situaci\u00f3n. Un documento en el que aseguran: <strong>\u201cEstamos incre\u00edblemente orgullosos del papel que desempe\u00f1\u00f3 Vaxzevria para poner fin a la pandemia mundial. Seg\u00fan estimaciones independientes, solo en el primer a\u00f1o de uso se salvaron m\u00e1s de 6,5 millones de vidas y se suministraron m\u00e1s de 3.000 millones de dosis en todo el mundo\u201d.<\/strong><\/p>\n\n\n\n<p>A lo que a\u00f1aden: <strong>\u201cNuestros esfuerzos han sido reconocidos por gobiernos de todo el mundo y son ampliamente considerados como un componente fundamental para poner fin a la pandemia mundial\u201d.<\/strong><\/p>\n\n\n\n<p>La farmac\u00e9utica que ha llevado a cabo esta vacuna no vincula de forma directa la retirada de su vial en Europa con los distintos procesos judiciales que se han abierto durante los \u00faltimos meses debido a los efectos secundarios que han sufrido diversos pacientes. <strong>\u201cDado que se han desarrollado m\u00faltiples vacunas actualizadas para variantes de COVID-19, ahora hay un excedente de vacunas disponibles. Esto ha provocado una disminuci\u00f3n en la demanda de Vaxzervria, que ya no se fabrica ni suministra\u201d, <\/strong>afirman desde AstraZeneca.<\/p>\n\n\n\n<p>Cuatro a\u00f1os despu\u00e9s de que saliera al mercado, AstraZeneca finalmente confirm\u00f3 que su vacuna para luchar contra el Covid-19, Vaxzervria, puede provocar efectos secundarios. <strong>La empresa est\u00e1 recibiendo m\u00faltiples demandas colectivas en las que aseguran que este vial, desarrollado en la Universidad de Oxford, caus\u00f3 lesiones graves y la muerte de decenas de personas.<\/strong><\/p>\n\n\n\n<p>En un documento presentado ante el Tribunal Superior durante el mes de febrero, la farmac\u00e9utica afirm\u00f3 que su vacuna contra el coronavirus puede, \u201cen casos muy raros, causar TTS (s\u00edndrome de trombosis con trombocitopenia)\u201d. Este s\u00edndrome provoca que las personas sufran co\u00e1gulos de sangre y un recuento bajo de plaquetas en sangre.<\/p>\n\n\n\n<p><strong>\u201cSe admite que la vacuna AZ puede, en casos muy raros, causar TTS. Se desconoce el mecanismo causal. Adem\u00e1s, el TTS tambi\u00e9n puede ocurrir en ausencia de la vacuna AZ (o cualquier vacuna).<\/strong> La causalidad en cualquier caso individual ser\u00e1 materia de prueba pericial\u201d, detallaron ante el Tribunal Superior en el documento presentado. Cabe destacar que los cient\u00edficos ya relacionaron por primera vez este v\u00ednculo entre la vacuna y los efectos adversos en marzo de 2021, poco despu\u00e9s de que comenzara su inoculaci\u00f3n para luchar contra el virus.<\/p>\n","protected":false},"excerpt":{"rendered":"<p>La farmac\u00e9utica anglo-sueca est\u00e1 retirando del mercado global su f\u00f3rmula contra el coronavirus, inform\u00f3 el martes The Telegraph. La semana pasada hab\u00eda admitido por primera vez que pod\u00eda provocar efectos secundarios poco comunes como la trombosis. La farmac\u00e9utica anglo-sueca AstraZeneca est\u00e1 retirando su vacuna COVID-19 en todo el mundo, inform\u00f3 el martes The Telegraph. La [&hellip;]<\/p>\n","protected":false},"author":49,"featured_media":407736,"comment_status":"open","ping_status":"open","sticky":false,"template":"","format":"standard","meta":{"_stopmodifiedupdate":false,"_modified_date":"","inline_featured_image":false,"spay_email":"","jetpack_publicize_message":""},"categories":[6],"tags":[],"jetpack_featured_media_url":"https:\/\/notinor.com\/jujuy\/wp-content\/uploads\/2024\/05\/astrazeneca-1.jpg","jetpack_publicize_connections":[],"_links":{"self":[{"href":"https:\/\/notinor.com\/jujuy\/wp-json\/wp\/v2\/posts\/407735"}],"collection":[{"href":"https:\/\/notinor.com\/jujuy\/wp-json\/wp\/v2\/posts"}],"about":[{"href":"https:\/\/notinor.com\/jujuy\/wp-json\/wp\/v2\/types\/post"}],"author":[{"embeddable":true,"href":"https:\/\/notinor.com\/jujuy\/wp-json\/wp\/v2\/users\/49"}],"replies":[{"embeddable":true,"href":"https:\/\/notinor.com\/jujuy\/wp-json\/wp\/v2\/comments?post=407735"}],"version-history":[{"count":1,"href":"https:\/\/notinor.com\/jujuy\/wp-json\/wp\/v2\/posts\/407735\/revisions"}],"predecessor-version":[{"id":407737,"href":"https:\/\/notinor.com\/jujuy\/wp-json\/wp\/v2\/posts\/407735\/revisions\/407737"}],"wp:featuredmedia":[{"embeddable":true,"href":"https:\/\/notinor.com\/jujuy\/wp-json\/wp\/v2\/media\/407736"}],"wp:attachment":[{"href":"https:\/\/notinor.com\/jujuy\/wp-json\/wp\/v2\/media?parent=407735"}],"wp:term":[{"taxonomy":"category","embeddable":true,"href":"https:\/\/notinor.com\/jujuy\/wp-json\/wp\/v2\/categories?post=407735"},{"taxonomy":"post_tag","embeddable":true,"href":"https:\/\/notinor.com\/jujuy\/wp-json\/wp\/v2\/tags?post=407735"}],"curies":[{"name":"wp","href":"https:\/\/api.w.org\/{rel}","templated":true}]}}