{"id":407732,"date":"2024-05-07T22:35:37","date_gmt":"2024-05-08T01:35:37","guid":{"rendered":"https:\/\/notinor.com\/jujuy\/?p=407732"},"modified":"2024-05-07T22:35:38","modified_gmt":"2024-05-08T01:35:38","slug":"ley-bases-el-regimen-de-inversiones-complica-al-oficialismo-en-el-senado-y-no-descartan-cambios","status":"publish","type":"post","link":"https:\/\/notinor.com\/jujuy\/ley-bases-el-regimen-de-inversiones-complica-al-oficialismo-en-el-senado-y-no-descartan-cambios\/","title":{"rendered":"Ley Bases: el r\u00e9gimen de inversiones complica al oficialismo\u00a0en el Senado y no descartan\u00a0cambios"},"content":{"rendered":"\n<p class=\"has-medium-font-size\"><strong><em>Lo desliz\u00f3 el segundo de jefatura de Gabinete, Jos\u00e9 Rolandi, tras observaciones de Guadalupe Tagliaferri (PRO). El kirchnerismo no pudo bloquear el debate, pero sumar\u00eda expositores y se complicar\u00eda la firma de dict\u00e1menes el jueves.<\/em><\/strong><\/p>\n\n\n\n<p><\/p>\n\n\n<div class=\"wp-block-image\">\n<figure class=\"aligncenter size-full\"><img decoding=\"async\" loading=\"lazy\" width=\"800\" height=\"450\" src=\"https:\/\/notinor.com\/jujuy\/wp-content\/uploads\/2024\/05\/senado-1.jpg\" alt=\"\" class=\"wp-image-407733\" srcset=\"https:\/\/notinor.com\/jujuy\/wp-content\/uploads\/2024\/05\/senado-1.jpg 800w, https:\/\/notinor.com\/jujuy\/wp-content\/uploads\/2024\/05\/senado-1-649x365.jpg 649w, https:\/\/notinor.com\/jujuy\/wp-content\/uploads\/2024\/05\/senado-1-500x280.jpg 500w, https:\/\/notinor.com\/jujuy\/wp-content\/uploads\/2024\/05\/senado-1-768x432.jpg 768w, https:\/\/notinor.com\/jujuy\/wp-content\/uploads\/2024\/05\/senado-1-750x422.jpg 750w\" sizes=\"(max-width: 800px) 100vw, 800px\" \/><\/figure><\/div>\n\n\n<p><\/p>\n\n\n\n<p>El ministro del Interior, Guillermo Francos, y el segundo de jefatura de Gabinete, Jos\u00e9 Rolandi, defendieron este martes la ley de bases en el plenario de las comisiones de Legislaci\u00f3n General; Presupuesto y Hacienda; y Asuntos Constitucionales del Senado. <strong>Durante el c\u00f3nclave, los planteos realizados por la oposici\u00f3n de distintas vertientes sobre el R\u00e9gimen de Incentivos a Grandes Inversiones (RIGI) llev\u00f3 a los representantes del Ejecutivo a depositar la fe en el secretario de Energ\u00eda, Eduardo Rodr\u00edguez Chirillo, que expondr\u00e1 ma\u00f1ana: si no convence a los bloques, el oficialismo estar\u00eda dispuesto a analizar cambios, es decir, el regreso en segunda revisi\u00f3n a Diputados.<\/strong><\/p>\n\n\n\n<p>Tras varios cuestionamientos realizados por el Frente de Todos y el radicalismo, Guadalupe Tagliaferri (Pro) fue quien dio en la tecla y rompi\u00f3 el blindaje de la iniciativa que, con cierta holgura, realizaron hasta ese momento Francos y Rolandi. <strong>La legisladora porte\u00f1a apunt\u00f3 a la contradicci\u00f3n entre los art\u00edculos 163 y 222. En el \u00faltimo, invitan a las provincias a adherir al RIGI; en el otro, se da a entender que no importa ese paso en relaci\u00f3n con dicho sistema.<\/strong><\/p>\n\n\n\n<p><strong>\u201cNo parece ser la interpretaci\u00f3n que hace la mayor\u00eda. Les pedimos que nos den ma\u00f1ana, que viene el doctor Chirillo, para ver si podemos transmitir mejor nuestra posici\u00f3n\u201d, <\/strong>desliz\u00f3 Rolandi, que tambi\u00e9n dijo que \u201csi ma\u00f1ana vemos que no es suficiente, tomamos el punto de poder hacer una modificaci\u00f3n\u201d.<\/p>\n\n\n\n<p>Las declaraciones del funcionario fueron importantes en otro sector de su disertaci\u00f3n: prometi\u00f3 llevar el RIGI al plano local a trav\u00e9s de una amplia reforma tributaria que enviar\u00eda el Gobierno para consumar dicho objetivo en un plazo no mayor a 14 a\u00f1os.<\/p>\n\n\n\n<p>Rolandi fue uno de los pocos que sigui\u00f3 la negociaci\u00f3n art\u00edculo por art\u00edculo de la ley de bases recortada e hizo una descripci\u00f3n de la misma, ya que el paquete fiscal ser\u00e1 analizado ma\u00f1ana por la comisi\u00f3n de Presupuesto. A pesar de ello, enfatiz\u00f3 que el objetivo del proyecto tributario es<strong> \u201cdotar al fisco de recursos para seguir manteniendo el equilibrio fiscal de una forma sostenible\u201d, dado que el Ejecutivo entiende el \u201cesfuerzo\u201d de \u201ctoda la sociedad y el sector productivo\u201d.<\/strong><\/p>\n\n\n\n<p>Seguido a ello, expres\u00f3 que un pr\u00f3ximo paso del Ejecutivo libertario implicar\u00e1 una reforma impositiva \u201cque simplifique impuestos\u201d para que, \u201cen plazo no mayor a 14 a\u00f1os\u201d, el r\u00e9gimen general \u201cempiece a converger con el RIGI\u201d.<\/p>\n\n\n\n<p>Rolandi se refiri\u00f3 en otro tramo al pol\u00e9mico cap\u00edtulo del tabaco. <strong>En esa l\u00ednea, confi\u00f3 que el \u00fanico impuesto del 73% aprobado en Diputados \u201csolucionar\u00eda el problema de evasi\u00f3n o la falta de recaudaci\u00f3n y liberar\u00eda la cancha para todos los incumbentes\u201d.<\/strong><\/p>\n\n\n\n<p>Este tema fue uno de los \u00edtems que abraz\u00f3 el kirchnerismo para bloquear el inicio de la discusi\u00f3n. Fue a trav\u00e9s del jefe del Frente de Todos en la C\u00e1mara alta, Jos\u00e9 Mayans.<strong> Primero, se quej\u00f3 por la integraci\u00f3n de las comisiones; segundo, rechaz\u00f3 el env\u00edo de los proyectos de Diputados y la fe de erratas que lleg\u00f3 durante la jornada de hoy; y tercero, direccion\u00f3 la lupa a la denuncia de Uni\u00f3n por la Patria en Diputados sobre una votaci\u00f3n no tomada a legisladores en el pol\u00e9mico cap\u00edtulo del tabaco. <\/strong>El oficialismo no hizo lugar y continu\u00f3 con el c\u00f3nclave, aunque sumar\u00eda a sindicatos y a la Organizaci\u00f3n Internacional del Trabajo (OIT) por pedido de la bancada opositora y se demorar\u00eda la firma de dict\u00e1menes.<\/p>\n\n\n\n<p>Francos fue el primero en hablar: se refiri\u00f3 a los gobiernos que<strong> \u201ctuvieron que resolver problemas heredados\u201d y afirm\u00f3 que Javier Milei \u201cse encontr\u00f3 con la peor crisis de la historia de la democracia\u201d, con un Banco Central \u201csin un d\u00f3lar leg\u00edtimo y, por tanto, el pa\u00eds ten\u00eda paralizada en gran parte su producci\u00f3n\u201d. <\/strong>A ello le agreg\u00f3 las \u201cinflaciones absolutamente descontroladas\u201d.<\/p>\n\n\n\n<p>Luego, el funcionario relat\u00f3 el primer traspi\u00e9 en Diputados con la ley de bases -impericia oficialista durante el verano- y los consensos, modificaciones y eliminaciones de las \u00faltimas semanas para la aprobaci\u00f3n de dicho proyecto, junto al paquete fiscal.<\/p>\n\n\n\n<p>Francos destac\u00f3, como cuestiones principales, la reforma del Estado y las facultades delegadas -\u201dse han tratado desde que se sucedieron los gobiernos democr\u00e1ticos\u201d, sostuvo-; las privatizaciones -<strong>\u201dhay empresas que son deficitarias y podr\u00edan ser atendidas por el sector privado sin problema\u201d, <\/strong>se\u00f1al\u00f3-; la modernizaci\u00f3n de la ley de procedimientos administrativos -\u201ddespu\u00e9s de much\u00edsimos a\u00f1os, desde los \u201870\u2033, aclar\u00f3-; y la reformulaci\u00f3n de contratos actuales del Estado para grandes obras.<\/p>\n\n\n\n<p>El ministro sum\u00f3 el r\u00e9gimen de concesiones; blanqueo laboral; reformas en energ\u00eda, petr\u00f3leo y gas; el RIGI; y la desactivaci\u00f3n de moratorias. Sobre el \u00faltimo punto, advirti\u00f3: <strong>\u201cEl sistema previsional est\u00e1 desfinanciado, no tiene recursos. Seguir incorporando al sector gente que no tiene aportes ni condiciones no hace m\u00e1s que empeorar el actual sistema\u201d.<\/strong><\/p>\n\n\n\n<p>Sobre el final, Francos dej\u00f3 en claro el cap\u00edtulo sobre el tabaco fue retirado de la ley original por no tener consensos en el verano y que, en la \u00faltima sesi\u00f3n de la C\u00e1mara baja, se incluy\u00f3 \u201cpor un sector en el debate en el recinto\u201d. El funcionario ratific\u00f3 que estuvo en la votaci\u00f3n y no vio nada irregular.<\/p>\n\n\n\n<p>Tras su discurso, Mayans lo cruz\u00f3 por datos de inflaci\u00f3n y le consult\u00f3 sobre algunos dichos de Milei. <strong>\u201cNo creo que sea un nido de ratas\u201d, manifest\u00f3 Francos, y record\u00f3 al formose\u00f1o que la gesti\u00f3n kirchnerista de Alberto Fern\u00e1ndez le dej\u00f3 al Gobierno libertario una inflaci\u00f3n diaria de 1,5%.<\/strong><\/p>\n\n\n\n<p>Desde el radicalismo, el chaque\u00f1o V\u00edctor Zimmermann fij\u00f3 sus observaciones en la continuidad del beneficio de zona fr\u00eda y enlaz\u00f3 dudas sobre contratos vigentes que caer\u00edan, as\u00ed como inversiones en energ\u00eda el\u00e9ctrica. Y cuestion\u00f3 sobre un acueducto en su provincia al que le falta el 18% y mejorar\u00eda el 65% del agua potable del distrito. \u201c\u00bfC\u00f3mo pretenden llevar adelante esta cuesti\u00f3n?\u201d, pregunt\u00f3.<\/p>\n\n\n\n<p><strong>Francos tuvo que reconocer que \u201cno todas\u201d las obras \u201cse pueden hacer desde el sector privado\u201d, y conjetur\u00f3: \u201cCuando existan recursos, este a\u00f1o quiz\u00e1s podamos avanzar con alguna de ellas\u201d.<\/strong> En ese sentido, indic\u00f3 que ser\u00eda \u201cen los pr\u00f3ximos meses, de ac\u00e1 a fin de a\u00f1o\u201d. De esta manera, el Gobierno libertario ya admite que tendr\u00e1 que aportar millonarios recursos para reactivar la obra p\u00fablica.<\/p>\n\n\n\n<p>En tanto, el porte\u00f1o y titular del centenario partido, Mart\u00edn Lousteau, fue directo al RIGI con una lista de inquietudes t\u00e9cnicas y las asimetr\u00edas en comparaci\u00f3n con el lado local. Se encarg\u00f3 de solucionar eso el secretario de Hacienda, Carlos Guberman, que subray\u00f3: <strong>\u201cArgentina es mucho m\u00e1s caro que lo que pasa en Per\u00fa y Chile. El costo fiscal es de 55%, mientras que en Chile fueron de 35% el a\u00f1o pasado y ahora subieron al 43%. En Per\u00fa, es del 38-39%. Estamos mucho m\u00e1s caro. El RIGI lo llevar\u00eda al 35%, m\u00e1s o menos 36%,<\/strong> siempre y cuando las provincias acompa\u00f1en y no generen cargas adicionales sobre lo que estamos proponiendo. Si la provincia adhiere, la empresa va a poder tener los beneficios; si no, dif\u00edcilmente lo haga si no tiene esas garant\u00edas\u201d. Tiempo despu\u00e9s, Tagliaferri encendi\u00f3 las alarmas y rompi\u00f3 el cerco del Ejecutivo.<\/p>\n\n\n\n<p>Por el cristinismo, Oscar Parrilli llam\u00f3 la atenci\u00f3n sobre el principio de silencio de la administraci\u00f3n p\u00fablica relacionada con la ley de bases; un potencial pase de la legislaci\u00f3n penal al derecho administrativo; y asegur\u00f3 que con la iniciativa se podr\u00eda activar una industria del juicio a favor de empresas relacionadas con el Estado.<\/p>\n\n\n\n<p>M\u00e1s tarde, la peronista riojana y ex vicegobernadora Florencia L\u00f3pez enfoc\u00f3 la mira en la \u201cgravedad\u201d sobre la facultad para legislar que se depositar\u00eda en Milei con la ley bases -otros gobiernos tambi\u00e9n tuvieron- y <strong>se refiri\u00f3 a la \u201cconfianza quebrada\u201d del Ejecutivo por \u201creiterados incumplimientos que ha llevado hacia las provincias\u201d, por lo que es imposible dar \u201cuna carta en blanco\u201d al primer mandatario. Y sugiri\u00f3 a los funcionarios que \u201cvengan mejor preparados ma\u00f1ana, ya que no contestaron nada\u201d.<\/strong><\/p>\n\n\n\n<p>Desde el peronismo disidente, la cordobesa Alejandra Vigo hizo hincapi\u00e9, al igual que Tagliaferri, sobre la desactivaci\u00f3n de moratorias y la posibilidad de pensar una reforma integral del sistema jubilatorio -incluidos reg\u00edmenes especiales-, as\u00ed como los presupuestos universitarios.<\/p>\n\n\n\n<p>Ya ingresada la tarde-noche, el radical fueguino Pablo Blanco -rechaz\u00f3 el mega Decreto de Necesidad y Urgencia (DNU) que desregula la econom\u00eda-, <strong>requiri\u00f3 a Francos diera precisiones sobre el \u00faltimo art\u00edculo del paquete fiscal y las implicancias negativas a los beneficios impositivos para productos electr\u00f3nicos de su provincia que rigen en la actualidad. <\/strong>Y adelant\u00f3 que no acompa\u00f1ar\u00e1 las facultades delegadas que aparecen en la ley de bases.<\/p>\n\n\n\n<p><strong>Finalizada la primera jornada de debate, desde el oficialismo prefirieron no confirmar la obtenci\u00f3n de dict\u00e1menes pasado ma\u00f1ana. Tampoco lo descartaron. <\/strong>No es la opci\u00f3n que dej\u00f3, entre l\u00edneas, la discusi\u00f3n de esta tarde en el Senado. En paralelo, el radicalismo, que empuj\u00f3 eventuales modificaciones a las leyes, se reun\u00eda con sus gobernadores.<\/p>\n","protected":false},"excerpt":{"rendered":"<p>Lo desliz\u00f3 el segundo de jefatura de Gabinete, Jos\u00e9 Rolandi, tras observaciones de Guadalupe Tagliaferri (PRO). El kirchnerismo no pudo bloquear el debate, pero sumar\u00eda expositores y se complicar\u00eda la firma de dict\u00e1menes el jueves. El ministro del Interior, Guillermo Francos, y el segundo de jefatura de Gabinete, Jos\u00e9 Rolandi, defendieron este martes la ley [&hellip;]<\/p>\n","protected":false},"author":49,"featured_media":407733,"comment_status":"open","ping_status":"open","sticky":false,"template":"","format":"standard","meta":{"_stopmodifiedupdate":false,"_modified_date":"","inline_featured_image":false,"spay_email":"","jetpack_publicize_message":""},"categories":[2,501],"tags":[],"jetpack_featured_media_url":"https:\/\/notinor.com\/jujuy\/wp-content\/uploads\/2024\/05\/senado-1.jpg","jetpack_publicize_connections":[],"_links":{"self":[{"href":"https:\/\/notinor.com\/jujuy\/wp-json\/wp\/v2\/posts\/407732"}],"collection":[{"href":"https:\/\/notinor.com\/jujuy\/wp-json\/wp\/v2\/posts"}],"about":[{"href":"https:\/\/notinor.com\/jujuy\/wp-json\/wp\/v2\/types\/post"}],"author":[{"embeddable":true,"href":"https:\/\/notinor.com\/jujuy\/wp-json\/wp\/v2\/users\/49"}],"replies":[{"embeddable":true,"href":"https:\/\/notinor.com\/jujuy\/wp-json\/wp\/v2\/comments?post=407732"}],"version-history":[{"count":1,"href":"https:\/\/notinor.com\/jujuy\/wp-json\/wp\/v2\/posts\/407732\/revisions"}],"predecessor-version":[{"id":407734,"href":"https:\/\/notinor.com\/jujuy\/wp-json\/wp\/v2\/posts\/407732\/revisions\/407734"}],"wp:featuredmedia":[{"embeddable":true,"href":"https:\/\/notinor.com\/jujuy\/wp-json\/wp\/v2\/media\/407733"}],"wp:attachment":[{"href":"https:\/\/notinor.com\/jujuy\/wp-json\/wp\/v2\/media?parent=407732"}],"wp:term":[{"taxonomy":"category","embeddable":true,"href":"https:\/\/notinor.com\/jujuy\/wp-json\/wp\/v2\/categories?post=407732"},{"taxonomy":"post_tag","embeddable":true,"href":"https:\/\/notinor.com\/jujuy\/wp-json\/wp\/v2\/tags?post=407732"}],"curies":[{"name":"wp","href":"https:\/\/api.w.org\/{rel}","templated":true}]}}