{"id":407729,"date":"2024-05-07T21:46:22","date_gmt":"2024-05-08T00:46:22","guid":{"rendered":"https:\/\/notinor.com\/jujuy\/?p=407729"},"modified":"2024-05-07T21:46:24","modified_gmt":"2024-05-08T00:46:24","slug":"asumieron-nuevos-directivos-en-siete-unidades-hospitalarias-de-la-provincia","status":"publish","type":"post","link":"https:\/\/notinor.com\/jujuy\/asumieron-nuevos-directivos-en-siete-unidades-hospitalarias-de-la-provincia\/","title":{"rendered":"Asumieron nuevos directivos en siete unidades hospitalarias de la Provincia"},"content":{"rendered":"\n<p class=\"has-medium-font-size\"><strong><em>Hospitales Materno Infantil, Pablo Soria, CEN y CES cuentan con nuevos integrantes en la conducci\u00f3n directiva. En el interior, asumieron nuevos responsables de hospitales de El Talar, Fraile Pintado y Monterrico.<\/em><\/strong><\/p>\n\n\n\n<p><\/p>\n\n\n<div class=\"wp-block-image\">\n<figure class=\"aligncenter size-full\"><img decoding=\"async\" loading=\"lazy\" width=\"800\" height=\"450\" src=\"https:\/\/notinor.com\/jujuy\/wp-content\/uploads\/2024\/05\/nuevos-directivos-hospitales.jpg\" alt=\"\" class=\"wp-image-407730\" srcset=\"https:\/\/notinor.com\/jujuy\/wp-content\/uploads\/2024\/05\/nuevos-directivos-hospitales.jpg 800w, https:\/\/notinor.com\/jujuy\/wp-content\/uploads\/2024\/05\/nuevos-directivos-hospitales-649x365.jpg 649w, https:\/\/notinor.com\/jujuy\/wp-content\/uploads\/2024\/05\/nuevos-directivos-hospitales-500x280.jpg 500w, https:\/\/notinor.com\/jujuy\/wp-content\/uploads\/2024\/05\/nuevos-directivos-hospitales-768x432.jpg 768w, https:\/\/notinor.com\/jujuy\/wp-content\/uploads\/2024\/05\/nuevos-directivos-hospitales-750x422.jpg 750w\" sizes=\"(max-width: 800px) 100vw, 800px\" \/><\/figure><\/div>\n\n\n<p><\/p>\n\n\n\n<p>El Ministerio de Salud de Jujuy inform\u00f3 que se encuentran en funciones nuevos directivos en siete unidades hospitalarias de la capital y del interior de la provincia. <strong>Los profesionales designados cuentan con amplia trayectoria sanitaria y se suman para llevar adelante los ejes del Plan Estrat\u00e9gico de Salud II.<\/strong><\/p>\n\n\n\n<p>Respondiendo a lineamientos de trabajo propios de la gesti\u00f3n este lunes se realizaron los actos oficiales de asunci\u00f3n de nuevas autoridades en las mencionadas instituciones en San Salvador. <strong>De este modo, los m\u00e9dicos Marcelo Labarta y Jos\u00e9 Luis Aguilar, asumieron respectivamente como director y subdirector del Hospital Materno Infantil; la m\u00e9dica Adriana Sainz es nueva subdirectora del Hospital Pablo Soria; la m\u00e9dica Gladys Caz\u00f3n se encuentra al frente del Centro de Especialidades Norte (CEN) y el m\u00e9dico Rub\u00e9n V\u00e9liz se desempe\u00f1a como subdirector del Centro de Especialidades Sur (CES) \u2013 Hospital Dr. Carlos Snopek.<\/strong><\/p>\n\n\n\n<p>En tanto, en el interior de la provincia este martes se integraron oficialmente tres nuevos directores. <strong>La licenciada Mirta V\u00e9liz en la conducci\u00f3n del Hospital \u201cNuestra Sra. del Pilar\u201d de El Talar; la m\u00e9dica Alicia Araya en el Hospital \u201cPresb\u00edtero Escol\u00e1stico Zegada\u201d de Fraile Pintado y el m\u00e9dico Carlos Romero en el Hospital \u201cSan Isidro Labrador\u201d de Monterrico.<\/strong><\/p>\n\n\n\n<p>Agradeciendo especialmente a los directivos salientes y acompa\u00f1ando las designaciones de los nuevos funcionarios, el Subsecretario T\u00e9cnico Operativo, David Arias, sostuvo que <strong>\u201cse presenta un gran desaf\u00edo para cada uno de nuestros colegas que cuentan con entera confianza del se\u00f1or ministro, Gustavo Bouhid, y su equipo para continuar fortaleciendo el trabajo hasta aqu\u00ed realizado, continuar trabajando siempre para la comunidad y cumplir seguramente con nuevos objetivos y metas en materia sanitaria. Desde ya, el agradecimiento por asumir este compromiso y bienvenidos\u201d.<\/strong><\/p>\n","protected":false},"excerpt":{"rendered":"<p>Hospitales Materno Infantil, Pablo Soria, CEN y CES cuentan con nuevos integrantes en la conducci\u00f3n directiva. En el interior, asumieron nuevos responsables de hospitales de El Talar, Fraile Pintado y Monterrico. El Ministerio de Salud de Jujuy inform\u00f3 que se encuentran en funciones nuevos directivos en siete unidades hospitalarias de la capital y del interior [&hellip;]<\/p>\n","protected":false},"author":49,"featured_media":407730,"comment_status":"open","ping_status":"open","sticky":false,"template":"","format":"standard","meta":{"_stopmodifiedupdate":false,"_modified_date":"","inline_featured_image":false,"spay_email":"","jetpack_publicize_message":""},"categories":[2,514],"tags":[],"jetpack_featured_media_url":"https:\/\/notinor.com\/jujuy\/wp-content\/uploads\/2024\/05\/nuevos-directivos-hospitales.jpg","jetpack_publicize_connections":[],"_links":{"self":[{"href":"https:\/\/notinor.com\/jujuy\/wp-json\/wp\/v2\/posts\/407729"}],"collection":[{"href":"https:\/\/notinor.com\/jujuy\/wp-json\/wp\/v2\/posts"}],"about":[{"href":"https:\/\/notinor.com\/jujuy\/wp-json\/wp\/v2\/types\/post"}],"author":[{"embeddable":true,"href":"https:\/\/notinor.com\/jujuy\/wp-json\/wp\/v2\/users\/49"}],"replies":[{"embeddable":true,"href":"https:\/\/notinor.com\/jujuy\/wp-json\/wp\/v2\/comments?post=407729"}],"version-history":[{"count":1,"href":"https:\/\/notinor.com\/jujuy\/wp-json\/wp\/v2\/posts\/407729\/revisions"}],"predecessor-version":[{"id":407731,"href":"https:\/\/notinor.com\/jujuy\/wp-json\/wp\/v2\/posts\/407729\/revisions\/407731"}],"wp:featuredmedia":[{"embeddable":true,"href":"https:\/\/notinor.com\/jujuy\/wp-json\/wp\/v2\/media\/407730"}],"wp:attachment":[{"href":"https:\/\/notinor.com\/jujuy\/wp-json\/wp\/v2\/media?parent=407729"}],"wp:term":[{"taxonomy":"category","embeddable":true,"href":"https:\/\/notinor.com\/jujuy\/wp-json\/wp\/v2\/categories?post=407729"},{"taxonomy":"post_tag","embeddable":true,"href":"https:\/\/notinor.com\/jujuy\/wp-json\/wp\/v2\/tags?post=407729"}],"curies":[{"name":"wp","href":"https:\/\/api.w.org\/{rel}","templated":true}]}}