{"id":407640,"date":"2024-05-07T07:00:00","date_gmt":"2024-05-07T10:00:00","guid":{"rendered":"https:\/\/notinor.com\/jujuy\/?p=407640"},"modified":"2024-05-06T21:58:10","modified_gmt":"2024-05-07T00:58:10","slug":"proyecto-eco-eco-lanzo-sus-premios-literarios-y-de-fotografia","status":"publish","type":"post","link":"https:\/\/notinor.com\/jujuy\/proyecto-eco-eco-lanzo-sus-premios-literarios-y-de-fotografia\/","title":{"rendered":"Proyecto ECO ECO lanz\u00f3 sus premios literarios y de fotograf\u00eda"},"content":{"rendered":"\n<p class=\"has-medium-font-size\"><strong><em>Cuento, Poes\u00eda y Fotocr\u00f3nica son las categor\u00edas de los concursos 2024 de este proyecto que une arte y ecolog\u00eda. La convocatoria ya est\u00e1 abierta y se extiende hasta el 21 de junio.<\/em><\/strong><\/p>\n\n\n<div class=\"wp-block-image\">\n<figure class=\"aligncenter size-large\"><img decoding=\"async\" loading=\"lazy\" width=\"728\" height=\"480\" src=\"https:\/\/notinor.com\/jujuy\/wp-content\/uploads\/2024\/03\/literatura-728x480.jpg\" alt=\"\" class=\"wp-image-403484\" srcset=\"https:\/\/notinor.com\/jujuy\/wp-content\/uploads\/2024\/03\/literatura-728x480.jpg 728w, https:\/\/notinor.com\/jujuy\/wp-content\/uploads\/2024\/03\/literatura-554x365.jpg 554w, https:\/\/notinor.com\/jujuy\/wp-content\/uploads\/2024\/03\/literatura-768x506.jpg 768w, https:\/\/notinor.com\/jujuy\/wp-content\/uploads\/2024\/03\/literatura-750x494.jpg 750w, https:\/\/notinor.com\/jujuy\/wp-content\/uploads\/2024\/03\/literatura-1140x751.jpg 1140w, https:\/\/notinor.com\/jujuy\/wp-content\/uploads\/2024\/03\/literatura.jpg 1200w\" sizes=\"(max-width: 728px) 100vw, 728px\" \/><figcaption class=\"wp-element-caption\">Concurso de Cuento, Poes\u00eda y Fotocr\u00f3nica<\/figcaption><\/figure><\/div>\n\n\n<p>Proyecto ECO ECO acaba de lanzar sus concursos de Cuento, Poes\u00eda y Fotocr\u00f3nica. Las bases y condiciones se pueden consultar en <a href=\"http:\/\/proyectoecoeco.com\">proyectoecoeco.com<\/a> y la convocatoria, est\u00e1 abierta hasta el 21 de junio. <strong>Al igual que en la anterior edici\u00f3n, el eje tem\u00e1tico es el impacto de la extracci\u00f3n de petr\u00f3leo y gas: contaminaci\u00f3n, cambio clim\u00e1tico, destrucci\u00f3n de territorios y poblaciones. Proyecto ECO ECO tambi\u00e9n alienta a imaginar, en las obras, un futuro alternativo a este presente. Un futuro con buena energ\u00eda.<\/strong><\/p>\n\n\n\n<p>En cuanto a los jurados, Gabriela Cabez\u00f3n C\u00e1mara, Dolores Reyes y Michel Nieva elegir\u00e1n los cuentos ganadores; Gabriela Borrelli, Gabriela Bejerman y Marico Carmona, las poes\u00edas. Rodrigo Abd, Pablo Piovano y Rub\u00e9n Digilio definir\u00e1n el concurso de fotocr\u00f3nica.<\/p>\n\n\n\n<blockquote class=\"wp-block-quote\">\n<p>En cada una de las categor\u00edas, el primer premio ser\u00e1 de 600 mil pesos, el segundo de 500 mil y el tercero de 400 mil. <\/p>\n<\/blockquote>\n\n\n\n<p><strong>Proyecto ECO ECO se propone promover las manifestaciones art\u00edsticas que narran los impactos de la crisis planetaria y proyectar una visi\u00f3n alternativa de futuro. Durante 2023, realiz\u00f3 concursos de m\u00fasica, rap, cuento, poes\u00eda, humor gr\u00e1fico y memes.<\/strong><\/p>\n\n\n\n<p>Convoca a poner el foco en el petr\u00f3leo y el gas, porque la explotaci\u00f3n de hidrocarburos es la causa principal del cambio clim\u00e1tico: cuando consumimos estos combustibles f\u00f3siles, producimos di\u00f3xido de carbono (CO2), un gas invisible, sin olor, que se acumula en la atm\u00f3sfera, atrapando el calor del sol y, por lo tanto, modificando la temperatura de la Tierra.<\/p>\n\n\n\n<p><strong>Proyecto ECO ECO apela a los sentidos, para narrar con nuevos lenguajes, de manera sensible, lo que la ciencia, los activismos y el periodismo vienen comunicando con datos, investigaci\u00f3n, evidencia<\/strong>. Y apela a la imaginaci\u00f3n porque hace falta. Es necesario imaginar otras formas de habitar el mundo.<\/p>\n\n\n\n<p><strong>Contacto:<\/strong><\/p>\n\n\n\n<p>&nbsp;info@proyectoecoeco.com<\/p>\n","protected":false},"excerpt":{"rendered":"<p>Cuento, Poes\u00eda y Fotocr\u00f3nica son las categor\u00edas de los concursos 2024 de este proyecto que une arte y ecolog\u00eda. La convocatoria ya est\u00e1 abierta y se extiende hasta el 21 de junio. Proyecto ECO ECO acaba de lanzar sus concursos de Cuento, Poes\u00eda y Fotocr\u00f3nica. Las bases y condiciones se pueden consultar en proyectoecoeco.com y [&hellip;]<\/p>\n","protected":false},"author":53,"featured_media":403484,"comment_status":"open","ping_status":"open","sticky":false,"template":"","format":"standard","meta":{"_stopmodifiedupdate":false,"_modified_date":"","inline_featured_image":false,"spay_email":"","jetpack_publicize_message":""},"categories":[17],"tags":[4086,4088,4087,223],"jetpack_featured_media_url":"https:\/\/notinor.com\/jujuy\/wp-content\/uploads\/2024\/03\/literatura.jpg","jetpack_publicize_connections":[],"_links":{"self":[{"href":"https:\/\/notinor.com\/jujuy\/wp-json\/wp\/v2\/posts\/407640"}],"collection":[{"href":"https:\/\/notinor.com\/jujuy\/wp-json\/wp\/v2\/posts"}],"about":[{"href":"https:\/\/notinor.com\/jujuy\/wp-json\/wp\/v2\/types\/post"}],"author":[{"embeddable":true,"href":"https:\/\/notinor.com\/jujuy\/wp-json\/wp\/v2\/users\/53"}],"replies":[{"embeddable":true,"href":"https:\/\/notinor.com\/jujuy\/wp-json\/wp\/v2\/comments?post=407640"}],"version-history":[{"count":1,"href":"https:\/\/notinor.com\/jujuy\/wp-json\/wp\/v2\/posts\/407640\/revisions"}],"predecessor-version":[{"id":407641,"href":"https:\/\/notinor.com\/jujuy\/wp-json\/wp\/v2\/posts\/407640\/revisions\/407641"}],"wp:featuredmedia":[{"embeddable":true,"href":"https:\/\/notinor.com\/jujuy\/wp-json\/wp\/v2\/media\/403484"}],"wp:attachment":[{"href":"https:\/\/notinor.com\/jujuy\/wp-json\/wp\/v2\/media?parent=407640"}],"wp:term":[{"taxonomy":"category","embeddable":true,"href":"https:\/\/notinor.com\/jujuy\/wp-json\/wp\/v2\/categories?post=407640"},{"taxonomy":"post_tag","embeddable":true,"href":"https:\/\/notinor.com\/jujuy\/wp-json\/wp\/v2\/tags?post=407640"}],"curies":[{"name":"wp","href":"https:\/\/api.w.org\/{rel}","templated":true}]}}