{"id":407502,"date":"2024-05-03T08:05:00","date_gmt":"2024-05-03T11:05:00","guid":{"rendered":"https:\/\/notinor.com\/jujuy\/?p=407502"},"modified":"2024-05-03T09:53:08","modified_gmt":"2024-05-03T12:53:08","slug":"abelaira-lidia-esther","status":"publish","type":"post","link":"https:\/\/notinor.com\/jujuy\/abelaira-lidia-esther\/","title":{"rendered":"ABELAIRA, Lidia Esther"},"content":{"rendered":"\n<p><strong>Falleci\u00f3 el d\u00eda 01 de mayo de 2024, a hs. 08:00. C.A.S.R. y B.P., a la edad de 78 a\u00f1os. Su hijo: Hern\u00e1n Vicente Facetti; su hija pol\u00edtica: Sonia Edith Velazquez; sus nietos; sus hermanos; sus sobrinos y dem\u00e1s familiares participan con profundo dolor su fallecimiento y comunican que sus restos fueron inhumados ayer 02 de mayo en el cementerio Cristo Rey de la ciudad de San Pedro de Jujuy. FAE. Casa de duelo salas de Servicios Sociales Instituto del Norte SA. sita en V\u00e9lez Sarsfield 108. Servicio empresa La Piedad Salta 727 S.S.de Jujuy. Tel. 0388-4222487. L\u00ednea gratuita 0800-444-5274.<\/strong><\/p>\n","protected":false},"excerpt":{"rendered":"<p>Falleci\u00f3 el d\u00eda 01 de mayo de 2024, a hs. 08:00. C.A.S.R. y B.P., a la edad de 78 a\u00f1os. Su hijo: Hern\u00e1n Vicente Facetti; su hija pol\u00edtica: Sonia Edith Velazquez; sus nietos; sus hermanos; sus sobrinos y dem\u00e1s familiares participan con profundo dolor su fallecimiento y comunican que sus restos fueron inhumados ayer 02 [&hellip;]<\/p>\n","protected":false},"author":5,"featured_media":129720,"comment_status":"open","ping_status":"open","sticky":false,"template":"","format":"standard","meta":{"_stopmodifiedupdate":false,"_modified_date":"","inline_featured_image":false,"spay_email":"","jetpack_publicize_message":""},"categories":[523],"tags":[],"jetpack_featured_media_url":"https:\/\/notinor.com\/jujuy\/wp-content\/uploads\/2017\/08\/Obituarios1.jpg","jetpack_publicize_connections":[],"_links":{"self":[{"href":"https:\/\/notinor.com\/jujuy\/wp-json\/wp\/v2\/posts\/407502"}],"collection":[{"href":"https:\/\/notinor.com\/jujuy\/wp-json\/wp\/v2\/posts"}],"about":[{"href":"https:\/\/notinor.com\/jujuy\/wp-json\/wp\/v2\/types\/post"}],"author":[{"embeddable":true,"href":"https:\/\/notinor.com\/jujuy\/wp-json\/wp\/v2\/users\/5"}],"replies":[{"embeddable":true,"href":"https:\/\/notinor.com\/jujuy\/wp-json\/wp\/v2\/comments?post=407502"}],"version-history":[{"count":1,"href":"https:\/\/notinor.com\/jujuy\/wp-json\/wp\/v2\/posts\/407502\/revisions"}],"predecessor-version":[{"id":407503,"href":"https:\/\/notinor.com\/jujuy\/wp-json\/wp\/v2\/posts\/407502\/revisions\/407503"}],"wp:featuredmedia":[{"embeddable":true,"href":"https:\/\/notinor.com\/jujuy\/wp-json\/wp\/v2\/media\/129720"}],"wp:attachment":[{"href":"https:\/\/notinor.com\/jujuy\/wp-json\/wp\/v2\/media?parent=407502"}],"wp:term":[{"taxonomy":"category","embeddable":true,"href":"https:\/\/notinor.com\/jujuy\/wp-json\/wp\/v2\/categories?post=407502"},{"taxonomy":"post_tag","embeddable":true,"href":"https:\/\/notinor.com\/jujuy\/wp-json\/wp\/v2\/tags?post=407502"}],"curies":[{"name":"wp","href":"https:\/\/api.w.org\/{rel}","templated":true}]}}