{"id":407477,"date":"2024-05-03T00:10:48","date_gmt":"2024-05-03T03:10:48","guid":{"rendered":"https:\/\/notinor.com\/jujuy\/?p=407477"},"modified":"2024-05-03T00:10:50","modified_gmt":"2024-05-03T03:10:50","slug":"tras-la-media-sancion-en-la-camara-de-diputados-la-ley-bases-y-el-paquete-fiscal-ingresaron-al-senado","status":"publish","type":"post","link":"https:\/\/notinor.com\/jujuy\/tras-la-media-sancion-en-la-camara-de-diputados-la-ley-bases-y-el-paquete-fiscal-ingresaron-al-senado\/","title":{"rendered":"Tras la media sanci\u00f3n en la C\u00e1mara de Diputados, la Ley Bases y el paquete fiscal ingresaron al Senado"},"content":{"rendered":"\n<p class=\"has-medium-font-size\"><strong><em>Los proyectos llegaron a la C\u00e1mara Alta este jueves a \u00faltima hora y la pr\u00f3xima semana el oficialismo intentar\u00e1 obtener el dictamen de la iniciativa.<\/em><\/strong><\/p>\n\n\n\n<p><\/p>\n\n\n<div class=\"wp-block-image\">\n<figure class=\"aligncenter size-full\"><img decoding=\"async\" loading=\"lazy\" width=\"800\" height=\"450\" src=\"https:\/\/notinor.com\/jujuy\/wp-content\/uploads\/2024\/05\/senado.jpg\" alt=\"\" class=\"wp-image-407478\" srcset=\"https:\/\/notinor.com\/jujuy\/wp-content\/uploads\/2024\/05\/senado.jpg 800w, https:\/\/notinor.com\/jujuy\/wp-content\/uploads\/2024\/05\/senado-649x365.jpg 649w, https:\/\/notinor.com\/jujuy\/wp-content\/uploads\/2024\/05\/senado-500x280.jpg 500w, https:\/\/notinor.com\/jujuy\/wp-content\/uploads\/2024\/05\/senado-768x432.jpg 768w, https:\/\/notinor.com\/jujuy\/wp-content\/uploads\/2024\/05\/senado-750x422.jpg 750w\" sizes=\"(max-width: 800px) 100vw, 800px\" \/><\/figure><\/div>\n\n\n<p><\/p>\n\n\n\n<p><strong>Luego de la media sanci\u00f3n en Diputados, este jueves a \u00faltima hora de la noche ingresaron a la C\u00e1mara de Senadores de la Naci\u00f3n los proyectos de la Ley Bases y del paquete fiscal.<\/strong><\/p>\n\n\n\n<p><strong>La \u201cLey de Bases y Puntos de Partida Para la Libertad de los Argentinos\u201d y el \u201cR\u00e9gimen de Regularizaci\u00f3n Excepcional de Obligaciones Tributarias, Aduaneras y de Seguridad Social\u201d ingresaron oficialmente a las 21 horas tras ser corregidos luego del debate parlamentario que comenz\u00f3 el lunes al mediod\u00eda y concluy\u00f3 el martes por la tarde.<\/strong> La C\u00e1mara Alta deber\u00e1 organizar el tratamiento de ambas iniciativas para lograr sus sanciones definitivas.<\/p>\n\n\n\n<p><strong>La segunda versi\u00f3n del proyecto de ley Bases obtuvo la aprobaci\u00f3n en general en la C\u00e1mara de Diputados con 142 votos afirmativos (106 en contra), gracias al apoyo mayoritario de los bloques dialoguistas (PRO, UCR, Hacemos, Innovaci\u00f3n Federal y MPN). <\/strong>Mientras que el paquete fiscal obtuvo la media sanci\u00f3n en general con 140 votos afirmativos (103 negativos).<\/p>\n\n\n\n<p><strong>Ambas aprobaciones significaron para el Gobierno de Javier Milei la primera victoria en el Congreso. Pero para que sea total, la C\u00e1mara Alta deber\u00e1 tratar ambos documentos.<\/strong> Luego de oficializarse esta noche el ingreso de las iniciativas la semana pr\u00f3xima comenzar\u00e1 el tratamiento en la C\u00e1mara presidida por Victoria Villarruel.<\/p>\n\n\n\n<p><strong>All\u00ed, al oficialismo se le presenta en principio un escenario inicial algo optimista para gran parte de las iniciativas, pero con puntos clave que estar\u00edan delicados en cuanto a votos y una reinstauraci\u00f3n del impuesto a las Ganancias<\/strong> que, de replicarse los movimientos de fuerzas entre ambas C\u00e1maras, presentar\u00eda el peor panorama para su sanci\u00f3n definitiva. Es decir, potenciales cambios y regreso en segunda revisi\u00f3n a la C\u00e1mara baja.<\/p>\n\n\n\n<p><strong>El bloque de Uni\u00f3n por la Patria, que cuenta con 33 senadores sobre 72 y est\u00e1 a tan s\u00f3lo 4 del qu\u00f3rum propio, es el gran jugador en la C\u00e1mara Alta.<\/strong> Esa posici\u00f3n le deja poco margen de acci\u00f3n a La Libertad Avanza, que est\u00e1 obligado a lograr la adhesi\u00f3n de los 39 miembros restantes.<\/p>\n\n\n\n<p>En este marco, la expectativa est\u00e1 puesta en saber si habr\u00e1 una acci\u00f3n en espejo de parte de algunos senadores provinciales de UxP con sus coterr\u00e1neos en Diputados, donde acompa\u00f1aron al oficialismo en algunos tramos de la votaci\u00f3n; en especial en el R\u00e9gimen Impositivo de Grandes Inversiones (RIGI). En el peronismo entienden que no se les van a filtrar los votos de los legisladores de Salta como pas\u00f3 en la C\u00e1mara Baja. <strong>El senador salte\u00f1o Sergio Leavy ya dijo p\u00fablicamente que no sigue la l\u00ednea de los legisladores provinciales y que votar\u00e1 en contra. La otra senadora salte\u00f1a es Nora del Valle Gim\u00e9nez, que tampoco respaldar\u00eda la iniciativa.<\/strong><\/p>\n\n\n\n<p>En tanto, este jueves la senadora catamarque\u00f1a Luc\u00eda Corpacci adelant\u00f3 su intenci\u00f3n de votar en contra de la Ley Bases, a pesar del pedido del gobernador de dicha provincia, Ra\u00fal Jalil.<\/p>\n\n\n\n<p>M\u00e1s all\u00e1 de que el kirchnerismo logre ordenarse para bloquear ambas leyes, necesita de dos aliados circunstanciales. En ese sentido, cobran relevancia Juntos Somos R\u00edo Negro (1 senador), Cambio Federal (4), Unidad Federal (3), Por Santa Cruz (2) y el Frente Renovador de la Concordia (2). <strong>En esa pecera de 12 votos es donde tiene que conseguir los 4 que le aseguren, como m\u00ednimo, cambios en el texto de las leyes que ya tienen media sanci\u00f3n. Y a\u00fan hay dudas con el bloque de la UCR, que con 13 legisladores es la segunda bancada en importancia pero se muestra con bastantes disidencias internas.<\/strong><\/p>\n\n\n\n<p>Frente a este panorama, el Poder Ejecutivo enviar\u00e1 al Senado a los funcionarios que estuvieron encima del articulado para su aprobaci\u00f3n en Diputados, con el objetivo de defender ambas iniciativas entre el martes y jueves de la semana pr\u00f3xima. <strong>El oficialismo intentar\u00e1 ese d\u00eda, como escenario ideal, dictaminar los proyectos y dejarlos listos para la sesi\u00f3n en el Senado.<\/strong><\/p>\n","protected":false},"excerpt":{"rendered":"<p>Los proyectos llegaron a la C\u00e1mara Alta este jueves a \u00faltima hora y la pr\u00f3xima semana el oficialismo intentar\u00e1 obtener el dictamen de la iniciativa. Luego de la media sanci\u00f3n en Diputados, este jueves a \u00faltima hora de la noche ingresaron a la C\u00e1mara de Senadores de la Naci\u00f3n los proyectos de la Ley Bases [&hellip;]<\/p>\n","protected":false},"author":49,"featured_media":407478,"comment_status":"open","ping_status":"open","sticky":false,"template":"","format":"standard","meta":{"_stopmodifiedupdate":false,"_modified_date":"","inline_featured_image":false,"spay_email":"","jetpack_publicize_message":""},"categories":[2,501],"tags":[],"jetpack_featured_media_url":"https:\/\/notinor.com\/jujuy\/wp-content\/uploads\/2024\/05\/senado.jpg","jetpack_publicize_connections":[],"_links":{"self":[{"href":"https:\/\/notinor.com\/jujuy\/wp-json\/wp\/v2\/posts\/407477"}],"collection":[{"href":"https:\/\/notinor.com\/jujuy\/wp-json\/wp\/v2\/posts"}],"about":[{"href":"https:\/\/notinor.com\/jujuy\/wp-json\/wp\/v2\/types\/post"}],"author":[{"embeddable":true,"href":"https:\/\/notinor.com\/jujuy\/wp-json\/wp\/v2\/users\/49"}],"replies":[{"embeddable":true,"href":"https:\/\/notinor.com\/jujuy\/wp-json\/wp\/v2\/comments?post=407477"}],"version-history":[{"count":1,"href":"https:\/\/notinor.com\/jujuy\/wp-json\/wp\/v2\/posts\/407477\/revisions"}],"predecessor-version":[{"id":407479,"href":"https:\/\/notinor.com\/jujuy\/wp-json\/wp\/v2\/posts\/407477\/revisions\/407479"}],"wp:featuredmedia":[{"embeddable":true,"href":"https:\/\/notinor.com\/jujuy\/wp-json\/wp\/v2\/media\/407478"}],"wp:attachment":[{"href":"https:\/\/notinor.com\/jujuy\/wp-json\/wp\/v2\/media?parent=407477"}],"wp:term":[{"taxonomy":"category","embeddable":true,"href":"https:\/\/notinor.com\/jujuy\/wp-json\/wp\/v2\/categories?post=407477"},{"taxonomy":"post_tag","embeddable":true,"href":"https:\/\/notinor.com\/jujuy\/wp-json\/wp\/v2\/tags?post=407477"}],"curies":[{"name":"wp","href":"https:\/\/api.w.org\/{rel}","templated":true}]}}