{"id":407455,"date":"2024-05-03T08:00:00","date_gmt":"2024-05-03T11:00:00","guid":{"rendered":"https:\/\/notinor.com\/jujuy\/?p=407455"},"modified":"2024-05-02T19:13:17","modified_gmt":"2024-05-02T22:13:17","slug":"la-casa-rosada-busca-frenar-las-tasas-municipales-a-la-nafta","status":"publish","type":"post","link":"https:\/\/notinor.com\/jujuy\/la-casa-rosada-busca-frenar-las-tasas-municipales-a-la-nafta\/","title":{"rendered":"La Casa Rosada busca frenar las tasas municipales a la nafta"},"content":{"rendered":"\n<p class=\"has-medium-font-size\"><strong><em>El Gobierno sali\u00f3 a criticar a los intendentes bonaerenses y busca frenar las tasas municipales a la nafta. El vocero presidencial, Manuel Adorni, dijo en conferencia de prensa en Casa Rosada que analizan alternativas para dejar sin efecto las medidas que dispusieron los jefes comunales. \u201cEs un abuso para recaudar\u201d, afirm\u00f3.<\/em><\/strong><\/p>\n\n\n<div class=\"wp-block-image\">\n<figure class=\"aligncenter size-large\"><img decoding=\"async\" loading=\"lazy\" width=\"840\" height=\"472\" src=\"https:\/\/notinor.com\/jujuy\/wp-content\/uploads\/2023\/12\/manuel-adorni-1716853-840x472.webp\" alt=\"\" class=\"wp-image-398225\" srcset=\"https:\/\/notinor.com\/jujuy\/wp-content\/uploads\/2023\/12\/manuel-adorni-1716853-840x472.webp 840w, https:\/\/notinor.com\/jujuy\/wp-content\/uploads\/2023\/12\/manuel-adorni-1716853-649x365.webp 649w, https:\/\/notinor.com\/jujuy\/wp-content\/uploads\/2023\/12\/manuel-adorni-1716853-500x280.webp 500w, https:\/\/notinor.com\/jujuy\/wp-content\/uploads\/2023\/12\/manuel-adorni-1716853-768x432.webp 768w, https:\/\/notinor.com\/jujuy\/wp-content\/uploads\/2023\/12\/manuel-adorni-1716853-750x422.webp 750w, https:\/\/notinor.com\/jujuy\/wp-content\/uploads\/2023\/12\/manuel-adorni-1716853.webp 987w\" sizes=\"(max-width: 840px) 100vw, 840px\" \/><figcaption class=\"wp-element-caption\">Manuel Adorni<\/figcaption><\/figure><\/div>\n\n\n<p><strong>El vocero presidencial Manuel Adorni dijo que analizan alternativas para dejar sin efecto las medidas que dispusieron los jefes comunales. \u201cEs un abuso para recaudar\u201d, afirm\u00f3. <\/strong><\/p>\n\n\n\n<p>El vocero presidencial dijo: \u201cHemos notado cierta proliferaci\u00f3n de varios municipios que intentan cobrar nuevas tasas a trav\u00e9s de, por ejemplo, los tickets de combustibles. Estamos terminando de evaluar todas las alternativas que tenemos disposici\u00f3n para que deje de ocurrir, que no pase\u201d.<\/p>\n\n\n\n<p><strong>Adorni critic\u00f3: \u201cEs un abuso, tienen cautiva a la gente para cobrarles o recaudar una tasa municipal que nada tiene que ver con la carga de combustibles, y dejan atada a la gente a tener que abonar la tasa compulsivamente a trav\u00e9s del ticket. En este caso, como dec\u00eda como ejemplo, de combustible\u201d.<\/strong><\/p>\n\n\n\n<p><strong>Cada vez m\u00e1s municipios cobran un impuesto sobre los combustibles<\/strong><\/p>\n\n\n\n<p>El plan de ajuste que puso en marcha el Gobierno implic\u00f3 un fuerte recorte sobre las cuentas provinciales y municipales que llev\u00f3 a que los intendentes rearmen sus estrategias para subir la recaudaci\u00f3n. Entre esos planes, hay uno que se viene extendiendo: es el cobro de la tasa vial que grava los precios de los combustibles.<\/p>\n\n\n\n<blockquote class=\"wp-block-quote\">\n<p>La tasa vial es un gravamen que se cobra en algunos municipios de todo el pa\u00eds por la venta de cada litro de combustible o metro c\u00fabico de GNC, y generalmente, lo que ingresa por ese tributo se destina a gastos de infraestructura.<\/p>\n<\/blockquote>\n\n\n\n<p>De acuerdo a un relevamiento del sector que representa a las estaciones de servicio hay unos 20 municipios que cobran la tasa vial: <strong>Vicente L\u00f3pez, San Isidro, San Fernando, Tigre, Jos\u00e9 C. Paz, Hurlingham, Malvinas Argentinas, Ituzaing\u00f3, General Rodr\u00edguez, Merlo, Florencio Varela, Avellaneda, San Vicente, Quilmes, Almirante Brown, Pilar, Marcos Paz, Las Heras y Jun\u00edn. Se suman localidades como Berazategui y Mar del Plata, que fij\u00f3 en febrero la \u201cTasa Vial de Mantenimiento de la Red Vial Urbana Municipal\u201d.<\/strong><\/p>\n\n\n\n<p>En estos casos la tasa oscila entre el 1,5% y el 2,5%, o tambi\u00e9n se aplica un recargo fijo, por lo cual este \u00edtem ensancha a\u00fan m\u00e1s la diferencia entre los precios de venta al consumidor de acuerdo con el lugar en el que se realice la carga de combustible.<\/p>\n\n\n\n<p>La aplicaci\u00f3n de la tasa vial gener\u00f3 disidencias entre los propios intendentes, ya que hubo algunos casos que decidieron diferenciarse y eliminar ese recargo, como Mor\u00f3n, Esteban Echeverr\u00eda y Tres de Febrero, ya que consideran que quedan en \u201cdesventaja\u201d respecto de otras ciudades.<\/p>\n\n\n\n<p><strong>Pero sobre todo provoc\u00f3 malestar entre los empresarios del sector porque consideran que suma un elemento m\u00e1s a la estructura de costos y desalienta el consumo en las combustibles. <\/strong>\u201cEl avance de esta recaudaci\u00f3n por parte de diversos municipios resulta perjudicial a las estaciones de servicio, ya que ocasiona mayores cargos administrativos al tener que afectar recursos para percibir y liquidar para el fisco municipal\u201d, explicaron desde las c\u00e1maras que representan a las estaciones de servicio.<\/p>\n","protected":false},"excerpt":{"rendered":"<p>El Gobierno sali\u00f3 a criticar a los intendentes bonaerenses y busca frenar las tasas municipales a la nafta. El vocero presidencial, Manuel Adorni, dijo en conferencia de prensa en Casa Rosada que analizan alternativas para dejar sin efecto las medidas que dispusieron los jefes comunales. \u201cEs un abuso para recaudar\u201d, afirm\u00f3. El vocero presidencial Manuel [&hellip;]<\/p>\n","protected":false},"author":53,"featured_media":398225,"comment_status":"open","ping_status":"open","sticky":false,"template":"","format":"standard","meta":{"_stopmodifiedupdate":false,"_modified_date":"","inline_featured_image":false,"spay_email":"","jetpack_publicize_message":""},"categories":[5],"tags":[1375,4076],"jetpack_featured_media_url":"https:\/\/notinor.com\/jujuy\/wp-content\/uploads\/2023\/12\/manuel-adorni-1716853.webp","jetpack_publicize_connections":[],"_links":{"self":[{"href":"https:\/\/notinor.com\/jujuy\/wp-json\/wp\/v2\/posts\/407455"}],"collection":[{"href":"https:\/\/notinor.com\/jujuy\/wp-json\/wp\/v2\/posts"}],"about":[{"href":"https:\/\/notinor.com\/jujuy\/wp-json\/wp\/v2\/types\/post"}],"author":[{"embeddable":true,"href":"https:\/\/notinor.com\/jujuy\/wp-json\/wp\/v2\/users\/53"}],"replies":[{"embeddable":true,"href":"https:\/\/notinor.com\/jujuy\/wp-json\/wp\/v2\/comments?post=407455"}],"version-history":[{"count":1,"href":"https:\/\/notinor.com\/jujuy\/wp-json\/wp\/v2\/posts\/407455\/revisions"}],"predecessor-version":[{"id":407456,"href":"https:\/\/notinor.com\/jujuy\/wp-json\/wp\/v2\/posts\/407455\/revisions\/407456"}],"wp:featuredmedia":[{"embeddable":true,"href":"https:\/\/notinor.com\/jujuy\/wp-json\/wp\/v2\/media\/398225"}],"wp:attachment":[{"href":"https:\/\/notinor.com\/jujuy\/wp-json\/wp\/v2\/media?parent=407455"}],"wp:term":[{"taxonomy":"category","embeddable":true,"href":"https:\/\/notinor.com\/jujuy\/wp-json\/wp\/v2\/categories?post=407455"},{"taxonomy":"post_tag","embeddable":true,"href":"https:\/\/notinor.com\/jujuy\/wp-json\/wp\/v2\/tags?post=407455"}],"curies":[{"name":"wp","href":"https:\/\/api.w.org\/{rel}","templated":true}]}}