{"id":407267,"date":"2024-04-30T08:00:00","date_gmt":"2024-04-30T11:00:00","guid":{"rendered":"https:\/\/notinor.com\/jujuy\/?p=407267"},"modified":"2024-04-29T15:33:12","modified_gmt":"2024-04-29T18:33:12","slug":"el-presidente-espanol-pedro-sanchez-anuncia-que-no-dimitira-tras-las-acusaciones-contra-su-esposa","status":"publish","type":"post","link":"https:\/\/notinor.com\/jujuy\/el-presidente-espanol-pedro-sanchez-anuncia-que-no-dimitira-tras-las-acusaciones-contra-su-esposa\/","title":{"rendered":"El presidente espa\u00f1ol, Pedro S\u00e1nchez, anuncia que no dimitir\u00e1 tras las acusaciones contra su esposa"},"content":{"rendered":"\n<p class=\"has-medium-font-size\"><strong><em>El presidente Pedro S\u00e1nchez anunci\u00f3  que seguir\u00e1 al frente del gobierno de Espa\u00f1a, tras cinco d\u00edas de especulaciones sobre su futuro.<\/em><\/strong><\/p>\n\n\n<div class=\"wp-block-image\">\n<figure class=\"aligncenter size-full\"><img decoding=\"async\" loading=\"lazy\" width=\"800\" height=\"450\" src=\"https:\/\/notinor.com\/jujuy\/wp-content\/uploads\/2024\/04\/58342a90-060d-11ef-82e8-cd354766a224.jpg\" alt=\"\" class=\"wp-image-407268\" srcset=\"https:\/\/notinor.com\/jujuy\/wp-content\/uploads\/2024\/04\/58342a90-060d-11ef-82e8-cd354766a224.jpg 800w, https:\/\/notinor.com\/jujuy\/wp-content\/uploads\/2024\/04\/58342a90-060d-11ef-82e8-cd354766a224-649x365.jpg 649w, https:\/\/notinor.com\/jujuy\/wp-content\/uploads\/2024\/04\/58342a90-060d-11ef-82e8-cd354766a224-500x280.jpg 500w, https:\/\/notinor.com\/jujuy\/wp-content\/uploads\/2024\/04\/58342a90-060d-11ef-82e8-cd354766a224-768x432.jpg 768w, https:\/\/notinor.com\/jujuy\/wp-content\/uploads\/2024\/04\/58342a90-060d-11ef-82e8-cd354766a224-750x422.jpg 750w\" sizes=\"(max-width: 800px) 100vw, 800px\" \/><figcaption class=\"wp-element-caption\">Pedro S\u00e1nchez<\/figcaption><\/figure><\/div>\n\n\n<p><strong>La semana pasada, S\u00e1nchez anunci\u00f3 que cancelar\u00eda todos sus compromisos oficiales despu\u00e9s de que un tribunal abriera una investigaci\u00f3n inicial sobre su esposa, Bego\u00f1a G\u00f3mez, por acusaciones de tr\u00e1fico de influencias<\/strong>. S\u00e1nchez, que ha estado en el poder desde 2018, calific\u00f3 las acusaciones como una campa\u00f1a de acoso orquestada por medios de derecha.<\/p>\n\n\n\n<p>\u201cMi mujer y yo sabemos que esta campa\u00f1a de descr\u00e9dito no parar\u00e1, llevamos 10 a\u00f1os sufri\u00e9ndola\u201d, dijo S\u00e1nchez. \u201cPodemos con ella\u201d, agreg\u00f3. Las acusaciones contra Bego\u00f1a G\u00f3mez fueron presentadas por la organizaci\u00f3n Manos Limpias, liderada por un hombre vinculado a la extrema derecha llamado Miguel Bernad.<\/p>\n\n\n\n<p><strong>La denuncia<\/strong><br>La denuncia admitida por un juzgado en Madrid contra Bego\u00f1a G\u00f3mez afirma que \"prevali\u00e9ndose de su relaci\u00f3n con el presidente del gobierno, habr\u00eda recomendado o avalado por carta de recomendaci\u00f3n con su firma a empresarios que se presentan a licitaciones p\u00fablicas\".<\/p>\n\n\n\n<p><strong>El escrito se\u00f1ala tambi\u00e9n que una de las empresas que obtuvo fondos p\u00fablicos organiz\u00f3 a\u00f1os despu\u00e9s una maestr\u00eda en un programa universitario que ella dirige y que otra de ellas, la aerol\u00ednea Air Europa, acept\u00f3 destinar fondos para un centro de innovaci\u00f3n en \u00c1frica que tambi\u00e9n estuvo a cargo de la esposa de S\u00e1nchez.<\/strong><\/p>\n\n\n\n<p>Cuando se dio a conocer la denuncia, el presidente asegur\u00f3 que su esposa se defender\u00e1 en los tribunales de unos \"hechos tan aparentemente escandalosos como inconsistentes\".<\/p>\n\n\n\n<blockquote class=\"wp-block-quote\">\n<p>El jueves, la fiscal\u00eda de Madrid pidi\u00f3 que se archivara la investigaci\u00f3n por falta de pruebas.<\/p>\n<\/blockquote>\n\n\n\n<p>Manos Limpias tambi\u00e9n reconoci\u00f3 que las acusaciones podr\u00edan ser incorrectas porque se basaban en art\u00edculos de peri\u00f3dicos en l\u00ednea, uno de los cuales ya ha demostrado ser falso.<\/p>\n\n\n\n<p><strong>Manos Limpias ha ganado notoriedad a base de presentar denuncias judiciales sobre supuestos casos de corrupci\u00f3n pol\u00edtica que con frecuencia han acabado archivadas.<\/strong><\/p>\n\n\n\n<p>FUENTE BBC.COM<\/p>\n","protected":false},"excerpt":{"rendered":"<p>El presidente Pedro S\u00e1nchez anunci\u00f3 que seguir\u00e1 al frente del gobierno de Espa\u00f1a, tras cinco d\u00edas de especulaciones sobre su futuro. La semana pasada, S\u00e1nchez anunci\u00f3 que cancelar\u00eda todos sus compromisos oficiales despu\u00e9s de que un tribunal abriera una investigaci\u00f3n inicial sobre su esposa, Bego\u00f1a G\u00f3mez, por acusaciones de tr\u00e1fico de influencias. S\u00e1nchez, que ha [&hellip;]<\/p>\n","protected":false},"author":53,"featured_media":407268,"comment_status":"open","ping_status":"open","sticky":false,"template":"","format":"standard","meta":{"_stopmodifiedupdate":false,"_modified_date":"","inline_featured_image":false,"spay_email":"","jetpack_publicize_message":""},"categories":[6],"tags":[4059,4060,4061],"jetpack_featured_media_url":"https:\/\/notinor.com\/jujuy\/wp-content\/uploads\/2024\/04\/58342a90-060d-11ef-82e8-cd354766a224.jpg","jetpack_publicize_connections":[],"_links":{"self":[{"href":"https:\/\/notinor.com\/jujuy\/wp-json\/wp\/v2\/posts\/407267"}],"collection":[{"href":"https:\/\/notinor.com\/jujuy\/wp-json\/wp\/v2\/posts"}],"about":[{"href":"https:\/\/notinor.com\/jujuy\/wp-json\/wp\/v2\/types\/post"}],"author":[{"embeddable":true,"href":"https:\/\/notinor.com\/jujuy\/wp-json\/wp\/v2\/users\/53"}],"replies":[{"embeddable":true,"href":"https:\/\/notinor.com\/jujuy\/wp-json\/wp\/v2\/comments?post=407267"}],"version-history":[{"count":1,"href":"https:\/\/notinor.com\/jujuy\/wp-json\/wp\/v2\/posts\/407267\/revisions"}],"predecessor-version":[{"id":407269,"href":"https:\/\/notinor.com\/jujuy\/wp-json\/wp\/v2\/posts\/407267\/revisions\/407269"}],"wp:featuredmedia":[{"embeddable":true,"href":"https:\/\/notinor.com\/jujuy\/wp-json\/wp\/v2\/media\/407268"}],"wp:attachment":[{"href":"https:\/\/notinor.com\/jujuy\/wp-json\/wp\/v2\/media?parent=407267"}],"wp:term":[{"taxonomy":"category","embeddable":true,"href":"https:\/\/notinor.com\/jujuy\/wp-json\/wp\/v2\/categories?post=407267"},{"taxonomy":"post_tag","embeddable":true,"href":"https:\/\/notinor.com\/jujuy\/wp-json\/wp\/v2\/tags?post=407267"}],"curies":[{"name":"wp","href":"https:\/\/api.w.org\/{rel}","templated":true}]}}