{"id":407089,"date":"2024-04-25T18:50:00","date_gmt":"2024-04-25T21:50:00","guid":{"rendered":"https:\/\/notinor.com\/jujuy\/?p=407089"},"modified":"2024-04-25T18:50:02","modified_gmt":"2024-04-25T21:50:02","slug":"caputo-les-sugirio-una-propuesta-a-los-empresarios-para-que-el-gobierno-pueda-bajar-los-impuestos","status":"publish","type":"post","link":"https:\/\/notinor.com\/jujuy\/caputo-les-sugirio-una-propuesta-a-los-empresarios-para-que-el-gobierno-pueda-bajar-los-impuestos\/","title":{"rendered":"Caputo les sugiri\u00f3 una propuesta a los empresarios para que el Gobierno pueda bajar los impuestos"},"content":{"rendered":"\n<p class=\"has-medium-font-size\"><strong><em>El funcionario se reuni\u00f3 con un grupo de ejecutivos\u00a0en privado para ratificar el rumbo cambiario y tuvo buena recepci\u00f3n.<\/em><\/strong><\/p>\n\n\n\n<p><\/p>\n\n\n<div class=\"wp-block-image\">\n<figure class=\"aligncenter size-full\"><img decoding=\"async\" loading=\"lazy\" width=\"800\" height=\"450\" src=\"https:\/\/notinor.com\/jujuy\/wp-content\/uploads\/2024\/04\/luis-caputo-1.jpg\" alt=\"\" class=\"wp-image-407090\" srcset=\"https:\/\/notinor.com\/jujuy\/wp-content\/uploads\/2024\/04\/luis-caputo-1.jpg 800w, https:\/\/notinor.com\/jujuy\/wp-content\/uploads\/2024\/04\/luis-caputo-1-649x365.jpg 649w, https:\/\/notinor.com\/jujuy\/wp-content\/uploads\/2024\/04\/luis-caputo-1-500x280.jpg 500w, https:\/\/notinor.com\/jujuy\/wp-content\/uploads\/2024\/04\/luis-caputo-1-768x432.jpg 768w, https:\/\/notinor.com\/jujuy\/wp-content\/uploads\/2024\/04\/luis-caputo-1-750x422.jpg 750w\" sizes=\"(max-width: 800px) 100vw, 800px\" \/><\/figure><\/div>\n\n\n<p><\/p>\n\n\n\n<p><strong>El ministro Luis Caputo se reuni\u00f3 en forma reservada con un grupo de empresarios a los que les sugiri\u00f3 que bajen los precios para vender m\u00e1s, al reafirmar que el tipo de cambio se mantendr\u00e1 estable.<\/strong><\/p>\n\n\n\n<p>El encuentro transcurri\u00f3 con intercambios positivos y ninguna queja, pese a la fuerte recesi\u00f3n imperante. La organizaci\u00f3n estuvo a cargo de una entidad que realiza desayunos y otros encuentros entre empresarios y funcionarios en forma habitual.<\/p>\n\n\n\n<p><strong>El mensaje principal del ministro del gobierno de Javier Milei fue, como ya lo hab\u00eda dicho p\u00fablicamente, que la mayor\u00eda de los precios se fijaron con la idea de que el d\u00f3lar llegar\u00eda a $2.000 si ganaba el entonces candidato libertario a la presidencia. <\/strong>Y, al igual que lo se\u00f1al\u00f3 el propio presidente, pese a que el d\u00f3lar se estabiliz\u00f3, los precios no bajaron lo suficiente.<\/p>\n\n\n\n<p><strong>Por este motivo, el ministro les subray\u00f3 a los empresarios presentes en el c\u00f3nclave que deben bajar los precios para poder vender dado que la gente no puede comprar con estos valores (en un contexto de ca\u00edda real de los ingresos).<\/strong> Si lo hicieran, destac\u00f3, podr\u00edan aumentar sus ventas y, por lo tanto, se dar\u00eda un c\u00edrculo virtuoso de incremento de la recaudaci\u00f3n y una mayor rapidez para alcanzar el super\u00e1vit fiscal comprometido ante el Fondo Monetario Internacional (FMI).<\/p>\n\n\n\n<p><strong>Por lo tanto, en ese escenario, ser\u00eda m\u00e1s factible reducir los impuestos, tal como se comprometi\u00f3 el presidente Milei, <\/strong>pese a que el objetivo preliminar del Gobierno en este contexto es alcanzar el equilibrio de las cuentas p\u00fablicas para reducir la inflaci\u00f3n.<\/p>\n\n\n\n<p class=\"has-medium-font-size\"><strong>La negociaci\u00f3n con el FMI<\/strong><\/p>\n\n\n\n<p>El ministro, que horas antes hab\u00eda regresado de Washington, donde particip\u00f3 de la asamblea de la primavera boreal del FMI y el Banco Mundial, <strong>no les dio precisiones sobre la posibilidad de conseguir fondos frescos por parte de los organismos multilaterales, ni sobre potenciales negociaciones con bancos privados para conseguir un cr\u00e9dito.<\/strong><\/p>\n\n\n\n<p>Sin embargo, el humor fue bueno entre los asistentes, porque el funcionario se mostr\u00f3 dispuesto a responder todas las preguntas y, tal como lo hizo Milei en el Foro Llao, los alent\u00f3 a invertir en un contexto de freno a la emisi\u00f3n monetaria con la consecuente ca\u00edda de la tasa de inflaci\u00f3n, que de todos modos todav\u00eda permanece en un nivel muy alto. <strong>De hecho, la Argentina se ubica c\u00f3moda en el primer puesto del ranking mundial de inflaci\u00f3n, por encima de Venezuela y el L\u00edbano y, por supuesto, arriba del resto de Am\u00e9rica latina.<\/strong><\/p>\n\n\n\n<p><strong>La \u00fanica duda que les qued\u00f3 a los empresarios, que no se manifest\u00f3 ante Caputo es, si la estabilidad del d\u00f3lar lleg\u00f3 para quedarse o si se trata de un fen\u00f3meno pasajero<\/strong> y que, cuando deban reponer productos, no tendr\u00e1n que pagarlos m\u00e1s caro que ahora, un fen\u00f3meno que se dio meses atr\u00e1s cuando no se sab\u00eda cu\u00e1l era el precio real de la divisa norteamericana. Para los empresarios, que se apruebe la ley Bases y el paquete fiscal ser\u00eda una se\u00f1al positiva de sustentabilidad.<\/p>\n\n\n\n<p>En otras conversaciones, el ministro admiti\u00f3 que el razonamiento de los empresarios al subir mucho los precios en la transici\u00f3n presidencial pod\u00eda tener cierta l\u00f3gica porque no se sab\u00eda qu\u00e9 rumbo tomar\u00eda el nuevo gobierno, pero reafirm\u00f3 que la pol\u00edtica econ\u00f3mica no convalidar\u00e1 una nueva devaluaci\u00f3n fuerte. <strong>En la misma sinton\u00eda, varias veces el propio presidente neg\u00f3 que haya una situaci\u00f3n de atraso cambiario y tambi\u00e9n reafirm\u00f3 que no habr\u00e1 una depreciaci\u00f3n, pese a que varios expertos sostienen lo contrario.<\/strong><\/p>\n\n\n\n<p>Milei est\u00e1 conforme con el ritmo del descenso de los precios y muy cerca de \u00e9l indicaron que la inflaci\u00f3n n\u00facleo \u2013que no toma en cuenta los precios regulados y estacionales- este mes se ubica en un d\u00edgito. <strong>Adem\u00e1s, algunas consultoras, como ECO GO, creen que el IPC general tambi\u00e9n podr\u00eda quedar en un d\u00edgito, ya que los alimentos mostraron una suba del 6% el \u00faltimo mes.<\/strong><\/p>\n\n\n\n<p>Seg\u00fan la consultora de Marina Dal Poggetto, en la tercera del mes, <strong>\u201clos alimentos registraron un incremento del 1,4%, luego de una semana pr\u00e1cticamente sin variaciones\u201d.<\/strong><\/p>\n\n\n\n<p>\u201cCon este dato y considerando aumentos proyectados para la \u00faltima semana del 1,3%, la inflaci\u00f3n en alimentos consumidos dentro del hogar ascender\u00eda a 5,6% en el abril. <strong>Si adem\u00e1s se incorporan los aumentos registrados en alimentos consumidos fuera del hogar, la inflaci\u00f3n en alimentos alcanzar\u00eda el 5,3%\u201d, se\u00f1al\u00f3.<\/strong><\/p>\n\n\n\n<p>De este modo, la proyecci\u00f3n nivel general marca, seg\u00fan ECO GO, que <strong>\u201cla inflaci\u00f3n de abril se ubicar\u00eda as\u00ed en 9,1% mensual. La suba en la proyecci\u00f3n respecto a la semana previa responde a la homologaci\u00f3n de la paritaria de encargados de edificios, que contempla los meses de enero a abril.<\/strong> Este n\u00famero no contempla la ca\u00edda en los precios de las prepagas\u201d. En tanto, Econom\u00e9trica de Ramiro Casti\u00f1eira marc\u00f3 que la inflaci\u00f3n en alimentos lleg\u00f3 al 6,5%.<\/p>\n","protected":false},"excerpt":{"rendered":"<p>El funcionario se reuni\u00f3 con un grupo de ejecutivos\u00a0en privado para ratificar el rumbo cambiario y tuvo buena recepci\u00f3n. El ministro Luis Caputo se reuni\u00f3 en forma reservada con un grupo de empresarios a los que les sugiri\u00f3 que bajen los precios para vender m\u00e1s, al reafirmar que el tipo de cambio se mantendr\u00e1 estable. [&hellip;]<\/p>\n","protected":false},"author":49,"featured_media":407090,"comment_status":"open","ping_status":"open","sticky":false,"template":"","format":"standard","meta":{"_stopmodifiedupdate":false,"_modified_date":"","inline_featured_image":false,"spay_email":"","jetpack_publicize_message":""},"categories":[2,676],"tags":[],"jetpack_featured_media_url":"https:\/\/notinor.com\/jujuy\/wp-content\/uploads\/2024\/04\/luis-caputo-1.jpg","jetpack_publicize_connections":[],"_links":{"self":[{"href":"https:\/\/notinor.com\/jujuy\/wp-json\/wp\/v2\/posts\/407089"}],"collection":[{"href":"https:\/\/notinor.com\/jujuy\/wp-json\/wp\/v2\/posts"}],"about":[{"href":"https:\/\/notinor.com\/jujuy\/wp-json\/wp\/v2\/types\/post"}],"author":[{"embeddable":true,"href":"https:\/\/notinor.com\/jujuy\/wp-json\/wp\/v2\/users\/49"}],"replies":[{"embeddable":true,"href":"https:\/\/notinor.com\/jujuy\/wp-json\/wp\/v2\/comments?post=407089"}],"version-history":[{"count":1,"href":"https:\/\/notinor.com\/jujuy\/wp-json\/wp\/v2\/posts\/407089\/revisions"}],"predecessor-version":[{"id":407091,"href":"https:\/\/notinor.com\/jujuy\/wp-json\/wp\/v2\/posts\/407089\/revisions\/407091"}],"wp:featuredmedia":[{"embeddable":true,"href":"https:\/\/notinor.com\/jujuy\/wp-json\/wp\/v2\/media\/407090"}],"wp:attachment":[{"href":"https:\/\/notinor.com\/jujuy\/wp-json\/wp\/v2\/media?parent=407089"}],"wp:term":[{"taxonomy":"category","embeddable":true,"href":"https:\/\/notinor.com\/jujuy\/wp-json\/wp\/v2\/categories?post=407089"},{"taxonomy":"post_tag","embeddable":true,"href":"https:\/\/notinor.com\/jujuy\/wp-json\/wp\/v2\/tags?post=407089"}],"curies":[{"name":"wp","href":"https:\/\/api.w.org\/{rel}","templated":true}]}}