{"id":407079,"date":"2024-04-25T17:43:17","date_gmt":"2024-04-25T20:43:17","guid":{"rendered":"https:\/\/notinor.com\/jujuy\/?p=407079"},"modified":"2024-04-25T17:43:19","modified_gmt":"2024-04-25T20:43:19","slug":"tras-meses-de-negociaciones-la-ley-bases-obtuvo-dictamen-y-se-debatira-en-el-recinto-el-proximo-lunes","status":"publish","type":"post","link":"https:\/\/notinor.com\/jujuy\/tras-meses-de-negociaciones-la-ley-bases-obtuvo-dictamen-y-se-debatira-en-el-recinto-el-proximo-lunes\/","title":{"rendered":"Tras meses de negociaciones, la Ley Bases obtuvo dictamen y se debatir\u00e1 en el recinto el pr\u00f3ximo lunes"},"content":{"rendered":"\n<p class=\"has-medium-font-size\"><strong><em>A \u00faltimo momento, el oficialismo acept\u00f3 excluir el Banco Naci\u00f3n de la lista de empresas a privatizar. La oposici\u00f3n dialoguista buscar\u00e1 reponer durante el debate en el recinto el cap\u00edtulo de impuestos al tabaco. La Casa Rosada aspira a tener la media sanci\u00f3n durante la madrugada del mi\u00e9rcoles, a m\u00e1s tardar.<\/em><\/strong><\/p>\n\n\n\n<p><\/p>\n\n\n<div class=\"wp-block-image\">\n<figure class=\"aligncenter size-full\"><img decoding=\"async\" loading=\"lazy\" width=\"800\" height=\"450\" src=\"https:\/\/notinor.com\/jujuy\/wp-content\/uploads\/2024\/04\/plenario-de-comisiones-diputados.jpg\" alt=\"\" class=\"wp-image-407080\" srcset=\"https:\/\/notinor.com\/jujuy\/wp-content\/uploads\/2024\/04\/plenario-de-comisiones-diputados.jpg 800w, https:\/\/notinor.com\/jujuy\/wp-content\/uploads\/2024\/04\/plenario-de-comisiones-diputados-649x365.jpg 649w, https:\/\/notinor.com\/jujuy\/wp-content\/uploads\/2024\/04\/plenario-de-comisiones-diputados-500x280.jpg 500w, https:\/\/notinor.com\/jujuy\/wp-content\/uploads\/2024\/04\/plenario-de-comisiones-diputados-768x432.jpg 768w, https:\/\/notinor.com\/jujuy\/wp-content\/uploads\/2024\/04\/plenario-de-comisiones-diputados-750x422.jpg 750w\" sizes=\"(max-width: 800px) 100vw, 800px\" \/><\/figure><\/div>\n\n\n<p><\/p>\n\n\n\n<p>Largas semanas de negociaciones fren\u00e9ticas en la C\u00e1mara de Diputados culminaron hoy con la firma del dictamen del proyecto Ley Bases, que <strong>qued\u00f3 listo para ser debatido en el recinto entre lunes -a las 11- y martes de la semana que viene.<\/strong><\/p>\n\n\n\n<p>Si bien anoche los bloques dialoguistas alcanzaron un acuerdo sobre los \u00faltimos dos temas en disputa (reforma laboral e impuestos al tabaco), <strong>durante la reuni\u00f3n conjunta de las comisiones de Legislaci\u00f3n General, Presupuesto y Asuntos Constitucionales el texto final sigui\u00f3 sufriendo modificaciones.<\/strong><\/p>\n\n\n\n<p><strong>Los cambios m\u00e1s resonantes fueron la eliminaci\u00f3n del Banco Naci\u00f3n de la lista de empresas que se pueden privatizar, el recorte del cap\u00edtulo de defensa de la competencia y la eliminaci\u00f3n de los art\u00edculos relacionados con la consolidaci\u00f3n de los t\u00edtulos p\u00fablicos en manos del el Fondo de Garant\u00eda de Sustentabilidad (FGS). <\/strong>Por su parte, la oposici\u00f3n adelant\u00f3 que impulsar\u00e1 la reincorporaci\u00f3n en el recinto del cap\u00edtulo sobre impuestos al tabaco, que sube de 70% a 73% la al\u00edcuota del impuesto interno (el Gobierno lo hab\u00eda quitado alegando \u201cfalta de consenso\u201d).<\/p>\n\n\n\n<p><strong>En el caso del Banco Naci\u00f3n, y sus seis empresas subsidiarias como Naci\u00f3n Seguros y Naci\u00f3n Reaseguros, el Gobierno lleg\u00f3 ayer a la conclusi\u00f3n de que no alcanzar\u00eda los votos para aprobarlo en el recinto.<\/strong> Ante el temor de que empiecen a caer art\u00edculos rechazados, como ocurri\u00f3 en febrero, optaron por posponer el tema.<\/p>\n\n\n\n<p>Tanto el peronismo como la izquierda protestaron porque al inicio del plenario no conoc\u00edan el texto final. <strong>\u201cNo sabemos qu\u00e9 estamos discutiendo, se incluy\u00f3 a \u00faltima hora una reforma laboral de la que no tenemos informaci\u00f3n\u201d, <\/strong>se quej\u00f3 Daniel Arroyo, de Uni\u00f3n por la Patria. Adem\u00e1s, desde Uni\u00f3n por la Patria alertaron sobre la influencia de los lobbys para torcer las negociaciones. \u201cLos libertarios no hablan porque no saben qu\u00e9 defender\u201d, arremeti\u00f3 Mart\u00edn Soria.<\/p>\n\n\n\n<p><strong>El texto del oficialismo cont\u00f3 con 61 firmas de los diputados de LLA y del PRO. La UCR, Hacemos Coalici\u00f3n Federal e Innovaci\u00f3n Federal acompa\u00f1aron con disidencias en diferentes puntos. En el caso de los radicales, principalmente en torno a la reforma laboral,<\/strong> ya que impulsaban varios art\u00edculos muy rechazados por el sindicalismo, como la eliminaci\u00f3n de la cuota solidaria o la declaraci\u00f3n de la educaci\u00f3n como servicio esencial para limitar los paros. <strong>Las disidencias de Hacemos giraban en torno al cap\u00edtulo del tabaco y a la consolidaci\u00f3n de las deudas con las cajas previsionales no transferidas en el cap\u00edtulo del Fondo de Garant\u00eda de Sustentabilidad (FGS). <\/strong>Finalmente el cap\u00edtulo sobre el FGS fue retirado por completo.<\/p>\n\n\n\n<p>Fue para no enfrentarse con la CGT que el Gobierno decidi\u00f3 solo dejar las modificaciones con amplio consenso, como la extensi\u00f3n del per\u00edodo de prueba a 6 meses, la eliminaci\u00f3n de las multas por trabajo no registrado y la implementaci\u00f3n del fondo de cese laboral.<\/p>\n\n\n\n<p>Al referirse a los cambios a la legislaci\u00f3n laboral, la radical Karina Banfi remarc\u00f3:<strong> \u201cDesde el radicalismo hemos incorporado en el marco de este debate modernizaci\u00f3n laboral. Es clave. Cuando hablamos de la falta de crecimiento en la industria, los marcos normativos en materia de trabajo son claramente un obst\u00e1culo. <\/strong>Nuestra propuesta se basa en mirar el trabajo del futuro, d\u00f3nde estamos parados hoy y hacia d\u00f3nde estamos yendo. Y principalmente la disidencia que vamos a plantear tiene que ver con eliminar las cuotas solidarias sindicales. Eso coarta la libertad de asociaci\u00f3n, y lo vamos a defender en el recinto\u201d.<\/p>\n\n\n\n<p>El listado de empresas que podr\u00e1n ser privatizadas, uno de los temas que despert\u00f3 mayores conflictos, fue dr\u00e1sticamente reducido. <strong>Solo Aerol\u00edneas Argentinas, ENARSA, Radio y Televisi\u00f3n S.E., e Intercargo podr\u00e1n ser vendidas por completo.<\/strong><\/p>\n\n\n\n<p><strong>Por otro lado, ser\u00e1n privatizadas en forma parcial o concesi\u00f3n AySA, Correo Oficial, Belgrano Cargas y Log\u00edstica, Sociedad Operadora Ferroviaria (SOFSE) y Corredores Viales. En tanto, Nucleoel\u00e9ctrica Argentina Sociedad An\u00f3nima (NASA) y Yacimientos Carbon\u00edferos R\u00edo Turbio (YCRT), podr\u00e1 organizar un programa de propiedad participada o incorporar la participaci\u00f3n del capital privado debiendo el Estado Nacional mantener el control o la participaci\u00f3n mayoritaria en el capital social.<\/strong><\/p>\n\n\n\n<p><strong>El cap\u00edtulo del tabaco, que elimina el impuesto m\u00ednimo y aumenta de 70% a 73% la al\u00edcuota del impuesto interno, no est\u00e1 en el dict\u00e1men de mayor\u00eda pero el oficialismo acord\u00f3 incluirlo durante el debate en el recinto.<\/strong> El poder de lobby de Pablo Otero, de Tabacalera Sarand\u00ed, fue reiteradamente mencionado por la oposici\u00f3n para denunciar la reticencia del Gobierno y el PRO para volver a incluir el cap\u00edtulo en el proyecto.<\/p>\n\n\n\n<p><strong>En cuanto a los fondos fiduciarios -tema que desencaden\u00f3 la ca\u00edda de la primera Ley Bases en febrero- aceptaron que si son eliminarlos se respetar\u00e1 el origen de los fondos. <\/strong>Es decir, si el fondo fuera financiado por una asignaci\u00f3n espec\u00edfica de un impuesto coparticipable, aquella se considerar\u00e1 eliminada y el tributo volver\u00e1 a la masa coparticipable (no al Tesoro). <strong>En definitiva, ser\u00e1n recursos que recuperan las provincias.<\/strong><\/p>\n\n\n\n<p><strong>Durante la semana, ante el pedido de la UCR y Hacemos, el oficialismo hab\u00eda aceptado ampliar por segunda vez la lista de organismos p\u00fablicos que no podr\u00e1 disolver ni intervenir. <\/strong>Se sumar\u00e1n el Conicet, el Instituto Malbr\u00e1n, la CONAE, el INCAA (cine), el Incucai (trasplantes), el Instituto de la Propiedad Industrial, Enacom (comunicaci\u00f3n), la Autoridad Regulatoria Nuclear, la Comisi\u00f3n Nacional de Energ\u00eda At\u00f3mica, la Comisi\u00f3n Nacional de Valores, la Unidad de Informaci\u00f3n Financiera, y el INTA (tecnolog\u00eda agropecuaria).<\/p>\n\n\n\n<p>Los representantes de la Casa Rosada tambi\u00e9n decidieron eliminar por completo el art\u00edculo 143 (ex 71 y ex 70 en versiones anteriores del borrador) ante el rechazo de la oposici\u00f3n, que insist\u00eda en que la redacci\u00f3n era demasiado amplia. <strong>El pol\u00e9mico art\u00edculo \u201cpro competencia\u201d facultaba al Ejecutivo a derogar o cambiar cualquier normativa que distorsione los precios, genere escasez o cause sobre costos.<\/strong><\/p>\n\n\n\n<p><strong>Por otro lado, la eliminaci\u00f3n de la moratoria previsional, que permite jubilarse a las personas que no cuentan con los 30 a\u00f1os de aporte, ser\u00e1 complementado con la creaci\u00f3n de la Prestaci\u00f3n de Retiro Proporcional, que permita cobrar una cifra acorde a la cantidad de a\u00f1os de aporte.<\/strong> La f\u00f3rmula ser\u00e1: Prestaci\u00f3n B\u00e1sica Universal (PBU) m\u00e1s 1,5 por a\u00f1o aportado, pero con la Pensi\u00f3n Universal para el Adulto Mayor (PUAM) ser\u00e1 el m\u00ednimo (si el c\u00e1lculo no llega a la PUAM, igualmente cobrar\u00e1 ese m\u00ednimo).<\/p>\n\n\n\n<p>Finalmente, respecto al r\u00e9gimen para fomentar grandes inversiones en sectores estrat\u00e9gicos (RIGI), la Casa Rosada no quiso bajar el m\u00ednimo de USD 200 millones para incluir a empresas de menor envergadura pero acept\u00f3 que quienes entren al r\u00e9gimen paguen dividendos: un 7% durante los primeros 7 a\u00f1os y 3,5% en adelante.<\/p>\n\n\n\n<p><strong>La sesi\u00f3n est\u00e1 prevista para el pr\u00f3ximo lunes y probablemente se extender\u00e1 hasta la madrugada del mi\u00e9rcoles 1 de mayo. Ese d\u00eda se movilizar\u00e1 la CGT en el marco del D\u00eda del Trabajo.<\/strong><\/p>\n","protected":false},"excerpt":{"rendered":"<p>A \u00faltimo momento, el oficialismo acept\u00f3 excluir el Banco Naci\u00f3n de la lista de empresas a privatizar. La oposici\u00f3n dialoguista buscar\u00e1 reponer durante el debate en el recinto el cap\u00edtulo de impuestos al tabaco. La Casa Rosada aspira a tener la media sanci\u00f3n durante la madrugada del mi\u00e9rcoles, a m\u00e1s tardar. Largas semanas de negociaciones [&hellip;]<\/p>\n","protected":false},"author":49,"featured_media":407080,"comment_status":"open","ping_status":"open","sticky":false,"template":"","format":"standard","meta":{"_stopmodifiedupdate":false,"_modified_date":"","inline_featured_image":false,"spay_email":"","jetpack_publicize_message":""},"categories":[2,501],"tags":[],"jetpack_featured_media_url":"https:\/\/notinor.com\/jujuy\/wp-content\/uploads\/2024\/04\/plenario-de-comisiones-diputados.jpg","jetpack_publicize_connections":[],"_links":{"self":[{"href":"https:\/\/notinor.com\/jujuy\/wp-json\/wp\/v2\/posts\/407079"}],"collection":[{"href":"https:\/\/notinor.com\/jujuy\/wp-json\/wp\/v2\/posts"}],"about":[{"href":"https:\/\/notinor.com\/jujuy\/wp-json\/wp\/v2\/types\/post"}],"author":[{"embeddable":true,"href":"https:\/\/notinor.com\/jujuy\/wp-json\/wp\/v2\/users\/49"}],"replies":[{"embeddable":true,"href":"https:\/\/notinor.com\/jujuy\/wp-json\/wp\/v2\/comments?post=407079"}],"version-history":[{"count":1,"href":"https:\/\/notinor.com\/jujuy\/wp-json\/wp\/v2\/posts\/407079\/revisions"}],"predecessor-version":[{"id":407081,"href":"https:\/\/notinor.com\/jujuy\/wp-json\/wp\/v2\/posts\/407079\/revisions\/407081"}],"wp:featuredmedia":[{"embeddable":true,"href":"https:\/\/notinor.com\/jujuy\/wp-json\/wp\/v2\/media\/407080"}],"wp:attachment":[{"href":"https:\/\/notinor.com\/jujuy\/wp-json\/wp\/v2\/media?parent=407079"}],"wp:term":[{"taxonomy":"category","embeddable":true,"href":"https:\/\/notinor.com\/jujuy\/wp-json\/wp\/v2\/categories?post=407079"},{"taxonomy":"post_tag","embeddable":true,"href":"https:\/\/notinor.com\/jujuy\/wp-json\/wp\/v2\/tags?post=407079"}],"curies":[{"name":"wp","href":"https:\/\/api.w.org\/{rel}","templated":true}]}}