{"id":407060,"date":"2024-04-25T10:38:53","date_gmt":"2024-04-25T13:38:53","guid":{"rendered":"https:\/\/notinor.com\/jujuy\/?p=407060"},"modified":"2024-04-25T10:38:54","modified_gmt":"2024-04-25T13:38:54","slug":"demoran-la-quita-de-subsidios-a-las-tarifas-de-luz-y-gas","status":"publish","type":"post","link":"https:\/\/notinor.com\/jujuy\/demoran-la-quita-de-subsidios-a-las-tarifas-de-luz-y-gas\/","title":{"rendered":"Demoran la quita de subsidios a las tarifas de luz y gas"},"content":{"rendered":"\n<p class=\"has-medium-font-size\"><strong><em>En medio de la crisis social por la p\u00e9rdida del poder adquisitivo, el Gobierno decidi\u00f3 que no se quitar\u00e1n los subsidios a las tarifas de gas y luz de los usuarios de los Niveles 2 y 3 -de bajos y medios ingresos respectivamente-, al menos hasta que se implemente la Canasta B\u00e1sica Energ\u00e9tica (CBE), que est\u00e1 prevista para junio.<\/em><\/strong><\/p>\n\n\n<div class=\"wp-block-image\">\n<figure class=\"aligncenter size-full\"><img decoding=\"async\" loading=\"lazy\" width=\"730\" height=\"474\" src=\"https:\/\/notinor.com\/jujuy\/wp-content\/uploads\/2023\/08\/tarifas-luz-gas-2022jpg.webp\" alt=\"\" class=\"wp-image-388172\" srcset=\"https:\/\/notinor.com\/jujuy\/wp-content\/uploads\/2023\/08\/tarifas-luz-gas-2022jpg.webp 730w, https:\/\/notinor.com\/jujuy\/wp-content\/uploads\/2023\/08\/tarifas-luz-gas-2022jpg-562x365.webp 562w\" sizes=\"(max-width: 730px) 100vw, 730px\" \/><figcaption class=\"wp-element-caption\">Tarifas Luz y Gas<\/figcaption><\/figure><\/div>\n\n\n<p>La pr\u00f3xima eliminaci\u00f3n de asistencias estaba prevista para mayo, pero el Ejecutivo condiciona esa decisi\u00f3n a la implementaci\u00f3n del esquema de la Canasta B\u00e1sica Energ\u00e9tica. Es para evitar un impacto brusco en el bolsillo. <\/p>\n\n\n\n<p><strong>La pr\u00f3xima semana, antes de que comience mayo, la Secretar\u00eda de Energ\u00eda deber\u00e1 comunicar qu\u00e9 pasar\u00e1 con el subsidio que percibe el 60% de los usuarios residenciales.<\/strong> Seg\u00fan explicaron \u201cla Canasta reformular\u00e1 el esquema de los subsidios por segmentaci\u00f3n de ingresos y la complejidad del sistema y el cruce de datos llevar\u00e1 a que reci\u00e9n se pueda implementar a partir de junio\u201d.<\/p>\n\n\n\n<p>Es que el dise\u00f1o de la CBE considerar\u00e1 el tama\u00f1o del hogar, que se divide en tres categor\u00edas de una o dos personas, tres o cuatro personas y cinco o m\u00e1s personas; y la biozona de residencia, clasific\u00e1ndose en seis niveles, desde una zona muy c\u00e1lida (el noreste argentino) hasta una muy fr\u00eda (el sur patag\u00f3nico).<\/p>\n\n\n\n<p><strong>No obstante, hay un motivo de mayor peso y es la necesidad de que las tarifas de los servicios regulados aumenten \u201cde manera gradual\u201d, sobre todo \u201cpara no impactar bruscamente en el bolsillo de la clase media\u201d<\/strong>. As\u00ed, aunque en la \u00faltima audiencia p\u00fablica Energ\u00eda dijo que a principios de abril se publicar\u00edan los detalles del nuevo mecanismo, la informaci\u00f3n respecto del esquema de subsidios sigue sin conocerse.<\/p>\n\n\n\n<blockquote class=\"wp-block-quote\">\n<p>A partir de mayo, la Secretar\u00eda de Energ\u00eda publicar\u00e1 el ajuste estacional en el precio de la energ\u00eda el\u00e9ctrica, que suele incrementarse durante el invierno en comparaci\u00f3n con los costos de generaci\u00f3n en verano.<\/p>\n<\/blockquote>\n\n\n\n<p>En el caso del gas, se espera un alza significativa debido al aumento en el consumo, lo que obliga al Gobierno a importar parte de la demanda a precios m\u00e1s elevados que los de producci\u00f3n local, lo cual impacta directamente en el costo para los consumidores.<\/p>\n\n\n\n<p>La cartera a cargo de <strong>Eduardo Rodr\u00edguez Chirillo ya decidi\u00f3 que el incremento en los costos invernales del gas ser\u00e1 asumido por comercios, industrias y usuarios de altos ingresos, mientras que se postergar\u00e1 la quita de subsidios para los usuarios de los niveles de medios y bajos ingresos.<\/strong><\/p>\n\n\n\n<p>En febrero, el Gobierno aplic\u00f3 un aumento en el precio mayorista del servicio el\u00e9ctrico y hubo subas en las tarifas de hasta un 120% para los sectores de mayores ingresos, uno de los componentes de la tarifa total que impact\u00f3 solamente sobre usuarios residenciales que est\u00e1n catalogados como \u201cNivel 1 de la segmentaci\u00f3n\u201d y que renunciaron o no pidieron los subsidios a la energ\u00eda. <\/p>\n\n\n\n<p>El sector alcanzado por los cambios definidos en la Resoluci\u00f3n 7\/2024 firmada por el secretario de Energ\u00eda, representa aproximadamente a un 30% del total de los hogares.<\/p>\n","protected":false},"excerpt":{"rendered":"<p>En medio de la crisis social por la p\u00e9rdida del poder adquisitivo, el Gobierno decidi\u00f3 que no se quitar\u00e1n los subsidios a las tarifas de gas y luz de los usuarios de los Niveles 2 y 3 -de bajos y medios ingresos respectivamente-, al menos hasta que se implemente la Canasta B\u00e1sica Energ\u00e9tica (CBE), que [&hellip;]<\/p>\n","protected":false},"author":53,"featured_media":388172,"comment_status":"open","ping_status":"open","sticky":false,"template":"","format":"standard","meta":{"_stopmodifiedupdate":false,"_modified_date":"","inline_featured_image":false,"spay_email":"","jetpack_publicize_message":""},"categories":[2,676],"tags":[3991,4038,4037],"jetpack_featured_media_url":"https:\/\/notinor.com\/jujuy\/wp-content\/uploads\/2023\/08\/tarifas-luz-gas-2022jpg.webp","jetpack_publicize_connections":[],"_links":{"self":[{"href":"https:\/\/notinor.com\/jujuy\/wp-json\/wp\/v2\/posts\/407060"}],"collection":[{"href":"https:\/\/notinor.com\/jujuy\/wp-json\/wp\/v2\/posts"}],"about":[{"href":"https:\/\/notinor.com\/jujuy\/wp-json\/wp\/v2\/types\/post"}],"author":[{"embeddable":true,"href":"https:\/\/notinor.com\/jujuy\/wp-json\/wp\/v2\/users\/53"}],"replies":[{"embeddable":true,"href":"https:\/\/notinor.com\/jujuy\/wp-json\/wp\/v2\/comments?post=407060"}],"version-history":[{"count":1,"href":"https:\/\/notinor.com\/jujuy\/wp-json\/wp\/v2\/posts\/407060\/revisions"}],"predecessor-version":[{"id":407061,"href":"https:\/\/notinor.com\/jujuy\/wp-json\/wp\/v2\/posts\/407060\/revisions\/407061"}],"wp:featuredmedia":[{"embeddable":true,"href":"https:\/\/notinor.com\/jujuy\/wp-json\/wp\/v2\/media\/388172"}],"wp:attachment":[{"href":"https:\/\/notinor.com\/jujuy\/wp-json\/wp\/v2\/media?parent=407060"}],"wp:term":[{"taxonomy":"category","embeddable":true,"href":"https:\/\/notinor.com\/jujuy\/wp-json\/wp\/v2\/categories?post=407060"},{"taxonomy":"post_tag","embeddable":true,"href":"https:\/\/notinor.com\/jujuy\/wp-json\/wp\/v2\/tags?post=407060"}],"curies":[{"name":"wp","href":"https:\/\/api.w.org\/{rel}","templated":true}]}}