{"id":407057,"date":"2024-04-25T09:37:18","date_gmt":"2024-04-25T12:37:18","guid":{"rendered":"https:\/\/notinor.com\/jujuy\/?p=407057"},"modified":"2024-04-25T09:37:21","modified_gmt":"2024-04-25T12:37:21","slug":"jujuy-presento-el-primer-programa-comunitario-de-sudamerica-para-fortalecer-la-atencion-en-salud-mental","status":"publish","type":"post","link":"https:\/\/notinor.com\/jujuy\/jujuy-presento-el-primer-programa-comunitario-de-sudamerica-para-fortalecer-la-atencion-en-salud-mental\/","title":{"rendered":"Jujuy present\u00f3 el primer Programa Comunitario de Sudam\u00e9rica para fortalecer la atenci\u00f3n en Salud Mental"},"content":{"rendered":"\n<p class=\"has-medium-font-size\"><strong><em>En La Quiaca se present\u00f3 oficialmente el inicio del trabajo de abordaje integral de la salud mental con apoyo de OPS\/OMS Argentina, siendo el sistema p\u00fablico de la provincia pionero a nivel nacional y regional.<\/em><\/strong><\/p>\n\n\n<div class=\"wp-block-image\">\n<figure class=\"aligncenter size-large\"><img decoding=\"async\" loading=\"lazy\" width=\"720\" height=\"480\" src=\"https:\/\/notinor.com\/jujuy\/wp-content\/uploads\/2024\/04\/SALUDMENTALCOMUNITARIA-720x480.webp\" alt=\"\" class=\"wp-image-407058\" srcset=\"https:\/\/notinor.com\/jujuy\/wp-content\/uploads\/2024\/04\/SALUDMENTALCOMUNITARIA-720x480.webp 720w, https:\/\/notinor.com\/jujuy\/wp-content\/uploads\/2024\/04\/SALUDMENTALCOMUNITARIA-548x365.webp 548w, https:\/\/notinor.com\/jujuy\/wp-content\/uploads\/2024\/04\/SALUDMENTALCOMUNITARIA-768x512.webp 768w, https:\/\/notinor.com\/jujuy\/wp-content\/uploads\/2024\/04\/SALUDMENTALCOMUNITARIA-750x500.webp 750w, https:\/\/notinor.com\/jujuy\/wp-content\/uploads\/2024\/04\/SALUDMENTALCOMUNITARIA-1140x760.webp 1140w, https:\/\/notinor.com\/jujuy\/wp-content\/uploads\/2024\/04\/SALUDMENTALCOMUNITARIA.webp 1200w\" sizes=\"(max-width: 720px) 100vw, 720px\" \/><figcaption class=\"wp-element-caption\">Equipo de trabajo<\/figcaption><\/figure><\/div>\n\n\n<p>\u201cCon el apoyo y aval de OPS\/OMS Argentina y articulaci\u00f3n intersectorial comenzamos con la implementaci\u00f3n de nuestro programa para reforzar la accesibilidad, descentralizaci\u00f3n de los servicios y redes de atenci\u00f3n donde se priorizan las buenas pr\u00e1cticas de cuidado en salud mental. Un momento especial porque adem\u00e1s inicia en La Quiaca desde donde se extender\u00e1 a toda la regi\u00f3n de la Puna\u201d,<strong> expres\u00f3 el ministro de Salud de Jujuy, Gustavo Bouhid.<\/strong><\/p>\n\n\n\n<p>Destacando que <strong>de acuerdo al Plan Estrat\u00e9gico de Salud II continuamos con acciones que se rigen bajo est\u00e1ndares internacionales, estrechando la cooperaci\u00f3n a prop\u00f3sito de la visita de la representante Eva Jan\u00e9 Llopis y su equipo<\/strong>.<\/p>\n\n\n\n<p>\u201cJujuy ya viene implementando este tipo de abordaje para equipos de salud, especialistas y no especialistas y desde ahora se suman las oportunidades, siendo un gran desaf\u00edo la implementaci\u00f3n de un programa propio y el primero en Sudam\u00e9rica para la capacitaci\u00f3n a las comunidades en l\u00edneas de cuidado en salud mental\u201d, agreg\u00f3 Bouhid.<\/p>\n\n\n\n<p>El programa de Jujuy, propone un sistema de capacitaciones, acompa\u00f1amiento y monitoreo con bases en la Gu\u00eda de Intervenci\u00f3n: \"mhGAP\", tanto comunitaria como cl\u00ednica, para referentes comunitarios de salud y de otras \u00e1reas, en un trabajo interinstitucional <strong>junto al Municipio quiaque\u00f1o, los ministerios de Educaci\u00f3n, Seguridad, Desarrollo Humano, Gobierno y Justicia, Consejo Provincial de la Mujer y organizaciones de la sociedad civil como centros vecinales, asociaciones, comedores sociales<\/strong>.<\/p>\n\n\n\n<p>Por \u00faltimo, en el acto organizado por el equipo de Salud del DTC local y Hospital \"Dr. Jorge Uro\" y el Municipio local cont\u00f3 con la participaci\u00f3n de referentes de la Secretar\u00eda de Salud Mental del Ministerio de Salud, consultora de Salud Mental de OPS\/OMS en Argentina, Liliana Urbina y otras autoridades.<\/p>\n","protected":false},"excerpt":{"rendered":"<p>En La Quiaca se present\u00f3 oficialmente el inicio del trabajo de abordaje integral de la salud mental con apoyo de OPS\/OMS Argentina, siendo el sistema p\u00fablico de la provincia pionero a nivel nacional y regional. \u201cCon el apoyo y aval de OPS\/OMS Argentina y articulaci\u00f3n intersectorial comenzamos con la implementaci\u00f3n de nuestro programa para reforzar [&hellip;]<\/p>\n","protected":false},"author":53,"featured_media":407058,"comment_status":"open","ping_status":"open","sticky":false,"template":"","format":"standard","meta":{"_stopmodifiedupdate":false,"_modified_date":"","inline_featured_image":false,"spay_email":"","jetpack_publicize_message":""},"categories":[2,828],"tags":[4028,4036],"jetpack_featured_media_url":"https:\/\/notinor.com\/jujuy\/wp-content\/uploads\/2024\/04\/SALUDMENTALCOMUNITARIA.webp","jetpack_publicize_connections":[],"_links":{"self":[{"href":"https:\/\/notinor.com\/jujuy\/wp-json\/wp\/v2\/posts\/407057"}],"collection":[{"href":"https:\/\/notinor.com\/jujuy\/wp-json\/wp\/v2\/posts"}],"about":[{"href":"https:\/\/notinor.com\/jujuy\/wp-json\/wp\/v2\/types\/post"}],"author":[{"embeddable":true,"href":"https:\/\/notinor.com\/jujuy\/wp-json\/wp\/v2\/users\/53"}],"replies":[{"embeddable":true,"href":"https:\/\/notinor.com\/jujuy\/wp-json\/wp\/v2\/comments?post=407057"}],"version-history":[{"count":1,"href":"https:\/\/notinor.com\/jujuy\/wp-json\/wp\/v2\/posts\/407057\/revisions"}],"predecessor-version":[{"id":407059,"href":"https:\/\/notinor.com\/jujuy\/wp-json\/wp\/v2\/posts\/407057\/revisions\/407059"}],"wp:featuredmedia":[{"embeddable":true,"href":"https:\/\/notinor.com\/jujuy\/wp-json\/wp\/v2\/media\/407058"}],"wp:attachment":[{"href":"https:\/\/notinor.com\/jujuy\/wp-json\/wp\/v2\/media?parent=407057"}],"wp:term":[{"taxonomy":"category","embeddable":true,"href":"https:\/\/notinor.com\/jujuy\/wp-json\/wp\/v2\/categories?post=407057"},{"taxonomy":"post_tag","embeddable":true,"href":"https:\/\/notinor.com\/jujuy\/wp-json\/wp\/v2\/tags?post=407057"}],"curies":[{"name":"wp","href":"https:\/\/api.w.org\/{rel}","templated":true}]}}