{"id":407054,"date":"2024-04-25T09:14:46","date_gmt":"2024-04-25T12:14:46","guid":{"rendered":"https:\/\/notinor.com\/jujuy\/?p=407054"},"modified":"2024-04-25T09:15:31","modified_gmt":"2024-04-25T12:15:31","slug":"bullrich-descabeza-la-policia-federal-de-rosario-por-vinculos-con-los-narcos","status":"publish","type":"post","link":"https:\/\/notinor.com\/jujuy\/bullrich-descabeza-la-policia-federal-de-rosario-por-vinculos-con-los-narcos\/","title":{"rendered":"Bullrich descabeza la Polic\u00eda Federal de Rosario por v\u00ednculos con los narcos"},"content":{"rendered":"\n<p class=\"has-medium-font-size\"><strong><em>La ministra relev\u00f3 a tres altos comisarios luego del esc\u00e1ndalo de los federales que com\u00edan asado con un narco preso en la ciudad de Santa Fe.<\/em><\/strong><\/p>\n\n\n<div class=\"wp-block-image\">\n<figure class=\"aligncenter size-large\"><img decoding=\"async\" loading=\"lazy\" width=\"840\" height=\"473\" src=\"https:\/\/notinor.com\/jujuy\/wp-content\/uploads\/2024\/01\/policia-rosario-1-840x473.jpg\" alt=\"\" class=\"wp-image-401066\" srcset=\"https:\/\/notinor.com\/jujuy\/wp-content\/uploads\/2024\/01\/policia-rosario-1-840x473.jpg 840w, https:\/\/notinor.com\/jujuy\/wp-content\/uploads\/2024\/01\/policia-rosario-1-649x365.jpg 649w, https:\/\/notinor.com\/jujuy\/wp-content\/uploads\/2024\/01\/policia-rosario-1-768x432.jpg 768w, https:\/\/notinor.com\/jujuy\/wp-content\/uploads\/2024\/01\/policia-rosario-1-750x422.jpg 750w, https:\/\/notinor.com\/jujuy\/wp-content\/uploads\/2024\/01\/policia-rosario-1-1140x641.jpg 1140w, https:\/\/notinor.com\/jujuy\/wp-content\/uploads\/2024\/01\/policia-rosario-1.jpg 1200w\" sizes=\"(max-width: 840px) 100vw, 840px\" \/><figcaption class=\"wp-element-caption\">C\u00fapula descabezada<\/figcaption><\/figure><\/div>\n\n\n<p><strong>La detenci\u00f3n del empresario y financista Juan Ignacio Suris en una dependencia de la Polic\u00eda Federal de la ciudad de Santa Fe se convirti\u00f3 en un esc\u00e1ndalo de pel\u00edcula cuando la justicia detect\u00f3 que el preso organizaba asados para la tropa<\/strong>, ped\u00eda comida por delivery desde el celular de sus custodias y recib\u00eda informaci\u00f3n privilegiada sobre las investigaciones que lo compromet\u00edan.<\/p>\n\n\n\n<p>A cambio, Suris le acercaba grandes sumas de dinero al subcomisario Leandro Ben\u00edtez quien qued\u00f3 detenido por la justicia federal tras conocerse su v\u00ednculo con el preso vip.<\/p>\n\n\n\n<p> <strong>Ahora, la ministra de Seguridad, Patricia Bullrich, relev\u00f3 de sus cargos a los tres jefes de la fuerza a nivel regional, que ten\u00edan jurisdicci\u00f3n en las provincias de Santa Fe y Entre R\u00edos.<\/strong><\/p>\n\n\n\n<blockquote class=\"wp-block-quote\">\n<p>El Ministerio de Seguridad inform\u00f3 que los comisarios Escalante, Aranda y Gallo fueron removidos de sus cargos por disconformidad en el compromiso y la productividad de los oficiales que ten\u00edan a su cargo los operativos antinarco en Rosario, nombrados por la propia Bullrich.<\/p>\n<\/blockquote>\n\n\n\n<p>\"Nosotros monitoreamos permanentemente el accionar de las fuerzas federales y cuando detectamos alg\u00fan d\u00e9ficit, lo resolvemos inmediatamente\", explic\u00f3 un funcionario del Ministerio de Seguridad<\/p>\n\n\n\n<p>FUENTE LA POLITICA ONLINE<\/p>\n","protected":false},"excerpt":{"rendered":"<p>La ministra relev\u00f3 a tres altos comisarios luego del esc\u00e1ndalo de los federales que com\u00edan asado con un narco preso en la ciudad de Santa Fe. La detenci\u00f3n del empresario y financista Juan Ignacio Suris en una dependencia de la Polic\u00eda Federal de la ciudad de Santa Fe se convirti\u00f3 en un esc\u00e1ndalo de pel\u00edcula [&hellip;]<\/p>\n","protected":false},"author":53,"featured_media":401066,"comment_status":"open","ping_status":"open","sticky":false,"template":"","format":"standard","meta":{"_stopmodifiedupdate":false,"_modified_date":"","inline_featured_image":false,"spay_email":"","jetpack_publicize_message":""},"categories":[2,5],"tags":[2949,3325,4035,1810],"jetpack_featured_media_url":"https:\/\/notinor.com\/jujuy\/wp-content\/uploads\/2024\/01\/policia-rosario-1.jpg","jetpack_publicize_connections":[],"_links":{"self":[{"href":"https:\/\/notinor.com\/jujuy\/wp-json\/wp\/v2\/posts\/407054"}],"collection":[{"href":"https:\/\/notinor.com\/jujuy\/wp-json\/wp\/v2\/posts"}],"about":[{"href":"https:\/\/notinor.com\/jujuy\/wp-json\/wp\/v2\/types\/post"}],"author":[{"embeddable":true,"href":"https:\/\/notinor.com\/jujuy\/wp-json\/wp\/v2\/users\/53"}],"replies":[{"embeddable":true,"href":"https:\/\/notinor.com\/jujuy\/wp-json\/wp\/v2\/comments?post=407054"}],"version-history":[{"count":2,"href":"https:\/\/notinor.com\/jujuy\/wp-json\/wp\/v2\/posts\/407054\/revisions"}],"predecessor-version":[{"id":407056,"href":"https:\/\/notinor.com\/jujuy\/wp-json\/wp\/v2\/posts\/407054\/revisions\/407056"}],"wp:featuredmedia":[{"embeddable":true,"href":"https:\/\/notinor.com\/jujuy\/wp-json\/wp\/v2\/media\/401066"}],"wp:attachment":[{"href":"https:\/\/notinor.com\/jujuy\/wp-json\/wp\/v2\/media?parent=407054"}],"wp:term":[{"taxonomy":"category","embeddable":true,"href":"https:\/\/notinor.com\/jujuy\/wp-json\/wp\/v2\/categories?post=407054"},{"taxonomy":"post_tag","embeddable":true,"href":"https:\/\/notinor.com\/jujuy\/wp-json\/wp\/v2\/tags?post=407054"}],"curies":[{"name":"wp","href":"https:\/\/api.w.org\/{rel}","templated":true}]}}