{"id":407051,"date":"2024-04-25T09:01:20","date_gmt":"2024-04-25T12:01:20","guid":{"rendered":"https:\/\/notinor.com\/jujuy\/?p=407051"},"modified":"2024-04-25T09:01:22","modified_gmt":"2024-04-25T12:01:22","slug":"afirman-que-la-siembra-de-trigo-llega-muy-condicionada-en-el-centro-del-pais","status":"publish","type":"post","link":"https:\/\/notinor.com\/jujuy\/afirman-que-la-siembra-de-trigo-llega-muy-condicionada-en-el-centro-del-pais\/","title":{"rendered":"Afirman que la siembra de trigo llega muy condicionada en el centro del pa\u00eds"},"content":{"rendered":"\n<p class=\"has-medium-font-size\"><strong><em>Incluso elimin\u00e1ndose los derechos de exportaci\u00f3n el resultado no mejor\u00eda significativamente ya que los mayores costos de producci\u00f3n y el menor precio del trigo arrojar\u00edan resultados econ\u00f3micos negativos.<\/em><\/strong><\/p>\n\n\n<div class=\"wp-block-image\">\n<figure class=\"aligncenter size-large\"><img decoding=\"async\" loading=\"lazy\" width=\"781\" height=\"480\" src=\"https:\/\/notinor.com\/jujuy\/wp-content\/uploads\/2024\/04\/siembra-trigo-6-781x480.jpg\" alt=\"\" class=\"wp-image-407052\" srcset=\"https:\/\/notinor.com\/jujuy\/wp-content\/uploads\/2024\/04\/siembra-trigo-6-781x480.jpg 781w, https:\/\/notinor.com\/jujuy\/wp-content\/uploads\/2024\/04\/siembra-trigo-6-594x365.jpg 594w, https:\/\/notinor.com\/jujuy\/wp-content\/uploads\/2024\/04\/siembra-trigo-6-768x472.jpg 768w, https:\/\/notinor.com\/jujuy\/wp-content\/uploads\/2024\/04\/siembra-trigo-6-750x461.jpg 750w, https:\/\/notinor.com\/jujuy\/wp-content\/uploads\/2024\/04\/siembra-trigo-6.jpg 937w\" sizes=\"(max-width: 781px) 100vw, 781px\" \/><figcaption class=\"wp-element-caption\">Trigo<\/figcaption><\/figure><\/div>\n\n\n<p><strong>Un relevamiento realizado por la Bolsa de Cereales de C\u00f3rdoba de cara a la campa\u00f1a triguera 2024\/2025 se\u00f1ala que a pesar de las buenas condiciones de humedad en el suelo,<\/strong> los mayores costos de producci\u00f3n y el menor precio del trigo arrojar\u00edan resultados econ\u00f3micos negativos, provocando una disminuci\u00f3n en la intenci\u00f3n de siembra del cereal.<\/p>\n\n\n\n<blockquote class=\"wp-block-quote\">\n<p>Incluso, destaca, que de eliminarse los derechos de exportaci\u00f3n mejorar\u00eda el resultado, aunque, no generar\u00edan grandes cambios en la hoja de balance de los productores.<\/p>\n<\/blockquote>\n\n\n\n<p><strong>Considerando el promedio de las \u00faltimas cinco campa\u00f1as, C\u00f3rdoba representa el 14% de la producci\u00f3n de trigo a nivel nacional. <\/strong>Adem\u00e1s, cuenta con una industria molinera que procesa 1,3 millones de toneladas, aportando el 20% de la molienda a nivel nacional.<\/p>\n\n\n\n<p>Seg\u00fan la primera estimaci\u00f3n de intenci\u00f3n de siembra de trigo en C\u00f3rdoba realizada por la entidad para este nuevo ciclo productivo, la superficie destinada al cereal se ubicar\u00eda en torno a 809 mil hect\u00e1reas, disminuyendo un 17% respecto a la campa\u00f1a previa y posicion\u00e1ndose como la menor superficie de las \u00faltimas 11 campa\u00f1as.<\/p>\n\n\n\n<p><strong>Condiciones de base para la campa\u00f1a triguera 24\/25<\/strong><br>A punto de comenzar las labores de siembra de trigo, se procede a analizar las principales variables tenidas en cuenta por los productores cordobeses al momento de planificar la campa\u00f1a.<\/p>\n\n\n\n<p><strong>Agua \u00fatil en el perfil de los suelos<\/strong><br>En cuanto al agua \u00fatil en el perfil durante la primera quincena de abril, las condiciones para la campa\u00f1a 2024\/25 se muestran mucho m\u00e1s favorables comparadas con las observadas al inicio del ciclo 2023\/24.<\/p>\n\n\n\n<p><strong>Relaci\u00f3n insumo\/producto<\/strong><br>Otro factor importante es el costo de los insumos. Entre ellos, los fertilizantes tienen la mayor incidencia dentro del costo directo que deben afrontar los productores, con una ponderaci\u00f3n que en promedio rondar\u00eda el 31%. Le sigue el costo de cosecha y de semillas con una participaci\u00f3n en el total del 20% y 18%, respectivamente. Esta situaci\u00f3n, se observa en un planteo con un paquete tecnol\u00f3gico que apunta a mayores rendimientos.<\/p>\n\n\n\n<p>El precio que se espera a cosecha, se posiciona alrededor de los USD 206 Tn. Si bien podr\u00eda sufrir cambios, al momento se observar\u00eda una disminuci\u00f3n del 8% respecto de los USD 225 Tn observados en promedio, durante el ciclo 2023\/24.<\/p>\n\n\n\n<p>FUENTE TODOAGRO.COM<\/p>\n","protected":false},"excerpt":{"rendered":"<p>Incluso elimin\u00e1ndose los derechos de exportaci\u00f3n el resultado no mejor\u00eda significativamente ya que los mayores costos de producci\u00f3n y el menor precio del trigo arrojar\u00edan resultados econ\u00f3micos negativos. Un relevamiento realizado por la Bolsa de Cereales de C\u00f3rdoba de cara a la campa\u00f1a triguera 2024\/2025 se\u00f1ala que a pesar de las buenas condiciones de humedad [&hellip;]<\/p>\n","protected":false},"author":53,"featured_media":407052,"comment_status":"open","ping_status":"open","sticky":false,"template":"","format":"standard","meta":{"_stopmodifiedupdate":false,"_modified_date":"","inline_featured_image":false,"spay_email":"","jetpack_publicize_message":""},"categories":[2542],"tags":[4034,4033],"jetpack_featured_media_url":"https:\/\/notinor.com\/jujuy\/wp-content\/uploads\/2024\/04\/siembra-trigo-6.jpg","jetpack_publicize_connections":[],"_links":{"self":[{"href":"https:\/\/notinor.com\/jujuy\/wp-json\/wp\/v2\/posts\/407051"}],"collection":[{"href":"https:\/\/notinor.com\/jujuy\/wp-json\/wp\/v2\/posts"}],"about":[{"href":"https:\/\/notinor.com\/jujuy\/wp-json\/wp\/v2\/types\/post"}],"author":[{"embeddable":true,"href":"https:\/\/notinor.com\/jujuy\/wp-json\/wp\/v2\/users\/53"}],"replies":[{"embeddable":true,"href":"https:\/\/notinor.com\/jujuy\/wp-json\/wp\/v2\/comments?post=407051"}],"version-history":[{"count":1,"href":"https:\/\/notinor.com\/jujuy\/wp-json\/wp\/v2\/posts\/407051\/revisions"}],"predecessor-version":[{"id":407053,"href":"https:\/\/notinor.com\/jujuy\/wp-json\/wp\/v2\/posts\/407051\/revisions\/407053"}],"wp:featuredmedia":[{"embeddable":true,"href":"https:\/\/notinor.com\/jujuy\/wp-json\/wp\/v2\/media\/407052"}],"wp:attachment":[{"href":"https:\/\/notinor.com\/jujuy\/wp-json\/wp\/v2\/media?parent=407051"}],"wp:term":[{"taxonomy":"category","embeddable":true,"href":"https:\/\/notinor.com\/jujuy\/wp-json\/wp\/v2\/categories?post=407051"},{"taxonomy":"post_tag","embeddable":true,"href":"https:\/\/notinor.com\/jujuy\/wp-json\/wp\/v2\/tags?post=407051"}],"curies":[{"name":"wp","href":"https:\/\/api.w.org\/{rel}","templated":true}]}}