{"id":406432,"date":"2024-04-16T11:27:59","date_gmt":"2024-04-16T14:27:59","guid":{"rendered":"https:\/\/notinor.com\/jujuy\/?p=406432"},"modified":"2024-04-16T11:28:01","modified_gmt":"2024-04-16T14:28:01","slug":"brigadistas-de-jujuy-fortalecen-sus-capacidades-tecnicas","status":"publish","type":"post","link":"https:\/\/notinor.com\/jujuy\/brigadistas-de-jujuy-fortalecen-sus-capacidades-tecnicas\/","title":{"rendered":"Brigadistas de Jujuy fortalecen sus capacidades t\u00e9cnicas"},"content":{"rendered":"\n<p class=\"has-medium-font-size\"><strong><em>La capacitaci\u00f3n est\u00e1 a cargo del Sistema Nacional de Manejo del Fuego. Dio inicio el Curso B\u00e1sico para Combatientes de incendios forestales para 34 brigadistas del Ministerio de Ambiente y Cambio Clim\u00e1tico de Jujuy. <\/em><\/strong><\/p>\n\n\n<div class=\"wp-block-image\">\n<figure class=\"aligncenter size-large\"><img decoding=\"async\" loading=\"lazy\" width=\"840\" height=\"473\" src=\"https:\/\/notinor.com\/jujuy\/wp-content\/uploads\/2024\/04\/brigadistas-fuego-840x473.webp\" alt=\"\" class=\"wp-image-406434\" srcset=\"https:\/\/notinor.com\/jujuy\/wp-content\/uploads\/2024\/04\/brigadistas-fuego-840x473.webp 840w, https:\/\/notinor.com\/jujuy\/wp-content\/uploads\/2024\/04\/brigadistas-fuego-649x365.webp 649w, https:\/\/notinor.com\/jujuy\/wp-content\/uploads\/2024\/04\/brigadistas-fuego-768x432.webp 768w, https:\/\/notinor.com\/jujuy\/wp-content\/uploads\/2024\/04\/brigadistas-fuego-750x422.webp 750w, https:\/\/notinor.com\/jujuy\/wp-content\/uploads\/2024\/04\/brigadistas-fuego-1140x641.webp 1140w, https:\/\/notinor.com\/jujuy\/wp-content\/uploads\/2024\/04\/brigadistas-fuego.webp 1200w\" sizes=\"(max-width: 840px) 100vw, 840px\" \/><figcaption class=\"wp-element-caption\">Brigadistas juje\u00f1os<\/figcaption><\/figure><\/div>\n\n\n<p>Se trata de egresados de la Diplomatura Universitaria que oportunamente se llev\u00f3 adelante junto al Instituto Universitario Provincial de Seguridad, y que se han incorporado a la Direcci\u00f3n de Incendios de la Vegetaci\u00f3n y Emergencias Ambientales, con el objetivo continuar con la formaci\u00f3n profesional del trabajo que realizan.<\/p>\n\n\n\n<p>Estuvieron presentes en el lanzamiento de la formaci\u00f3n, la secretaria de Biodiversidad y Desarrollo Sustentable, Ana Rodr\u00edguez, junto al director de Incendios de Vegetaci\u00f3n y Emergencias Ambientales, Marcelo Torrico, y la directora de Biodiversidad, Malvina Quintana. <\/p>\n\n\n\n<p>Tambi\u00e9n el coordinador regional del <strong>Sistema Nacional de Manejo del Fuego (SNMF), Lautaro V\u00e1zquez; el director general de Bomberos de la Polic\u00eda de la provincia, Gustavo Carpanchai; el director general de Emergencias, Ariel Maman\u00ed; el coordinador de Sismos, Alfredo Perullini; el coordinador de Defensa Civil, Carlos Maman\u00ed; y la directora de la Escuela Agrot\u00e9cnica N\u00ba1 de El Brete, Marina Juste<\/strong>.<\/p>\n\n\n\n<p>El programa, con actividad presencial te\u00f3rica, pr\u00e1ctica y f\u00edsica se desarrollar\u00e1 en la Base Operativa Central, tiene una durabilidad de 5 d\u00edas y estar\u00e1 a cargo del Jefe de la Brigada Nacional NEA, Rodrigo Aimetta, y de los Combatientes de la Brigada Nacional NEA, Gonzalo Fern\u00e1ndez, Jos\u00e9 Mar\u00eda Batista y Yanet Rinfleich, pertenecientes al SNMF dependiente de la Subsecretar\u00eda de Ambiente de la Naci\u00f3n.<\/p>\n\n\n\n<p>Al respecto, la Secretaria Ana Rodr\u00edguez coment\u00f3:<strong> \u201cEstamos realizando la iniciaci\u00f3n del Curso B\u00e1sico para Combatientes de incendios forestales con certificaci\u00f3n nacional que proviene del Sistema Nacional de Manejo del Fuego, una capacitaci\u00f3n muy importante porque genera la habilitaci\u00f3n para que nuestros y nuestras brigadistas que egresaron de la Diplomatura provincial, est\u00e9n capacitados para trabajar a nivel nacional e internacional si el servicio lo requiere\u201d. <\/strong><\/p>\n\n\n\n<p>\u201cEl Ministerio de Ambiente y Cambio Clim\u00e1tico -agreg\u00f3- impulsa y promueve este tipo de formaciones porque consideramos fundamental la jerarquizaci\u00f3n de una de las fuerzas que interviene no solo en incendios forestales sino tambi\u00e9n en otras emergencias ambientales, por lo que nos sentimos orgullosos de poder promover este tipo de formaciones\". <\/p>\n\n\n\n<blockquote class=\"wp-block-quote\">\n<p>Participar\u00e1n 34 combatientes egresados de la Diplomatura, que ya se encuentran trabajando en las diferentes Bases Operativas de incendios forestales, de El Brete, San Pedro, Palma Sola, Yuto y Humahuaca. <\/p>\n<\/blockquote>\n\n\n\n<p><strong>El programa incluye contenidos b\u00e1sicos e introductorios dentro de la formaci\u00f3n como combatientes de incendios forestales: fuego, materiales combustibles, meteorolog\u00eda, topograf\u00eda, m\u00e9todos de combate, equipos, herramientas, comunicaciones, organizaci\u00f3n, seguridad, entre otros.<\/strong> <\/p>\n\n\n\n<p>Cabe destacar que el curso finaliza con simulacros de operativos, donde los participantes podr\u00e1n poner en pr\u00e1ctica los conocimientos te\u00f3ricos adquiridos. Importancia de la formaci\u00f3n de combatientes La diplomatura universitaria en Brigadistas de Incendios de Vegetaci\u00f3n y Emergencias ambientales form\u00f3 parte del fortalecimiento del Sistema Provincial de Manejo del Fuego, que desde el a\u00f1o 2.016 viene llevando adelante el Gobierno de Jujuy. <\/p>\n\n\n\n<p><strong>Surgi\u00f3 a partir de una pol\u00edtica estrat\u00e9gica en materia de prevenci\u00f3n y abordaje de los incendios de vegetaci\u00f3n y emergencias ambientales.<\/strong> El objetivo es formar recursos humanos competentes para la extinci\u00f3n de incendios forestales y de interfaz urbano-forestal con amplios conocimientos en el uso de t\u00e9cnicas, prevenci\u00f3n, procedimientos, operatividad, investigaci\u00f3n y tecnolog\u00edas de avanzada; a la vez de participar activamente en la construcci\u00f3n y continuidad de la Direcci\u00f3n de Incendios de la vegetaci\u00f3n y emergencias ambientales del Ministerio de Ambiente y Cambio Clim\u00e1tico.<\/p>\n","protected":false},"excerpt":{"rendered":"<p>La capacitaci\u00f3n est\u00e1 a cargo del Sistema Nacional de Manejo del Fuego. Dio inicio el Curso B\u00e1sico para Combatientes de incendios forestales para 34 brigadistas del Ministerio de Ambiente y Cambio Clim\u00e1tico de Jujuy. Se trata de egresados de la Diplomatura Universitaria que oportunamente se llev\u00f3 adelante junto al Instituto Universitario Provincial de Seguridad, y [&hellip;]<\/p>\n","protected":false},"author":53,"featured_media":406434,"comment_status":"open","ping_status":"open","sticky":false,"template":"","format":"standard","meta":{"_stopmodifiedupdate":false,"_modified_date":"","inline_featured_image":false,"spay_email":"","jetpack_publicize_message":""},"categories":[2,514],"tags":[],"jetpack_featured_media_url":"https:\/\/notinor.com\/jujuy\/wp-content\/uploads\/2024\/04\/brigadistas-fuego.webp","jetpack_publicize_connections":[],"_links":{"self":[{"href":"https:\/\/notinor.com\/jujuy\/wp-json\/wp\/v2\/posts\/406432"}],"collection":[{"href":"https:\/\/notinor.com\/jujuy\/wp-json\/wp\/v2\/posts"}],"about":[{"href":"https:\/\/notinor.com\/jujuy\/wp-json\/wp\/v2\/types\/post"}],"author":[{"embeddable":true,"href":"https:\/\/notinor.com\/jujuy\/wp-json\/wp\/v2\/users\/53"}],"replies":[{"embeddable":true,"href":"https:\/\/notinor.com\/jujuy\/wp-json\/wp\/v2\/comments?post=406432"}],"version-history":[{"count":1,"href":"https:\/\/notinor.com\/jujuy\/wp-json\/wp\/v2\/posts\/406432\/revisions"}],"predecessor-version":[{"id":406437,"href":"https:\/\/notinor.com\/jujuy\/wp-json\/wp\/v2\/posts\/406432\/revisions\/406437"}],"wp:featuredmedia":[{"embeddable":true,"href":"https:\/\/notinor.com\/jujuy\/wp-json\/wp\/v2\/media\/406434"}],"wp:attachment":[{"href":"https:\/\/notinor.com\/jujuy\/wp-json\/wp\/v2\/media?parent=406432"}],"wp:term":[{"taxonomy":"category","embeddable":true,"href":"https:\/\/notinor.com\/jujuy\/wp-json\/wp\/v2\/categories?post=406432"},{"taxonomy":"post_tag","embeddable":true,"href":"https:\/\/notinor.com\/jujuy\/wp-json\/wp\/v2\/tags?post=406432"}],"curies":[{"name":"wp","href":"https:\/\/api.w.org\/{rel}","templated":true}]}}