{"id":406413,"date":"2024-04-15T22:20:00","date_gmt":"2024-04-16T01:20:00","guid":{"rendered":"https:\/\/notinor.com\/jujuy\/?p=406413"},"modified":"2024-04-15T10:20:13","modified_gmt":"2024-04-15T10:20:13","slug":"arranca-la-liga-municipal-de-newcom-un-espacio-de-inclusion-para-adultos-mayores","status":"publish","type":"post","link":"https:\/\/notinor.com\/jujuy\/arranca-la-liga-municipal-de-newcom-un-espacio-de-inclusion-para-adultos-mayores\/","title":{"rendered":"Arranca la Liga Municipal de Newcom, un espacio de inclusi\u00f3n para adultos mayores"},"content":{"rendered":"\n<p class=\"has-medium-font-size\"><strong><em>La Municipalidad se prepara para dar inicio a la esperada Liga Municipal de Newcom, un evento deportivo que ha ganado gran relevancia no solo a nivel local, sino tambi\u00e9n a nivel provincial y nacional. Con el respaldo de la Secretar\u00eda de Desarrollo Humano, a trav\u00e9s de la Direcci\u00f3n Gral. de Deportes, y la Direcci\u00f3n de Adultos Mayores, esta competencia se ha conformado como un hito en el calendario deportivo de la ciudad.<\/em><\/strong><\/p>\n\n\n<div class=\"wp-block-image\">\n<figure class=\"aligncenter size-large\"><img decoding=\"async\" loading=\"lazy\" width=\"784\" height=\"480\" src=\"https:\/\/notinor.com\/jujuy\/wp-content\/uploads\/2024\/04\/neucon-784x480.jpg\" alt=\"\" class=\"wp-image-406417\" srcset=\"https:\/\/notinor.com\/jujuy\/wp-content\/uploads\/2024\/04\/neucon-784x480.jpg 784w, https:\/\/notinor.com\/jujuy\/wp-content\/uploads\/2024\/04\/neucon-596x365.jpg 596w, https:\/\/notinor.com\/jujuy\/wp-content\/uploads\/2024\/04\/neucon-768x470.jpg 768w, https:\/\/notinor.com\/jujuy\/wp-content\/uploads\/2024\/04\/neucon-750x459.jpg 750w, https:\/\/notinor.com\/jujuy\/wp-content\/uploads\/2024\/04\/neucon.jpg 1024w\" sizes=\"(max-width: 784px) 100vw, 784px\" \/><\/figure><\/div>\n\n\n<p>Presentando el evento, estuvo la directora General de Deportes, <strong>Cristina \u201cKitty\u201d Conde<\/strong>, qui\u00e9n celebr\u00f3 el inicio, un a\u00f1o m\u00e1s, del tan esperado torneo, \u201ceste es el tercer a\u00f1o de la Liga Municipal de Newcom, un torneo que est\u00e1 creciendo much\u00edsimo, no solo a nivel provincial, sino tambi\u00e9n a nivel nacional, y desde el municipio, trabajando en equipo con la Direcci\u00f3n de Adultos Mayores, para dar comienzo este viernes 19 de abril con la participaci\u00f3n de varios equipos y una continuidad de tres meses\u201d.<\/p>\n\n\n\n<p>Por su parte,<strong> Mirta Humacata<\/strong>, directora de Adultos Mayores, mencion\u00f3 que a la par del torneo, se presentar\u00e1n diversos talleres para la pr\u00e1ctica de los adultos mayores de la ciudad que lo deseen, \u201cseguimos trabajando con la Direcci\u00f3n General de Deportes, acercando todos los talleres que tenemos en la direcci\u00f3n como Newcom, ajedrez, los tallados de madera, son variados los que brindamos en la Direcci\u00f3n de Adultos Mayores. Estaremos mostrando a todos los adultos y al p\u00fablico en general estas actividades para que se acerquen, vengan y participen en esta actividad hermosa\u201d.<\/p>\n\n\n\n<p>A su turno, Gustavo Caliva, subdirector General de Deportes, subray\u00f3 el compromiso con la diversidad y la inclusi\u00f3n, \u201clas categor\u00edas que van a participar este a\u00f1o van a ser M\u00e1s 50, M\u00e1s 70, Mixto y tambi\u00e9n Femenino. Vamos a hacer una reuni\u00f3n de delegados el mi\u00e9rcoles 17 de abril, a partir de las 19 horas para todos los equipos que se quieran inscribir, ya que tienen opci\u00f3n para inscribirse hasta esa fecha, y dejamos abierta tambi\u00e9n la participaci\u00f3n\u201d.<\/p>\n\n\n\n<p>Adem\u00e1s, indic\u00f3 que se establecer\u00e1 una din\u00e1mica de juego que permita la participaci\u00f3n de todos los interesados, \u201cse jugar\u00e1 dos domingos al mes, ya estaremos confirmando los escenarios, pero en principio haremos el gran lanzamiento este viernes 19, as\u00ed que tambi\u00e9n invitamos a toda la gente que se quiera sumar a este deporte con la idea tambi\u00e9n es expandirlo por todos los barrios. En Alto Comedero tambi\u00e9n se est\u00e1 jugando Newcom, ellos van a participar los d\u00edas s\u00e1bados, as\u00ed que esperamos que crezca esta liga y haya un espacio de contenci\u00f3n para los adultos mayores\u201d, agreg\u00f3 Caliva.<\/p>\n\n\n\n<p>Finalmente, Jos\u00e9 Hiruela, remarc\u00f3 el potencial del Newcom como deporte en ascenso, \u201cviene en auge en todo el pa\u00eds, est\u00e1 creciendo much\u00edsimo, est\u00e1 dentro de la pol\u00edtica tambi\u00e9n de desarrollo de lo que es la Federaci\u00f3n de V\u00f3ley, es un momento de contenci\u00f3n en los adultos mayores muy importante. La idea, como iniciativa de la Municipalidad es generar ese espacio y darle una continuidad, una regularidad en el torneo durante todo el a\u00f1o en condiciones estables y que constantemente se juegue y que no se suspenda, ya sea por cuestiones clim\u00e1ticas ni por cuestiones log\u00edsticas, as\u00ed que en buena hora lo que est\u00e1 haciendo la Municipalidad para los adultos mayores\u201d.<\/p>\n\n\n\n<p><strong>Nota audiovisual:<\/strong>&nbsp;<a href=\"https:\/\/youtu.be\/iQNV4ZOke18\" target=\"_blank\" rel=\"noreferrer noopener\">https:\/\/youtu.be\/iQNV4ZOke18<\/a><\/p>\n","protected":false},"excerpt":{"rendered":"<p>La Municipalidad se prepara para dar inicio a la esperada Liga Municipal de Newcom, un evento deportivo que ha ganado gran relevancia no solo a nivel local, sino tambi\u00e9n a nivel provincial y nacional. Con el respaldo de la Secretar\u00eda de Desarrollo Humano, a trav\u00e9s de la Direcci\u00f3n Gral. de Deportes, y la Direcci\u00f3n de [&hellip;]<\/p>\n","protected":false},"author":5,"featured_media":406416,"comment_status":"open","ping_status":"open","sticky":false,"template":"","format":"standard","meta":{"_stopmodifiedupdate":false,"_modified_date":"","inline_featured_image":false,"spay_email":"","jetpack_publicize_message":""},"categories":[7],"tags":[],"jetpack_featured_media_url":"https:\/\/notinor.com\/jujuy\/wp-content\/uploads\/2024\/04\/newcon.jpg","jetpack_publicize_connections":[],"_links":{"self":[{"href":"https:\/\/notinor.com\/jujuy\/wp-json\/wp\/v2\/posts\/406413"}],"collection":[{"href":"https:\/\/notinor.com\/jujuy\/wp-json\/wp\/v2\/posts"}],"about":[{"href":"https:\/\/notinor.com\/jujuy\/wp-json\/wp\/v2\/types\/post"}],"author":[{"embeddable":true,"href":"https:\/\/notinor.com\/jujuy\/wp-json\/wp\/v2\/users\/5"}],"replies":[{"embeddable":true,"href":"https:\/\/notinor.com\/jujuy\/wp-json\/wp\/v2\/comments?post=406413"}],"version-history":[{"count":1,"href":"https:\/\/notinor.com\/jujuy\/wp-json\/wp\/v2\/posts\/406413\/revisions"}],"predecessor-version":[{"id":406418,"href":"https:\/\/notinor.com\/jujuy\/wp-json\/wp\/v2\/posts\/406413\/revisions\/406418"}],"wp:featuredmedia":[{"embeddable":true,"href":"https:\/\/notinor.com\/jujuy\/wp-json\/wp\/v2\/media\/406416"}],"wp:attachment":[{"href":"https:\/\/notinor.com\/jujuy\/wp-json\/wp\/v2\/media?parent=406413"}],"wp:term":[{"taxonomy":"category","embeddable":true,"href":"https:\/\/notinor.com\/jujuy\/wp-json\/wp\/v2\/categories?post=406413"},{"taxonomy":"post_tag","embeddable":true,"href":"https:\/\/notinor.com\/jujuy\/wp-json\/wp\/v2\/tags?post=406413"}],"curies":[{"name":"wp","href":"https:\/\/api.w.org\/{rel}","templated":true}]}}