{"id":406370,"date":"2024-04-15T23:13:33","date_gmt":"2024-04-16T02:13:33","guid":{"rendered":"https:\/\/notinor.com\/jujuy\/?p=406370"},"modified":"2024-04-15T23:13:34","modified_gmt":"2024-04-16T02:13:34","slug":"escandalosa-eliminacion-de-independiente-empato-con-talleres-en-un-partidazo-y-los-dos-quedaron-afuera-de-los-cuartos","status":"publish","type":"post","link":"https:\/\/notinor.com\/jujuy\/escandalosa-eliminacion-de-independiente-empato-con-talleres-en-un-partidazo-y-los-dos-quedaron-afuera-de-los-cuartos\/","title":{"rendered":"Escandalosa eliminaci\u00f3n de Independiente: empat\u00f3 con Talleres en un partidazo y los dos quedaron afuera de los cuartos"},"content":{"rendered":"\n<p class=\"has-medium-font-size\"><strong><em>En el Libertadores de Am\u00e9rica, el Rojo y la T empataron 2-2 en un encuentro lleno de emociones, arrancaron arriba los locales y con uno menos lo igual\u00f3 la T en el complemento. El resultado no le sirvi\u00f3 a ninguno de los dos.<\/em><\/strong><\/p>\n\n\n\n<p><\/p>\n\n\n<div class=\"wp-block-image\">\n<figure class=\"aligncenter size-full\"><img decoding=\"async\" loading=\"lazy\" width=\"800\" height=\"450\" src=\"https:\/\/notinor.com\/jujuy\/wp-content\/uploads\/2024\/04\/independiente-talleres.jpg\" alt=\"\" class=\"wp-image-406371\" srcset=\"https:\/\/notinor.com\/jujuy\/wp-content\/uploads\/2024\/04\/independiente-talleres.jpg 800w, https:\/\/notinor.com\/jujuy\/wp-content\/uploads\/2024\/04\/independiente-talleres-649x365.jpg 649w, https:\/\/notinor.com\/jujuy\/wp-content\/uploads\/2024\/04\/independiente-talleres-500x280.jpg 500w, https:\/\/notinor.com\/jujuy\/wp-content\/uploads\/2024\/04\/independiente-talleres-768x432.jpg 768w, https:\/\/notinor.com\/jujuy\/wp-content\/uploads\/2024\/04\/independiente-talleres-750x422.jpg 750w\" sizes=\"(max-width: 800px) 100vw, 800px\" \/><\/figure><\/div>\n\n\n<p><\/p>\n\n\n\n<p>Dura eliminaci\u00f3n de Independiente, el Rojo empat\u00f3 2-2 con Talleres , por la fecha 14 de la Copa de la Liga Profesional, y con este resultado ninguno de los dos se pudo meter entre los cuatro que se clasifican en la zona A. El Rojo ganaba \u00a02-0, pero con diez por la expulsi\u00f3n de Navarro la T lo igual\u00f3 en una r\u00e1faga en el complemento. El resultado en el Libertadores de Am\u00e9rica no le sirvi\u00f3 a ninguno de los dos por las victorias de River y de V\u00e9lez.<\/p>\n\n\n\n<p>Ambos equipos llegaban a la definici\u00f3n en Avellaneda dependiendo de si mismo, quien ganara se asegurar\u00eda su lugar en los playoffs de la Copa, pero el destino quiso que sea un partidazo cargado de emociones para los neutrales. En el primer tiempo fue todo para los de Carlos Tevez, que dominaban en el juego y aunque les cost\u00f3 establecer la diferencia en el arco, a los 34 minutos Adri\u00e1n Sporle hizo el primero de cabeza. Cuando se terminaba la primera mitad y Nicol\u00e1s Ram\u00edrez fue llamado para chequear un posible penal por una mano ampliada en el \u00e1rea. No solo fue penal para el Rojo, sino que tambi\u00e9n el \u00e1rbitro se vio obligado a mostrarle la segunda amarilla a Miguel Navarro, que dej\u00f3 con diez a los cordobeses. De la ejecuci\u00f3n se hizo cargo Alexis Canelo. Los del Apache se iban al descanso 2-0 arriba y afrontar\u00edan todo lo que quedaba con uno m\u00e1s que su rival.<\/p>\n\n\n\n<p>Pero el complemento dar\u00eda vuelta todo, la T sali\u00f3 con todo y en dos minutos puso las cosas iguales de nuevo. Primero fue Federico Girotti que a los cinco descont\u00f3 y luego dos minutos despu\u00e9s Gast\u00f3n Benavidez encontr\u00f3 en el coraz\u00f3n del \u00e1rea un centro que de cabeza mand\u00f3 al fondo de la red. En ese momento, adem\u00e1s igual\u00f3 River su partido ante Instituto que luego termin\u00f3 ganando &nbsp;y con el triunfo de V\u00e9lez, que se impuso en Mendoza ante Independiente Rivadavia, el empate no le serv\u00eda a ninguno de los dos.<\/p>\n\n\n\n<p>En los minutos finales el partido se quebr\u00f3 y ambos buscaron el gol que les diera la clasificaci\u00f3n. En los noventa lo tuvo de nuevo Girotti cuando desvi\u00f3 un centro rasante de Bou, pero el VAR anul\u00f3 todo por posici\u00f3n adelantada en el inicio de la jugada. En los minutos de adici\u00f3n pudo haber sido para el Rojo tambi\u00e9n, lo tuvieron Lazo, Maestro Puch y Canelo.<\/p>\n\n\n\n<p>No fue para ninguno de los dos y ambos volver\u00e1n a la competencia cuando en mayo comience la Liga Profesional.<\/p>\n","protected":false},"excerpt":{"rendered":"<p>En el Libertadores de Am\u00e9rica, el Rojo y la T empataron 2-2 en un encuentro lleno de emociones, arrancaron arriba los locales y con uno menos lo igual\u00f3 la T en el complemento. El resultado no le sirvi\u00f3 a ninguno de los dos. Dura eliminaci\u00f3n de Independiente, el Rojo empat\u00f3 2-2 con Talleres , por [&hellip;]<\/p>\n","protected":false},"author":49,"featured_media":406371,"comment_status":"open","ping_status":"open","sticky":false,"template":"","format":"standard","meta":{"_stopmodifiedupdate":false,"_modified_date":"","inline_featured_image":false,"spay_email":"","jetpack_publicize_message":""},"categories":[7],"tags":[],"jetpack_featured_media_url":"https:\/\/notinor.com\/jujuy\/wp-content\/uploads\/2024\/04\/independiente-talleres.jpg","jetpack_publicize_connections":[],"_links":{"self":[{"href":"https:\/\/notinor.com\/jujuy\/wp-json\/wp\/v2\/posts\/406370"}],"collection":[{"href":"https:\/\/notinor.com\/jujuy\/wp-json\/wp\/v2\/posts"}],"about":[{"href":"https:\/\/notinor.com\/jujuy\/wp-json\/wp\/v2\/types\/post"}],"author":[{"embeddable":true,"href":"https:\/\/notinor.com\/jujuy\/wp-json\/wp\/v2\/users\/49"}],"replies":[{"embeddable":true,"href":"https:\/\/notinor.com\/jujuy\/wp-json\/wp\/v2\/comments?post=406370"}],"version-history":[{"count":1,"href":"https:\/\/notinor.com\/jujuy\/wp-json\/wp\/v2\/posts\/406370\/revisions"}],"predecessor-version":[{"id":406372,"href":"https:\/\/notinor.com\/jujuy\/wp-json\/wp\/v2\/posts\/406370\/revisions\/406372"}],"wp:featuredmedia":[{"embeddable":true,"href":"https:\/\/notinor.com\/jujuy\/wp-json\/wp\/v2\/media\/406371"}],"wp:attachment":[{"href":"https:\/\/notinor.com\/jujuy\/wp-json\/wp\/v2\/media?parent=406370"}],"wp:term":[{"taxonomy":"category","embeddable":true,"href":"https:\/\/notinor.com\/jujuy\/wp-json\/wp\/v2\/categories?post=406370"},{"taxonomy":"post_tag","embeddable":true,"href":"https:\/\/notinor.com\/jujuy\/wp-json\/wp\/v2\/tags?post=406370"}],"curies":[{"name":"wp","href":"https:\/\/api.w.org\/{rel}","templated":true}]}}