{"id":406357,"date":"2024-04-16T07:30:00","date_gmt":"2024-04-16T10:30:00","guid":{"rendered":"https:\/\/notinor.com\/jujuy\/?p=406357"},"modified":"2024-04-15T19:21:59","modified_gmt":"2024-04-15T22:21:59","slug":"caputo-viaja-a-washington-para-conseguir-nuevos-fondos-del-fmi","status":"publish","type":"post","link":"https:\/\/notinor.com\/jujuy\/caputo-viaja-a-washington-para-conseguir-nuevos-fondos-del-fmi\/","title":{"rendered":"Caputo viaja a Washington para conseguir nuevos fondos del FMI"},"content":{"rendered":"\n<p class=\"has-medium-font-size\"><strong><em>El ministro de Econom\u00eda, Luis Caputo, encara una semana clave y viaja este martes a Estados Unidos para participar de las reuniones de primavera del Fondo Monetario Internacional (FMI) y el Banco Mundial.<\/em><\/strong><\/p>\n\n\n<div class=\"wp-block-image\">\n<figure class=\"aligncenter size-large\"><img decoding=\"async\" loading=\"lazy\" width=\"840\" height=\"473\" src=\"https:\/\/notinor.com\/jujuy\/wp-content\/uploads\/2024\/01\/CAPUTO-Y-GEORGIEVA-940x529-1-840x473.jpg\" alt=\"\" class=\"wp-image-400592\" srcset=\"https:\/\/notinor.com\/jujuy\/wp-content\/uploads\/2024\/01\/CAPUTO-Y-GEORGIEVA-940x529-1-840x473.jpg 840w, https:\/\/notinor.com\/jujuy\/wp-content\/uploads\/2024\/01\/CAPUTO-Y-GEORGIEVA-940x529-1-649x365.jpg 649w, https:\/\/notinor.com\/jujuy\/wp-content\/uploads\/2024\/01\/CAPUTO-Y-GEORGIEVA-940x529-1-768x432.jpg 768w, https:\/\/notinor.com\/jujuy\/wp-content\/uploads\/2024\/01\/CAPUTO-Y-GEORGIEVA-940x529-1-750x422.jpg 750w, https:\/\/notinor.com\/jujuy\/wp-content\/uploads\/2024\/01\/CAPUTO-Y-GEORGIEVA-940x529-1.jpg 940w\" sizes=\"(max-width: 840px) 100vw, 840px\" \/><figcaption class=\"wp-element-caption\">Giorgieva y Caputo<\/figcaption><\/figure><\/div>\n\n\n<p>El ministro de Econom\u00eda participar\u00e1 de las reuniones de primavera del Fondo y el Banco Mundial que se desarrollar\u00e1n hasta el domingo 21 de abril. Viajar\u00e1 este martes. <strong>Seg\u00fan confirmaron fuentes oficiales, los encuentros tendr\u00e1n lugar en la sede de ambos organismos en Washington, desde el lunes 15 de abril hasta el s\u00e1bado 20, y ser\u00e1n relevantes para retomar las negociaciones de un nuevo acuerdo con el Fondo.<\/strong><\/p>\n\n\n\n<p>En el transcurso de las jornadas, los organismos dar\u00e1n a conocer las nuevas perspectivas globales y las proyecciones actualizadas para las principales econom\u00edas del mundo.<\/p>\n\n\n\n<blockquote class=\"wp-block-quote\">\n<p>En el caso de la Argentina, el staff report que elabor\u00f3 el equipo t\u00e9cnico del Banco Mundial recientemente estim\u00f3 una recesi\u00f3n de 2,8% y una inflaci\u00f3n promedio de 250% en 2024.<\/p>\n<\/blockquote>\n\n\n\n<p>Adem\u00e1s de participar en los encuentros centrales, <strong>Caputo buscar\u00e1 reunirse bilateralmente con la Directora Gerente del Fondo, Kristalina Georgieva, y su n\u00famero dos, Gita Gopinath, para avanzar con las negociaciones sobre un nuevo acuerdo.<\/strong><\/p>\n\n\n\n<p>Si bien se trata de un evento al que los ministros de Econom\u00eda y funcionarios de finanzas suelen asistir, en esta ocasi\u00f3n toma mayor relevancia porque Caputo podr\u00e1 llevar a negociaci\u00f3n los n\u00fameros que dejan entrever el cumplimiento de las principales metas del programa con la intenci\u00f3n de avanzar en un eventual desembolso adicional.<\/p>\n\n\n\n<p>Esa posibilidad, de todos modos, explicaron fuentes al tanto de las conversaciones, implicar\u00eda nuevas condiciones como un ajuste sobre el tipo de cambio oficial, lo cual generar\u00eda un problema adicional:<strong> si el Gobierno avanza en una nueva devaluaci\u00f3n, se complicar\u00eda el objetivo de mostrar una desaceleraci\u00f3n en el \u00edndice de inflaci\u00f3n<\/strong>.<\/p>\n","protected":false},"excerpt":{"rendered":"<p>El ministro de Econom\u00eda, Luis Caputo, encara una semana clave y viaja este martes a Estados Unidos para participar de las reuniones de primavera del Fondo Monetario Internacional (FMI) y el Banco Mundial. El ministro de Econom\u00eda participar\u00e1 de las reuniones de primavera del Fondo y el Banco Mundial que se desarrollar\u00e1n hasta el domingo [&hellip;]<\/p>\n","protected":false},"author":53,"featured_media":400592,"comment_status":"open","ping_status":"open","sticky":false,"template":"","format":"standard","meta":{"_stopmodifiedupdate":false,"_modified_date":"","inline_featured_image":false,"spay_email":"","jetpack_publicize_message":""},"categories":[2,676],"tags":[3237,1239,3984],"jetpack_featured_media_url":"https:\/\/notinor.com\/jujuy\/wp-content\/uploads\/2024\/01\/CAPUTO-Y-GEORGIEVA-940x529-1.jpg","jetpack_publicize_connections":[],"_links":{"self":[{"href":"https:\/\/notinor.com\/jujuy\/wp-json\/wp\/v2\/posts\/406357"}],"collection":[{"href":"https:\/\/notinor.com\/jujuy\/wp-json\/wp\/v2\/posts"}],"about":[{"href":"https:\/\/notinor.com\/jujuy\/wp-json\/wp\/v2\/types\/post"}],"author":[{"embeddable":true,"href":"https:\/\/notinor.com\/jujuy\/wp-json\/wp\/v2\/users\/53"}],"replies":[{"embeddable":true,"href":"https:\/\/notinor.com\/jujuy\/wp-json\/wp\/v2\/comments?post=406357"}],"version-history":[{"count":1,"href":"https:\/\/notinor.com\/jujuy\/wp-json\/wp\/v2\/posts\/406357\/revisions"}],"predecessor-version":[{"id":406358,"href":"https:\/\/notinor.com\/jujuy\/wp-json\/wp\/v2\/posts\/406357\/revisions\/406358"}],"wp:featuredmedia":[{"embeddable":true,"href":"https:\/\/notinor.com\/jujuy\/wp-json\/wp\/v2\/media\/400592"}],"wp:attachment":[{"href":"https:\/\/notinor.com\/jujuy\/wp-json\/wp\/v2\/media?parent=406357"}],"wp:term":[{"taxonomy":"category","embeddable":true,"href":"https:\/\/notinor.com\/jujuy\/wp-json\/wp\/v2\/categories?post=406357"},{"taxonomy":"post_tag","embeddable":true,"href":"https:\/\/notinor.com\/jujuy\/wp-json\/wp\/v2\/tags?post=406357"}],"curies":[{"name":"wp","href":"https:\/\/api.w.org\/{rel}","templated":true}]}}