{"id":406354,"date":"2024-04-16T07:00:00","date_gmt":"2024-04-16T10:00:00","guid":{"rendered":"https:\/\/notinor.com\/jujuy\/?p=406354"},"modified":"2024-04-15T18:57:14","modified_gmt":"2024-04-15T21:57:14","slug":"union-europea-habilita-la-importacion-de-embriones-bovinos-procedentes-de-argentina","status":"publish","type":"post","link":"https:\/\/notinor.com\/jujuy\/union-europea-habilita-la-importacion-de-embriones-bovinos-procedentes-de-argentina\/","title":{"rendered":"Uni\u00f3n Europea habilita la importaci\u00f3n de embriones bovinos procedentes de Argentina"},"content":{"rendered":"\n<p class=\"has-medium-font-size\"><strong><em>El env\u00edo suspendido por la UE en 2021, se reabri\u00f3 tras negociaciones del Senasa, la Secretar\u00eda de Bioeconom\u00eda y Canciller\u00eda.<\/em><\/strong><\/p>\n\n\n<div class=\"wp-block-image\">\n<figure class=\"aligncenter size-large\"><img decoding=\"async\" loading=\"lazy\" width=\"840\" height=\"473\" src=\"https:\/\/notinor.com\/jujuy\/wp-content\/uploads\/2024\/04\/ganaderia-16-840x473.jpg\" alt=\"\" class=\"wp-image-406355\" srcset=\"https:\/\/notinor.com\/jujuy\/wp-content\/uploads\/2024\/04\/ganaderia-16-840x473.jpg 840w, https:\/\/notinor.com\/jujuy\/wp-content\/uploads\/2024\/04\/ganaderia-16-649x365.jpg 649w, https:\/\/notinor.com\/jujuy\/wp-content\/uploads\/2024\/04\/ganaderia-16-768x432.jpg 768w, https:\/\/notinor.com\/jujuy\/wp-content\/uploads\/2024\/04\/ganaderia-16-750x422.jpg 750w, https:\/\/notinor.com\/jujuy\/wp-content\/uploads\/2024\/04\/ganaderia-16.jpg 1024w\" sizes=\"(max-width: 840px) 100vw, 840px\" \/><figcaption class=\"wp-element-caption\">Bovinos<\/figcaption><\/figure><\/div>\n\n\n<p><strong>El Servicio Nacional de Sanidad y Calidad Agroalimentaria (Senasa) comunic\u00f3 que, luego de tres a\u00f1os, la Argentina volver\u00e1 a exportar a la Uni\u00f3n Europea (UE) embriones bovinos recolectados \u201cin vivo\u201d desde zonas libres de Fiebre aftosa con vacunaci\u00f3n.<\/strong><\/p>\n\n\n\n<p>Se trata de una operatoria que hab\u00eda sido discontinuada en 2021 debido a que ese a\u00f1o la UE modific\u00f3 su paquete normativo y estableci\u00f3 que los embriones bovinos recolectados \u201cin vivo\u201d con posterioridad al 21 de abril del 2021 deb\u00edan proceder exclusivamente de zonas libres de Fiebre aftosa sin vacunaci\u00f3n.<\/p>\n\n\n\n<p><strong>Tras los reclamos de Argentina por el cierre de un mercado sin motivo sanitario y las negociaciones de la Secretar\u00eda de Bioeconom\u00eda, el Senasa y la Consejer\u00eda Agr\u00edcola de la embajada argentina ante la UE<\/strong>, se aprob\u00f3 el Reglamento de ejecuci\u00f3n 351\/2024 de la comisi\u00f3n del 17 de enero de 2024 y se modific\u00f3 la norma Re. UE 403\/21.<\/p>\n\n\n\n<p>El reglamento incorpora el nuevo modelo de Certificado Veterinario Internacional (CVI) para la exportaci\u00f3n de embriones bovinos obtenidos \u2018\u2019in vivo\u2019\u2019 e in vitro con destino a la UE recolectados despu\u00e9s del 21 de abril de 2021, identificado como BOV-OOCYTES-EMB-A-ENTRY disponible aqui.<\/p>\n\n\n\n<blockquote class=\"wp-block-quote\">\n<p>Ese certificado se utiliza para el env\u00edo de embriones recolectados in vivo de donantes vacunadas contra la Fiebre aftosa. <\/p>\n<\/blockquote>\n\n\n\n<p>Cuando se trate de embriones in vitro, \u00e9stos deben ser obtenidos exclusivamente de donantes no vacunadas contra esta enfermedad. En ambos casos, se mantiene la exigencia de los a\u00f1os anteriores, que establece que el semen utilizado para la inseminaci\u00f3n debe ser importado desde pa\u00edses autorizados por la UE.<\/p>\n","protected":false},"excerpt":{"rendered":"<p>El env\u00edo suspendido por la UE en 2021, se reabri\u00f3 tras negociaciones del Senasa, la Secretar\u00eda de Bioeconom\u00eda y Canciller\u00eda. El Servicio Nacional de Sanidad y Calidad Agroalimentaria (Senasa) comunic\u00f3 que, luego de tres a\u00f1os, la Argentina volver\u00e1 a exportar a la Uni\u00f3n Europea (UE) embriones bovinos recolectados \u201cin vivo\u201d desde zonas libres de Fiebre [&hellip;]<\/p>\n","protected":false},"author":53,"featured_media":406355,"comment_status":"open","ping_status":"open","sticky":false,"template":"","format":"standard","meta":{"_stopmodifiedupdate":false,"_modified_date":"","inline_featured_image":false,"spay_email":"","jetpack_publicize_message":""},"categories":[2542],"tags":[573,3983,3982,3981],"jetpack_featured_media_url":"https:\/\/notinor.com\/jujuy\/wp-content\/uploads\/2024\/04\/ganaderia-16.jpg","jetpack_publicize_connections":[],"_links":{"self":[{"href":"https:\/\/notinor.com\/jujuy\/wp-json\/wp\/v2\/posts\/406354"}],"collection":[{"href":"https:\/\/notinor.com\/jujuy\/wp-json\/wp\/v2\/posts"}],"about":[{"href":"https:\/\/notinor.com\/jujuy\/wp-json\/wp\/v2\/types\/post"}],"author":[{"embeddable":true,"href":"https:\/\/notinor.com\/jujuy\/wp-json\/wp\/v2\/users\/53"}],"replies":[{"embeddable":true,"href":"https:\/\/notinor.com\/jujuy\/wp-json\/wp\/v2\/comments?post=406354"}],"version-history":[{"count":1,"href":"https:\/\/notinor.com\/jujuy\/wp-json\/wp\/v2\/posts\/406354\/revisions"}],"predecessor-version":[{"id":406356,"href":"https:\/\/notinor.com\/jujuy\/wp-json\/wp\/v2\/posts\/406354\/revisions\/406356"}],"wp:featuredmedia":[{"embeddable":true,"href":"https:\/\/notinor.com\/jujuy\/wp-json\/wp\/v2\/media\/406355"}],"wp:attachment":[{"href":"https:\/\/notinor.com\/jujuy\/wp-json\/wp\/v2\/media?parent=406354"}],"wp:term":[{"taxonomy":"category","embeddable":true,"href":"https:\/\/notinor.com\/jujuy\/wp-json\/wp\/v2\/categories?post=406354"},{"taxonomy":"post_tag","embeddable":true,"href":"https:\/\/notinor.com\/jujuy\/wp-json\/wp\/v2\/tags?post=406354"}],"curies":[{"name":"wp","href":"https:\/\/api.w.org\/{rel}","templated":true}]}}