{"id":405605,"date":"2024-04-02T21:43:00","date_gmt":"2024-04-03T00:43:00","guid":{"rendered":"https:\/\/notinor.com\/jujuy\/?p=405605"},"modified":"2024-04-02T09:43:22","modified_gmt":"2024-04-02T09:43:22","slug":"acto-en-conmemoracion-de-los-15-anos-del-fallecimiento-del-dr-raul-alfonsin","status":"publish","type":"post","link":"https:\/\/notinor.com\/jujuy\/acto-en-conmemoracion-de-los-15-anos-del-fallecimiento-del-dr-raul-alfonsin\/","title":{"rendered":"Acto en conmemoraci\u00f3n de los 15 A\u00f1os del fallecimiento del Dr. Ra\u00fal Alfons\u00edn"},"content":{"rendered":"\n<p class=\"has-medium-font-size\"><strong><em>En un emotivo acto celebrado en el busto del ex presidente Ra\u00fal Alfons\u00edn, ubicado en la colectora de la ruta 66, se reunieron funcionarios y vecinos de San Salvador de Jujuy para conmemorar el 15 aniversario del fallecimiento del l\u00edder pol\u00edtico argentino. Entre los presentes destacaron la secretaria d Planificaci\u00f3n y Ambiente Adriana Diaz y el presidente del Concejo Deliberante, Lisandro Aguiar, quien pronunci\u00f3 palabras que rememoran la importancia del legado de Alfons\u00edn en la historia democr\u00e1tica del pa\u00eds.<\/em><\/strong><\/p>\n\n\n<div class=\"wp-block-image\">\n<figure class=\"aligncenter size-large\"><img decoding=\"async\" loading=\"lazy\" width=\"720\" height=\"480\" src=\"https:\/\/notinor.com\/jujuy\/wp-content\/uploads\/2024\/04\/alfonsin-1-720x480.jpg\" alt=\"\" class=\"wp-image-405607\" srcset=\"https:\/\/notinor.com\/jujuy\/wp-content\/uploads\/2024\/04\/alfonsin-1-720x480.jpg 720w, https:\/\/notinor.com\/jujuy\/wp-content\/uploads\/2024\/04\/alfonsin-1-547x365.jpg 547w, https:\/\/notinor.com\/jujuy\/wp-content\/uploads\/2024\/04\/alfonsin-1-768x512.jpg 768w, https:\/\/notinor.com\/jujuy\/wp-content\/uploads\/2024\/04\/alfonsin-1-750x500.jpg 750w, https:\/\/notinor.com\/jujuy\/wp-content\/uploads\/2024\/04\/alfonsin-1.jpg 1024w\" sizes=\"(max-width: 720px) 100vw, 720px\" \/><\/figure><\/div>\n\n\n<p>\u201cRecordando un aniversario m\u00e1s del fallecimiento del expresidente Ra\u00fal Alfons\u00edn. Es fundamental esta figura en el marco de la democracia argentina que acaba de cumplir 40 a\u00f1os de vida, 40 a\u00f1os de vigencia en este renacer de lo que fueron las instituciones democr\u00e1ticas y constitucionales del pa\u00eds\u201d, expres\u00f3 Aguiar, destacando el papel crucial que desempe\u00f1\u00f3 Alfons\u00edn en la restauraci\u00f3n de la democracia tras a\u00f1os de dictadura militar.<\/p>\n\n\n\n<p>Aguiar hizo hincapi\u00e9 en la importancia de mantener viva la memoria del expresidente, especialmente en un momento en el que la pol\u00edtica enfrenta desaf\u00edos y cr\u00edticas. \u201cNos llena de orgullo y nos llena de esperanza ver este grupo que hoy est\u00e1 ac\u00e1 reunido de j\u00f3venes, de vecinos de distintos sectores de la ciudad acompa\u00f1ando ac\u00e1 en Alto Comedero\u201d, se\u00f1al\u00f3.<\/p>\n\n\n\n<p>El presidente del Concejo Deliberante record\u00f3 el compromiso de Alfons\u00edn con la defensa de la constituci\u00f3n y las instituciones democr\u00e1ticas, resaltando su valent\u00eda durante momentos dif\u00edciles como el conflicto b\u00e9lico de Malvinas. \u201cPensar en la transformaci\u00f3n a trav\u00e9s de la pol\u00edtica es fundamental, eso pens\u00f3 y so\u00f1\u00f3 el doctor Alfons\u00edn cuando empez\u00f3 su lucha en el marco del dif\u00edcil momento del golpe militar del a\u00f1o 76 donde se escuchaba su voz solitaria oponi\u00e9ndose\u201d, agreg\u00f3.<\/p>\n\n\n\n<p>Asimismo, Aguiar destac\u00f3 la visi\u00f3n de Alfons\u00edn sobre la democracia social, subrayando la importancia de un Estado presente que garantice la igualdad de oportunidades para todos los ciudadanos. \u201cPor eso reivindicamos la socialdemocracia que Alfons\u00edn defend\u00eda y por eso hoy estamos ac\u00e1, 15 a\u00f1os de su muerte, reivindicando su figura\u201d, concluy\u00f3.<\/p>\n","protected":false},"excerpt":{"rendered":"<p>En un emotivo acto celebrado en el busto del ex presidente Ra\u00fal Alfons\u00edn, ubicado en la colectora de la ruta 66, se reunieron funcionarios y vecinos de San Salvador de Jujuy para conmemorar el 15 aniversario del fallecimiento del l\u00edder pol\u00edtico argentino. Entre los presentes destacaron la secretaria d Planificaci\u00f3n y Ambiente Adriana Diaz y [&hellip;]<\/p>\n","protected":false},"author":5,"featured_media":405606,"comment_status":"open","ping_status":"open","sticky":false,"template":"","format":"standard","meta":{"_stopmodifiedupdate":false,"_modified_date":"","inline_featured_image":false,"spay_email":"","jetpack_publicize_message":""},"categories":[13],"tags":[],"jetpack_featured_media_url":"https:\/\/notinor.com\/jujuy\/wp-content\/uploads\/2024\/04\/alfonsin.jpg","jetpack_publicize_connections":[],"_links":{"self":[{"href":"https:\/\/notinor.com\/jujuy\/wp-json\/wp\/v2\/posts\/405605"}],"collection":[{"href":"https:\/\/notinor.com\/jujuy\/wp-json\/wp\/v2\/posts"}],"about":[{"href":"https:\/\/notinor.com\/jujuy\/wp-json\/wp\/v2\/types\/post"}],"author":[{"embeddable":true,"href":"https:\/\/notinor.com\/jujuy\/wp-json\/wp\/v2\/users\/5"}],"replies":[{"embeddable":true,"href":"https:\/\/notinor.com\/jujuy\/wp-json\/wp\/v2\/comments?post=405605"}],"version-history":[{"count":1,"href":"https:\/\/notinor.com\/jujuy\/wp-json\/wp\/v2\/posts\/405605\/revisions"}],"predecessor-version":[{"id":405608,"href":"https:\/\/notinor.com\/jujuy\/wp-json\/wp\/v2\/posts\/405605\/revisions\/405608"}],"wp:featuredmedia":[{"embeddable":true,"href":"https:\/\/notinor.com\/jujuy\/wp-json\/wp\/v2\/media\/405606"}],"wp:attachment":[{"href":"https:\/\/notinor.com\/jujuy\/wp-json\/wp\/v2\/media?parent=405605"}],"wp:term":[{"taxonomy":"category","embeddable":true,"href":"https:\/\/notinor.com\/jujuy\/wp-json\/wp\/v2\/categories?post=405605"},{"taxonomy":"post_tag","embeddable":true,"href":"https:\/\/notinor.com\/jujuy\/wp-json\/wp\/v2\/tags?post=405605"}],"curies":[{"name":"wp","href":"https:\/\/api.w.org\/{rel}","templated":true}]}}