{"id":405595,"date":"2024-04-02T20:59:00","date_gmt":"2024-04-02T23:59:00","guid":{"rendered":"https:\/\/notinor.com\/jujuy\/?p=405595"},"modified":"2024-04-02T08:59:47","modified_gmt":"2024-04-02T08:59:47","slug":"lanzan-curso-de-formacion-de-promotores-para-la-prevencion-de-consumos-problematicos","status":"publish","type":"post","link":"https:\/\/notinor.com\/jujuy\/lanzan-curso-de-formacion-de-promotores-para-la-prevencion-de-consumos-problematicos\/","title":{"rendered":"Lanzan curso de Formaci\u00f3n de Promotores para la Prevenci\u00f3n de Consumos Problem\u00e1ticos"},"content":{"rendered":"\n<p class=\"has-medium-font-size\"><strong><em>Continuando con el Programa Municipal de Prevenci\u00f3n de Adicciones, la Direcci\u00f3n General de Salud Integral anunci\u00f3 la realizaci\u00f3n de la pr\u00f3xima \u00a0capacitaci\u00f3n gratuita y abierta al p\u00fablico profesional y en general denominada: \u201cFormaci\u00f3n de Promotores para la Prevenci\u00f3n de Consumos Problem\u00e1ticos\u201d, la misma se llevar\u00e1 a cabo a partir del \u00a0mi\u00e9rcoles 10 de abril con una duraci\u00f3n de\u00a0 6 encuentros semanales hasta el 22 de mayo en el sal\u00f3n del Colegio de Ingenieros, situado en calle Belgrano N\u00ba 769.<\/em><\/strong><\/p>\n\n\n<div class=\"wp-block-image\">\n<figure class=\"aligncenter size-large\"><img decoding=\"async\" loading=\"lazy\" width=\"573\" height=\"480\" src=\"https:\/\/notinor.com\/jujuy\/wp-content\/uploads\/2024\/04\/FORMACION-573x480.jpeg\" alt=\"\" class=\"wp-image-405596\" srcset=\"https:\/\/notinor.com\/jujuy\/wp-content\/uploads\/2024\/04\/FORMACION-573x480.jpeg 573w, https:\/\/notinor.com\/jujuy\/wp-content\/uploads\/2024\/04\/FORMACION-436x365.jpeg 436w, https:\/\/notinor.com\/jujuy\/wp-content\/uploads\/2024\/04\/FORMACION-768x644.jpeg 768w, https:\/\/notinor.com\/jujuy\/wp-content\/uploads\/2024\/04\/FORMACION-750x628.jpeg 750w, https:\/\/notinor.com\/jujuy\/wp-content\/uploads\/2024\/04\/FORMACION.jpeg 1024w\" sizes=\"(max-width: 573px) 100vw, 573px\" \/><\/figure><\/div>\n\n\n<p>Cabe se\u00f1alar que para una mejor organizaci\u00f3n de los grupos de trabajo y a los efectos de diagramar clases constructivas se ruega a los interesados en asistir a realizar la inscripci\u00f3n con la debida antelaci\u00f3n. Esta iniciativa tiene como objetivo proporcionar herramientas y conocimientos a la comunidad en general para abordar y prevenir el consumo problem\u00e1tico de sustancias.<\/p>\n\n\n\n<p>En este sentido, las clases se dictar\u00e1n en el horario de 15:30 a 18:30 hs fijando como fechas para el mes de abril mi\u00e9rcoles: 10 ; 17 y 24, en tanto que para el mes de mayo los d\u00edas 8 ; 15 y 22 .<\/p>\n\n\n\n<p>Finalmente, para obtener m\u00e1s informaci\u00f3n los interesados pueden dirigirse a la oficina ubicada en Jorge Newbery N\u00b0996, esquina Dorrego, Monoblock M, o a la oficina en Lavalle 8, Monoblock H, o comunicarse v\u00eda telef\u00f3nica al 3885935592 en el horario de 8:30 a 13 hs, o finalmente a trav\u00e9s de&nbsp; email:&nbsp;<a href=\"mailto:dgsaludintegral@sansalvadordejujuy.gob.ar\">dgsaludintegral@sansalvadordejujuy.gob.ar<\/a>&nbsp;.<\/p>\n","protected":false},"excerpt":{"rendered":"<p>Continuando con el Programa Municipal de Prevenci\u00f3n de Adicciones, la Direcci\u00f3n General de Salud Integral anunci\u00f3 la realizaci\u00f3n de la pr\u00f3xima \u00a0capacitaci\u00f3n gratuita y abierta al p\u00fablico profesional y en general denominada: \u201cFormaci\u00f3n de Promotores para la Prevenci\u00f3n de Consumos Problem\u00e1ticos\u201d, la misma se llevar\u00e1 a cabo a partir del \u00a0mi\u00e9rcoles 10 de abril con [&hellip;]<\/p>\n","protected":false},"author":5,"featured_media":405596,"comment_status":"open","ping_status":"open","sticky":false,"template":"","format":"standard","meta":{"_stopmodifiedupdate":false,"_modified_date":"","inline_featured_image":false,"spay_email":"","jetpack_publicize_message":""},"categories":[514],"tags":[],"jetpack_featured_media_url":"https:\/\/notinor.com\/jujuy\/wp-content\/uploads\/2024\/04\/FORMACION.jpeg","jetpack_publicize_connections":[],"_links":{"self":[{"href":"https:\/\/notinor.com\/jujuy\/wp-json\/wp\/v2\/posts\/405595"}],"collection":[{"href":"https:\/\/notinor.com\/jujuy\/wp-json\/wp\/v2\/posts"}],"about":[{"href":"https:\/\/notinor.com\/jujuy\/wp-json\/wp\/v2\/types\/post"}],"author":[{"embeddable":true,"href":"https:\/\/notinor.com\/jujuy\/wp-json\/wp\/v2\/users\/5"}],"replies":[{"embeddable":true,"href":"https:\/\/notinor.com\/jujuy\/wp-json\/wp\/v2\/comments?post=405595"}],"version-history":[{"count":1,"href":"https:\/\/notinor.com\/jujuy\/wp-json\/wp\/v2\/posts\/405595\/revisions"}],"predecessor-version":[{"id":405597,"href":"https:\/\/notinor.com\/jujuy\/wp-json\/wp\/v2\/posts\/405595\/revisions\/405597"}],"wp:featuredmedia":[{"embeddable":true,"href":"https:\/\/notinor.com\/jujuy\/wp-json\/wp\/v2\/media\/405596"}],"wp:attachment":[{"href":"https:\/\/notinor.com\/jujuy\/wp-json\/wp\/v2\/media?parent=405595"}],"wp:term":[{"taxonomy":"category","embeddable":true,"href":"https:\/\/notinor.com\/jujuy\/wp-json\/wp\/v2\/categories?post=405595"},{"taxonomy":"post_tag","embeddable":true,"href":"https:\/\/notinor.com\/jujuy\/wp-json\/wp\/v2\/tags?post=405595"}],"curies":[{"name":"wp","href":"https:\/\/api.w.org\/{rel}","templated":true}]}}