{"id":405575,"date":"2024-04-03T07:30:00","date_gmt":"2024-04-03T10:30:00","guid":{"rendered":"https:\/\/notinor.com\/jujuy\/?p=405575"},"modified":"2024-04-02T22:42:22","modified_gmt":"2024-04-03T01:42:22","slug":"boca-llego-a-bolivia-para-el-debut-en-la-sudamericana","status":"publish","type":"post","link":"https:\/\/notinor.com\/jujuy\/boca-llego-a-bolivia-para-el-debut-en-la-sudamericana\/","title":{"rendered":"Boca lleg\u00f3 a Bolivia para el debut en la Sudamericana"},"content":{"rendered":"\n<p class=\"has-medium-font-size\"><em><strong>El conjunto Xeneize jugar\u00e1 el mi\u00e9rcoles ante Nacional Potos\u00ed. Entre los concentrados hay ocho juveniles que a\u00fan no jugaron en Primera.<\/strong><\/em><\/p>\n\n\n<div class=\"wp-block-image\">\n<figure class=\"aligncenter size-full\"><img decoding=\"async\" loading=\"lazy\" width=\"696\" height=\"390\" src=\"https:\/\/notinor.com\/jujuy\/wp-content\/uploads\/2024\/04\/Boca-4-696x390-1.webp\" alt=\"\" class=\"wp-image-405576\" srcset=\"https:\/\/notinor.com\/jujuy\/wp-content\/uploads\/2024\/04\/Boca-4-696x390-1.webp 696w, https:\/\/notinor.com\/jujuy\/wp-content\/uploads\/2024\/04\/Boca-4-696x390-1-651x365.webp 651w, https:\/\/notinor.com\/jujuy\/wp-content\/uploads\/2024\/04\/Boca-4-696x390-1-500x280.webp 500w\" sizes=\"(max-width: 696px) 100vw, 696px\" \/><figcaption class=\"wp-element-caption\">Boca en Bolivia<\/figcaption><\/figure><\/div>\n\n\n<p>Boca lleg\u00f3 este martes por la tarde a Bolivia, en donde tendr\u00e1 su debut en la Copa Sudamericana ante Nacional Potos\u00ed. El plantel har\u00e1 base en la ciudad de Sucre y ma\u00f1ana, el mismo d\u00eda del partido, se trasladar\u00e1 al estadio.<\/p>\n\n\n\n<p><strong>Diego Mart\u00ednez decidi\u00f3 resguardar a los habituales titulares, que no jugar\u00e1n este partido. Por este motivo, el Xeneize viaj\u00f3 con mayor\u00eda de suplentes y ocho juveniles que a\u00fan no debutaron en la primera del club. El nombre m\u00e1s resonante entre los convocados es el de Dar\u00edo Benedetto, que estar\u00e1 de arranque.<\/strong><\/p>\n\n\n\n<p>La delegaci\u00f3n no tuvo la presencia del presidente Juan Rom\u00e1n Riquelme, que se qued\u00f3 en Buenos Aires al igual que el secretario Ricardo Rosica. Pero s\u00ed viajaron, como siempre, integrantes del Consejo de F\u00fatbol xeneize: Ra\u00fal Cascini, el Chelo Delgado y Chicho Serna.<\/p>\n\n\n\n<p>El plantel vol\u00f3 primero a Sucre, capital de Bolivia, porque Potos\u00ed no tiene la capacidad hotelera para hospedar al Xeneize.<strong> Luego har\u00e1 un tramo de 150 kil\u00f3metros en camionetas 4\u00d74 en un camino que viene de ser noticia por un accidente en el que murieron cuatro personas.<\/strong><\/p>\n\n\n\n<blockquote class=\"wp-block-quote\">\n<p>En un cambio de planes de \u00faltimo momento, una vez que termine el partido, el plantel se quedar\u00e1 a dormir en Potos\u00ed y emprender\u00e1 la vuelta a Sucre el jueves para tomar el avi\u00f3n de regreso a Buenos Aires. Luego, pondr\u00e1 la cabeza en el choque ante Newell\u2019s, en Rosario, por la Copa de la Liga.<\/p>\n<\/blockquote>\n\n\n\n<p>El probable equipo de Boca para enfrentar a Nacional de Potos\u00ed ser\u00e1: Javier Garc\u00eda; Lautaro Di Lollo, Aaron Anselmino, Nicol\u00e1s Valentini, Marcelo Saracchi; Jabes Saralegui, Mauricio Ben\u00edtez, Juan Ram\u00edrez; Norberto Briasco, Dar\u00edo Benedetto y Lucas Janson.<\/p>\n","protected":false},"excerpt":{"rendered":"<p>El conjunto Xeneize jugar\u00e1 el mi\u00e9rcoles ante Nacional Potos\u00ed. Entre los concentrados hay ocho juveniles que a\u00fan no jugaron en Primera. Boca lleg\u00f3 este martes por la tarde a Bolivia, en donde tendr\u00e1 su debut en la Copa Sudamericana ante Nacional Potos\u00ed. El plantel har\u00e1 base en la ciudad de Sucre y ma\u00f1ana, el mismo [&hellip;]<\/p>\n","protected":false},"author":53,"featured_media":405576,"comment_status":"open","ping_status":"open","sticky":false,"template":"","format":"standard","meta":{"_stopmodifiedupdate":false,"_modified_date":"","inline_featured_image":false,"spay_email":"","jetpack_publicize_message":""},"categories":[7],"tags":[],"jetpack_featured_media_url":"https:\/\/notinor.com\/jujuy\/wp-content\/uploads\/2024\/04\/Boca-4-696x390-1.webp","jetpack_publicize_connections":[],"_links":{"self":[{"href":"https:\/\/notinor.com\/jujuy\/wp-json\/wp\/v2\/posts\/405575"}],"collection":[{"href":"https:\/\/notinor.com\/jujuy\/wp-json\/wp\/v2\/posts"}],"about":[{"href":"https:\/\/notinor.com\/jujuy\/wp-json\/wp\/v2\/types\/post"}],"author":[{"embeddable":true,"href":"https:\/\/notinor.com\/jujuy\/wp-json\/wp\/v2\/users\/53"}],"replies":[{"embeddable":true,"href":"https:\/\/notinor.com\/jujuy\/wp-json\/wp\/v2\/comments?post=405575"}],"version-history":[{"count":1,"href":"https:\/\/notinor.com\/jujuy\/wp-json\/wp\/v2\/posts\/405575\/revisions"}],"predecessor-version":[{"id":405577,"href":"https:\/\/notinor.com\/jujuy\/wp-json\/wp\/v2\/posts\/405575\/revisions\/405577"}],"wp:featuredmedia":[{"embeddable":true,"href":"https:\/\/notinor.com\/jujuy\/wp-json\/wp\/v2\/media\/405576"}],"wp:attachment":[{"href":"https:\/\/notinor.com\/jujuy\/wp-json\/wp\/v2\/media?parent=405575"}],"wp:term":[{"taxonomy":"category","embeddable":true,"href":"https:\/\/notinor.com\/jujuy\/wp-json\/wp\/v2\/categories?post=405575"},{"taxonomy":"post_tag","embeddable":true,"href":"https:\/\/notinor.com\/jujuy\/wp-json\/wp\/v2\/tags?post=405575"}],"curies":[{"name":"wp","href":"https:\/\/api.w.org\/{rel}","templated":true}]}}