{"id":405572,"date":"2024-04-03T07:00:00","date_gmt":"2024-04-03T10:00:00","guid":{"rendered":"https:\/\/notinor.com\/jujuy\/?p=405572"},"modified":"2024-04-02T22:26:30","modified_gmt":"2024-04-03T01:26:30","slug":"preparativos-para-la-expo-angus-de-otono-2024","status":"publish","type":"post","link":"https:\/\/notinor.com\/jujuy\/preparativos-para-la-expo-angus-de-otono-2024\/","title":{"rendered":"Preparativos para la Expo Angus de Oto\u00f1o 2024"},"content":{"rendered":"\n<p class=\"has-medium-font-size\"><strong><em>La Expo Angus de Oto\u00f1o volver\u00e1 a celebrarse en el Predio Ferial de Palermo desde el 21 al 24 de mayo. La 81\u00b0 edici\u00f3n del evento contar\u00e1 con la presencia de reproductores de las principales caba\u00f1as de la regi\u00f3n; tendr\u00e1 jornadas dedicadas espec\u00edficamente a profesionales y veterinarios, charlas y conferencias con diferentes oradores y la participaci\u00f3n de importantes empresas del sector.<\/em><\/strong><\/p>\n\n\n<div class=\"wp-block-image\">\n<figure class=\"aligncenter size-large\"><img decoding=\"async\" loading=\"lazy\" width=\"840\" height=\"473\" src=\"https:\/\/notinor.com\/jujuy\/wp-content\/uploads\/2024\/04\/toro-angus-arandu-palermo-2023-840x473.jpg\" alt=\"\" class=\"wp-image-405573\" srcset=\"https:\/\/notinor.com\/jujuy\/wp-content\/uploads\/2024\/04\/toro-angus-arandu-palermo-2023-840x473.jpg 840w, https:\/\/notinor.com\/jujuy\/wp-content\/uploads\/2024\/04\/toro-angus-arandu-palermo-2023-649x365.jpg 649w, https:\/\/notinor.com\/jujuy\/wp-content\/uploads\/2024\/04\/toro-angus-arandu-palermo-2023-768x432.jpg 768w, https:\/\/notinor.com\/jujuy\/wp-content\/uploads\/2024\/04\/toro-angus-arandu-palermo-2023-750x422.jpg 750w, https:\/\/notinor.com\/jujuy\/wp-content\/uploads\/2024\/04\/toro-angus-arandu-palermo-2023.jpg 1024w\" sizes=\"(max-width: 840px) 100vw, 840px\" \/><figcaption class=\"wp-element-caption\">Expo Angus<\/figcaption><\/figure><\/div>\n\n\n<p>\u201cOtra vez vamos a vivir una fiesta con esta exposici\u00f3n de oto\u00f1o de Angus\u201d, asegur\u00f3 el presidente de la Asociaci\u00f3n Argentina de Angus, Alfonso Bustillo, qui\u00e9n destac\u00f3 la importancia de los remates de invernada y cr\u00eda que las principales consignatarias realizan durante la exposici\u00f3n y la venta de 30 reproductores que se har\u00e1 durante la cena de cierre denominado Remate Angus Premium, venta de campeones.<\/p>\n\n\n\n<p>A la gran cantidad de remates de las diferentes firmas consignatarias se sumar\u00e1 una venta por streaming de la firma Lote 21 de Uruguay y el gran Remate de Hembras Puras Controladas de Reposici\u00f3n de la firma Sa\u00e9nz Valiente Bullrich y Asociados que se har\u00e1 el mi\u00e9rcoles 22 a las 12 horas. <strong>Tambi\u00e9n habr\u00e1 remates de Rosgan, N\u00e9stor Hugo Fuentes, Madel\u00e1n, Jauregui Lorda, Vicar, Mondino y Colombo y Magliano, completando la mayor agenda de remates del a\u00f1o.<\/strong><\/p>\n\n\n\n<blockquote class=\"wp-block-quote\">\n<p>La exposici\u00f3n dispondr\u00e1 de dos pistas de jura (Indoor y Pista Central), donde ser har\u00e1n en forma alternada entre negros y colorados. <\/p>\n<\/blockquote>\n\n\n\n<p>En la pista central se realizar\u00e1n las Juras de Hembras Puro Controlado y la jura de lotes Puros de Pedigree, a cargo de Mariano Zanguitu. En tanto que en la pista Indoor Julio Fern\u00e1ndez ser\u00e1 el encargado de la jura de las diferentes categor\u00edas a Bozal.<\/p>\n\n\n\n<p><strong>A esto se sumar\u00e1 una pista auxiliar, tambi\u00e9n bajo techo, destinada a actividades demostrativas, acciones de las empresas participantes y acciones especiales para los m\u00e1s peque\u00f1os de la familia Angus.<\/strong><\/p>\n\n\n\n<p>El per\u00edodo de Pre-Inscripci\u00f3n de los animales finalizar\u00e1 el lunes 15 de abril a las 18, mientras que para la inscripci\u00f3n definitiva habr\u00e1 tiempo hasta el lunes 13 de mayo a la misma hora. El lunes 20, previo a la Expo, como ya es tradicional se realizar\u00e1 un Concurso de Novillos en el Mercado Agroganadero de Ca\u00f1uelas (MAG).<\/p>\n\n\n\n<p>Una de las novedades que tendr\u00e1 la nueva edici\u00f3n de la Expo Angus ser\u00e1 la nueva disposici\u00f3n de la planimetr\u00eda de la muestra, que buscar\u00e1 favorecer la interacci\u00f3n comercial entre los productores, p\u00fablico profesional y general y mejorar la experiencia integral de los participantes. La sala Auditorio de Remates contar\u00e1 con tecnolog\u00eda para streaming, habr\u00e1 un nuevo sistema de iluminaci\u00f3n para la pista Indoor y se desarrollar\u00e1n dos jornadas profesionales para veterinarios.<\/p>\n\n\n\n<p><strong>Carlos Solanet, director comercial de la Sociedad Rural Argentina, destac\u00f3 las mejoras que tendr\u00e1 la Expo Angus de Oto\u00f1o 2024, que reforzar\u00e1n el modelo exitoso que tiene desde hace a\u00f1os. <\/strong>\u201cSe ha ampliado la superficie en un 30% para una mayor comodidad de los animales con un nuevo layout y una circulaci\u00f3n m\u00e1s favorable para el visitante, y habr\u00e1 remates televisados no solo en ambientes especiales sino tambi\u00e9n dentro del marco de la feria en un auditorio especial para que interact\u00fae con la exposici\u00f3n\u201d, explic\u00f3.<\/p>\n\n\n\n<p>Por \u00faltimo, remarc\u00f3 \u201cla importancia de las jornadas de profesionales y veterinarios y la presencia de la cadena comercial del sector ganadero para interactuar con los productores y criadores\u201d.<\/p>\n\n\n\n<p>FUENTE TODOAGRO.COM<\/p>\n","protected":false},"excerpt":{"rendered":"<p>La Expo Angus de Oto\u00f1o volver\u00e1 a celebrarse en el Predio Ferial de Palermo desde el 21 al 24 de mayo. La 81\u00b0 edici\u00f3n del evento contar\u00e1 con la presencia de reproductores de las principales caba\u00f1as de la regi\u00f3n; tendr\u00e1 jornadas dedicadas espec\u00edficamente a profesionales y veterinarios, charlas y conferencias con diferentes oradores y la [&hellip;]<\/p>\n","protected":false},"author":53,"featured_media":405573,"comment_status":"open","ping_status":"open","sticky":false,"template":"","format":"standard","meta":{"_stopmodifiedupdate":false,"_modified_date":"","inline_featured_image":false,"spay_email":"","jetpack_publicize_message":""},"categories":[2542],"tags":[],"jetpack_featured_media_url":"https:\/\/notinor.com\/jujuy\/wp-content\/uploads\/2024\/04\/toro-angus-arandu-palermo-2023.jpg","jetpack_publicize_connections":[],"_links":{"self":[{"href":"https:\/\/notinor.com\/jujuy\/wp-json\/wp\/v2\/posts\/405572"}],"collection":[{"href":"https:\/\/notinor.com\/jujuy\/wp-json\/wp\/v2\/posts"}],"about":[{"href":"https:\/\/notinor.com\/jujuy\/wp-json\/wp\/v2\/types\/post"}],"author":[{"embeddable":true,"href":"https:\/\/notinor.com\/jujuy\/wp-json\/wp\/v2\/users\/53"}],"replies":[{"embeddable":true,"href":"https:\/\/notinor.com\/jujuy\/wp-json\/wp\/v2\/comments?post=405572"}],"version-history":[{"count":1,"href":"https:\/\/notinor.com\/jujuy\/wp-json\/wp\/v2\/posts\/405572\/revisions"}],"predecessor-version":[{"id":405574,"href":"https:\/\/notinor.com\/jujuy\/wp-json\/wp\/v2\/posts\/405572\/revisions\/405574"}],"wp:featuredmedia":[{"embeddable":true,"href":"https:\/\/notinor.com\/jujuy\/wp-json\/wp\/v2\/media\/405573"}],"wp:attachment":[{"href":"https:\/\/notinor.com\/jujuy\/wp-json\/wp\/v2\/media?parent=405572"}],"wp:term":[{"taxonomy":"category","embeddable":true,"href":"https:\/\/notinor.com\/jujuy\/wp-json\/wp\/v2\/categories?post=405572"},{"taxonomy":"post_tag","embeddable":true,"href":"https:\/\/notinor.com\/jujuy\/wp-json\/wp\/v2\/tags?post=405572"}],"curies":[{"name":"wp","href":"https:\/\/api.w.org\/{rel}","templated":true}]}}