{"id":403479,"date":"2024-03-05T22:55:40","date_gmt":"2024-03-06T01:55:40","guid":{"rendered":"https:\/\/notinor.com\/jujuy\/?p=403479"},"modified":"2024-03-05T22:55:41","modified_gmt":"2024-03-06T01:55:41","slug":"alberto-fernandez-sumo-la-segunda-imputacion-en-la-causa-por-el-escandalo-de-los-seguros","status":"publish","type":"post","link":"https:\/\/notinor.com\/jujuy\/alberto-fernandez-sumo-la-segunda-imputacion-en-la-causa-por-el-escandalo-de-los-seguros\/","title":{"rendered":"Alberto Fern\u00e1ndez sum\u00f3 la segunda imputaci\u00f3n en la causa por el esc\u00e1ndalo de los seguros"},"content":{"rendered":"\n<p class=\"has-medium-font-size\"><strong><em>Lo decidi\u00f3 el fiscal Ramiro Gonz\u00e1lez tras la denuncia del Gobierno, presentada por el Ministerio de Capital Humano, la ANSES y Naci\u00f3n Seguros. Tambi\u00e9n incluye al ex titular de Naci\u00f3n Seguros y a los brokers involucrados en las maniobras sospechadas. En la causa principal, el juez orden\u00f3 27 operativos.<\/em><\/strong><\/p>\n\n\n\n<p><\/p>\n\n\n<div class=\"wp-block-image\">\n<figure class=\"aligncenter size-full\"><img decoding=\"async\" loading=\"lazy\" width=\"800\" height=\"450\" src=\"https:\/\/notinor.com\/jujuy\/wp-content\/uploads\/2024\/03\/alberto-fernandez.jpg\" alt=\"\" class=\"wp-image-403480\" srcset=\"https:\/\/notinor.com\/jujuy\/wp-content\/uploads\/2024\/03\/alberto-fernandez.jpg 800w, https:\/\/notinor.com\/jujuy\/wp-content\/uploads\/2024\/03\/alberto-fernandez-649x365.jpg 649w, https:\/\/notinor.com\/jujuy\/wp-content\/uploads\/2024\/03\/alberto-fernandez-500x280.jpg 500w, https:\/\/notinor.com\/jujuy\/wp-content\/uploads\/2024\/03\/alberto-fernandez-768x432.jpg 768w, https:\/\/notinor.com\/jujuy\/wp-content\/uploads\/2024\/03\/alberto-fernandez-750x422.jpg 750w\" sizes=\"(max-width: 800px) 100vw, 800px\" \/><\/figure><\/div>\n\n\n<p><\/p>\n\n\n\n<p><strong>El fiscal federal Ramiro Gonz\u00e1lez imput\u00f3 hoy al ex presidente Alberto Fern\u00e1ndez y a un ex directivo del Fondo de Garant\u00edas de Sustentabilidad (FGS), Federico D\u2019Angelo Campos, tras la denuncia que hizo el Gobierno por los seguros que se contrataban para darle cobertura a los jubilados y pensionados que tomaban cr\u00e9ditos de la ANSES.<\/strong> Tambi\u00e9n fueron imputados Alberto Pagliano (ex titular de Naci\u00f3n Seguros), el responsable de San Ignacio sociedad de productores asesores de seguros SA, y el responsable de TG Broker S.A.<\/p>\n\n\n\n<p><strong>La denuncia la hab\u00eda presentado el jueves pasado la ministra de Capital Humano, Sandra Pettovello; el nuevo titular de la ANSES, Mariano de los Heros, y el director de Naci\u00f3n Seguros, Alfonso Jos\u00e9 Torres, <\/strong>las tres \u00e1reas involucradas en las presuntos irregularidades durante la administraci\u00f3n anterior.<\/p>\n\n\n\n<p>Alberto Fern\u00e1ndez y Pagliano ya est\u00e1n imputados en la otra causa que tambi\u00e9n impuls\u00f3 el fiscal Gonz\u00e1lez y tiene a cargo el juez Juli\u00e1n Ercolini. <strong>Por ese expediente, anoche se orden\u00f3 un allanamientos en la casa del broker H\u00e9ctor Mart\u00ednez Sosa y de su esposa, Mar\u00eda Cantero, quien fue durante tres d\u00e9cadas la secretaria del ex presidente.<\/strong> En ese procedimiento, la Polic\u00eda Federal secuestr\u00f3 varias agendas, tel\u00e9fonos y computadoras que ahora ser\u00e1n peritadas, pero no encontr\u00f3 documentaci\u00f3n vinculada con la causa judicial.<\/p>\n\n\n\n<p><strong>La causa principal sigue muy activa. Esta tarde, el juez firm\u00f3 27 \u00f3rdenes de presentaci\u00f3n a distintas compa\u00f1\u00edas de seguros para obtener contratos, pudo saber este medio de fuentes judiciales.<\/strong><\/p>\n\n\n\n<p>En paralelo, el ex presidente y Pagliano hoy sumaron una nueva imputaci\u00f3n por la segunda causa judicial.<\/p>\n\n\n\n<p>Adem\u00e1s de impulsar la investigaci\u00f3n, el fiscal Gonz\u00e1lez pidi\u00f3 varias medidas de prueba y que sea convocado, como testigo, Osvaldo Giordano, el ex titular de ANSES que fue echado por el presidente Javier Milei tras detectar las comisiones que pagaba el organismo por los seguros.<\/p>\n\n\n\n<p><strong>Gonz\u00e1lez seguir\u00e1 al frente de este expediente, pero en la causa principal ser\u00e1 reemplazado desde el lunes pr\u00f3ximo por su colega Carlos R\u00edvolo, que estaba de licencia.<\/strong><\/p>\n\n\n\n<p>Entre otras cosas, Gonz\u00e1lez reclam\u00f3 que la Superintendencia de Seguros de la Naci\u00f3n informe \u201csi registra actuaciones vinculadas con San Ignacio Sociedad de Productores Asesores de Seguros S.A. y\/o TG Broker S.A. a efectos de que dichas firmas intervengan - en car\u00e1cter de organizador y de productor asesor respectivamente- en los Seguros de vida colectivos de saldo deudor del Fondo de Garant\u00eda de Sustentabilidad de ANSES, y en su caso, remita las correspondientes constancias\u201d.<\/p>\n\n\n\n<p>Tambi\u00e9n le pidi\u00f3 al juez que encargue un peritaje de la especialidad <strong>\u201ccon el objeto de determinar el perjuicio patrimonial, consistente en la variable entre el r\u00e9gimen pret\u00e9rito al decreto 823\/2021 y la operatoria de contrataci\u00f3n a trav\u00e9s de un br\u00f3ker de seguros denunciado en autos\u201d.<\/strong><\/p>\n\n\n\n<p>La denuncia original apuntaba al rol de D\u2019Angelo -que ahora es concejal de Uni\u00f3n por la Patria en el partido bonaerense de Quilmes- para saber si \u201ccontrat\u00f3 coberturas de seguros utilizando intermediarios injustificados y abonando comisiones en perjuicio del erario p\u00fablico\u201d.<\/p>\n\n\n\n<p><strong>Los investigadores que trabajaron en la denuncia presentaron como prueba clave una nota firmada por D\u2019Angelo, y enviada a Naci\u00f3n Seguros, donde le comunicaba la decisi\u00f3n de elegir a San Ignacio y a TG Broker como organizador y productor de seguros, respectivamente.<\/strong><\/p>\n\n\n\n<p>Esa nota nunca se incorpor\u00f3 al sistema GDE (Gesti\u00f3n Documental Electr\u00f3nica) que debe utilizar ANSES.<\/p>\n\n\n\n<p>En la denuncia se advirti\u00f3 que \u201clas p\u00f3lizas oportunamente remitidas a la ANSES para ejercer su derecho legal de observaci\u00f3n no merecieron del parte del \u00e1rea competente, es decir, del Fondo de Garant\u00eda de Sustentabilidad, observaci\u00f3n ninguna. <strong>El Fondo no observ\u00f3 ninguna irregularidad cuando aparec\u00edan estas aseguradoras metidas cobrando comisiones en los contratos con Naci\u00f3n Seguros\u201d.<\/strong><\/p>\n\n\n\n<p>Concretamente, D\u2019Angelo est\u00e1 acusado de elegir a dedo las empresas intermediarias. \u201cLas maniobra denunciadas se refieren a un universo de prima pura pagada por ANSES a Naci\u00f3n Seguros S.A. durante el per\u00edodo marzo 2022 \u2013 octubre 2023 que asciende a casi $10.000.000.000 nominales\u201d, dijo el Gobierno al momento de denunciar.<\/p>\n","protected":false},"excerpt":{"rendered":"<p>Lo decidi\u00f3 el fiscal Ramiro Gonz\u00e1lez tras la denuncia del Gobierno, presentada por el Ministerio de Capital Humano, la ANSES y Naci\u00f3n Seguros. Tambi\u00e9n incluye al ex titular de Naci\u00f3n Seguros y a los brokers involucrados en las maniobras sospechadas. En la causa principal, el juez orden\u00f3 27 operativos. El fiscal federal Ramiro Gonz\u00e1lez imput\u00f3 [&hellip;]<\/p>\n","protected":false},"author":49,"featured_media":403480,"comment_status":"open","ping_status":"open","sticky":false,"template":"","format":"standard","meta":{"_stopmodifiedupdate":false,"_modified_date":"","inline_featured_image":false,"spay_email":"","jetpack_publicize_message":""},"categories":[501],"tags":[],"jetpack_featured_media_url":"https:\/\/notinor.com\/jujuy\/wp-content\/uploads\/2024\/03\/alberto-fernandez.jpg","jetpack_publicize_connections":[],"_links":{"self":[{"href":"https:\/\/notinor.com\/jujuy\/wp-json\/wp\/v2\/posts\/403479"}],"collection":[{"href":"https:\/\/notinor.com\/jujuy\/wp-json\/wp\/v2\/posts"}],"about":[{"href":"https:\/\/notinor.com\/jujuy\/wp-json\/wp\/v2\/types\/post"}],"author":[{"embeddable":true,"href":"https:\/\/notinor.com\/jujuy\/wp-json\/wp\/v2\/users\/49"}],"replies":[{"embeddable":true,"href":"https:\/\/notinor.com\/jujuy\/wp-json\/wp\/v2\/comments?post=403479"}],"version-history":[{"count":1,"href":"https:\/\/notinor.com\/jujuy\/wp-json\/wp\/v2\/posts\/403479\/revisions"}],"predecessor-version":[{"id":403481,"href":"https:\/\/notinor.com\/jujuy\/wp-json\/wp\/v2\/posts\/403479\/revisions\/403481"}],"wp:featuredmedia":[{"embeddable":true,"href":"https:\/\/notinor.com\/jujuy\/wp-json\/wp\/v2\/media\/403480"}],"wp:attachment":[{"href":"https:\/\/notinor.com\/jujuy\/wp-json\/wp\/v2\/media?parent=403479"}],"wp:term":[{"taxonomy":"category","embeddable":true,"href":"https:\/\/notinor.com\/jujuy\/wp-json\/wp\/v2\/categories?post=403479"},{"taxonomy":"post_tag","embeddable":true,"href":"https:\/\/notinor.com\/jujuy\/wp-json\/wp\/v2\/tags?post=403479"}],"curies":[{"name":"wp","href":"https:\/\/api.w.org\/{rel}","templated":true}]}}