{"id":403370,"date":"2024-03-04T10:21:42","date_gmt":"2024-03-04T13:21:42","guid":{"rendered":"https:\/\/notinor.com\/jujuy\/?p=403370"},"modified":"2024-03-04T10:21:44","modified_gmt":"2024-03-04T13:21:44","slug":"alerta-por-dengue-se-duplicaron-los-contagios-en-buenos-aires-cuales-son-las-zonas-mas-afectadas","status":"publish","type":"post","link":"https:\/\/notinor.com\/jujuy\/alerta-por-dengue-se-duplicaron-los-contagios-en-buenos-aires-cuales-son-las-zonas-mas-afectadas\/","title":{"rendered":"Alerta por dengue: se duplicaron los contagios en Buenos Aires, \u00bfcu\u00e1les son las zonas m\u00e1s afectadas?"},"content":{"rendered":"\n<p class=\"has-medium-font-size\"><strong><em>El Ministerio de Salud bonaerense dio a conocer el informe de casos que se registraron en la regi\u00f3n.<\/em><\/strong><\/p>\n\n\n\n<figure class=\"wp-block-image\"><img decoding=\"async\" src=\"https:\/\/img.cronista.com\/files\/image\/689\/689582\/652574933d91b_950_534!.jpg?s=a44c05718e19e90403e5c747c358d424&amp;d=1704739965\" alt=\"Alerta por dengue: se duplicaron los contagios en Buenos Aires, \u00bfcu\u00e1les son las zonas m\u00e1s afectadas?\"\/><\/figure>\n\n\n\n<ul id=\"toc-contents\"><\/ul>\n\n\n\n<p>La <strong>epidemia del dengue se acrecent\u00f3 en la provincia de Buenos Aires<\/strong> y genera preocupaci\u00f3n en las autoridades de Salud, luego de que en tan solo una semana se duplicar\u00e1n los <strong>contagios\u00a0<\/strong>en la regi\u00f3n.\u00a0<\/p>\n\n\n\n<p>Seg\u00fan el \u00faltimo informe de\u00a0<strong>febrero<\/strong>, casi se triplicaron los fallecidos a causa del mosquito\u00a0<strong>Aedes aegypti\u00a0<\/strong>en el territorio bonaerense. Se estima que el n\u00famero de afectados tambi\u00e9n se vea incrementado en el reporte nacional.<\/p>\n\n\n\n<p><strong>Epidemia de dengue: \u00bfCu\u00e1les son los datos en Buenos Aires?<\/strong><\/p>\n\n\n\n<p>Durante la \u00faltima semana de febrero, los contagios batieron r\u00e9cords que no fueron percibidos anteriormente en la Provincia. En una semana,<strong>\u00a0las muertes pasaron de 4 a 11<\/strong>, es decir, casi triplicaron su valor.\u00a0<\/p>\n\n\n\n<p>Por otra parte,&nbsp;<strong>aumentaron un 155% los casos&nbsp;<\/strong>en el mismo per\u00edodo de tiempo. En total, se pas\u00f3 de&nbsp;<strong>2.997 detectados a 7.643<\/strong>&nbsp;y todav\u00eda&nbsp;hay otros&nbsp;<strong>7.379<\/strong>&nbsp;casos que contin\u00faan en estudio y podr\u00edan incrementar la situaci\u00f3n de alerta.<\/p>\n\n\n<div class=\"wp-block-image\">\n<figure class=\"aligncenter\"><img decoding=\"async\" src=\"https:\/\/www.cronista.com\/files\/image\/522\/522381\/64358fcd3a530_700_611!.webp?s=372562fedc8abfdb6e55beadfa5e1939&amp;d=1681849287&amp;oe=jpg\" alt=\"\"\/><figcaption class=\"wp-element-caption\">Contagios por dengue.<\/figcaption><\/figure><\/div>\n\n\n<p>Mientras que entre los&nbsp;<strong>11 fallecidos<\/strong>, se encuentran 3 personas de&nbsp;<strong>Lomas de Zamora<\/strong>, 2 de<strong>&nbsp;La Matanza y<\/strong>&nbsp;1 en&nbsp;<strong>Berazategui, Esteban Echeverr\u00eda, Florencio Varela, Vicente L\u00f3pez, Moreno y La Plata.<\/strong><\/p>\n\n\n\n<p>De los afectados, uno solo era menor de edad, tres eran mayores de 60 a\u00f1os y el resto ten\u00eda entre 18 y 48.&nbsp;<\/p>\n","protected":false},"excerpt":{"rendered":"<p>El Ministerio de Salud bonaerense dio a conocer el informe de casos que se registraron en la regi\u00f3n. La epidemia del dengue se acrecent\u00f3 en la provincia de Buenos Aires y genera preocupaci\u00f3n en las autoridades de Salud, luego de que en tan solo una semana se duplicar\u00e1n los contagios\u00a0en la regi\u00f3n.\u00a0 Seg\u00fan el \u00faltimo [&hellip;]<\/p>\n","protected":false},"author":5,"featured_media":403375,"comment_status":"open","ping_status":"open","sticky":false,"template":"","format":"standard","meta":{"_stopmodifiedupdate":false,"_modified_date":"","inline_featured_image":false,"spay_email":"","jetpack_publicize_message":""},"categories":[5],"tags":[],"jetpack_featured_media_url":"https:\/\/notinor.com\/jujuy\/wp-content\/uploads\/2024\/03\/DENGUE.jpg","jetpack_publicize_connections":[],"_links":{"self":[{"href":"https:\/\/notinor.com\/jujuy\/wp-json\/wp\/v2\/posts\/403370"}],"collection":[{"href":"https:\/\/notinor.com\/jujuy\/wp-json\/wp\/v2\/posts"}],"about":[{"href":"https:\/\/notinor.com\/jujuy\/wp-json\/wp\/v2\/types\/post"}],"author":[{"embeddable":true,"href":"https:\/\/notinor.com\/jujuy\/wp-json\/wp\/v2\/users\/5"}],"replies":[{"embeddable":true,"href":"https:\/\/notinor.com\/jujuy\/wp-json\/wp\/v2\/comments?post=403370"}],"version-history":[{"count":1,"href":"https:\/\/notinor.com\/jujuy\/wp-json\/wp\/v2\/posts\/403370\/revisions"}],"predecessor-version":[{"id":403376,"href":"https:\/\/notinor.com\/jujuy\/wp-json\/wp\/v2\/posts\/403370\/revisions\/403376"}],"wp:featuredmedia":[{"embeddable":true,"href":"https:\/\/notinor.com\/jujuy\/wp-json\/wp\/v2\/media\/403375"}],"wp:attachment":[{"href":"https:\/\/notinor.com\/jujuy\/wp-json\/wp\/v2\/media?parent=403370"}],"wp:term":[{"taxonomy":"category","embeddable":true,"href":"https:\/\/notinor.com\/jujuy\/wp-json\/wp\/v2\/categories?post=403370"},{"taxonomy":"post_tag","embeddable":true,"href":"https:\/\/notinor.com\/jujuy\/wp-json\/wp\/v2\/tags?post=403370"}],"curies":[{"name":"wp","href":"https:\/\/api.w.org\/{rel}","templated":true}]}}