{"id":403369,"date":"2024-03-04T10:20:58","date_gmt":"2024-03-04T13:20:58","guid":{"rendered":"https:\/\/notinor.com\/jujuy\/?p=403369"},"modified":"2024-03-04T10:21:00","modified_gmt":"2024-03-04T13:21:00","slug":"peteco-carabajal-se-luce-en-el-documental-salidos-de-la-salamanca","status":"publish","type":"post","link":"https:\/\/notinor.com\/jujuy\/peteco-carabajal-se-luce-en-el-documental-salidos-de-la-salamanca\/","title":{"rendered":"Peteco Carabajal se luce en el documental \"Salidos de la Salamanca\""},"content":{"rendered":"\n<p class=\"has-medium-font-size\"><strong><em>Desde el Cine Auditorium Julio Lencina invitan a toda la comunidad a la proyecci\u00f3n del documental \u201cSALIDOS DE LA SALAMANCA, un viaje hacia la chacarera\u201d de la directora Josefina Zaval\u00eda Abalos<\/em><\/strong><\/p>\n\n\n<div class=\"wp-block-image\">\n<figure class=\"aligncenter size-large\"><img decoding=\"async\" loading=\"lazy\" width=\"270\" height=\"480\" src=\"https:\/\/notinor.com\/jujuy\/wp-content\/uploads\/2024\/03\/WhatsApp-Image-2024-03-04-at-10.04.51-AM-270x480.jpeg\" alt=\"\" class=\"wp-image-403373\" srcset=\"https:\/\/notinor.com\/jujuy\/wp-content\/uploads\/2024\/03\/WhatsApp-Image-2024-03-04-at-10.04.51-AM-270x480.jpeg 270w, https:\/\/notinor.com\/jujuy\/wp-content\/uploads\/2024\/03\/WhatsApp-Image-2024-03-04-at-10.04.51-AM-205x365.jpeg 205w, https:\/\/notinor.com\/jujuy\/wp-content\/uploads\/2024\/03\/WhatsApp-Image-2024-03-04-at-10.04.51-AM.jpeg 720w\" sizes=\"(max-width: 270px) 100vw, 270px\" \/><figcaption class=\"wp-element-caption\">Salidos de la Salamanca<\/figcaption><\/figure><\/div>\n\n\n<p>La cita es este S\u00e1bado 9 de Marzo de 2024  a las 21 horas, donde adem\u00e1s de la proyecci\u00f3n y se realizar\u00e1 una Charla con la directora. Es apta para todo publico y la entrada general es de $400.<\/p>\n\n\n\n<blockquote class=\"wp-block-quote\">\n<p>Independencia casi esquina Italia.  S.S. de Jujuy. Tel: 3884632908.<\/p>\n<\/blockquote>\n\n\n\n<p><strong>Salidos de la Salamanca se basa en un pueblo del noroeste argentino los iniciados pactan con el Diablo a cambio de talento musical. Es<\/strong> un viaje hacia el universo sonoro de Santiago del Estero. Un documental que explora el origen de la chacarera ligado al proceso de mestizaci\u00f3n ocurrido en Am\u00e9rica y su relaci\u00f3n con la Salamanca.<\/p>\n\n\n\n<p><strong>Datos<\/strong><\/p>\n\n\n\n<p>Documental, 63 min. Argentina, 2023 ATP -Gui\u00f3n y direcci\u00f3n: Josefina Zaval\u00eda Abalos<br>Productora: Mar\u00eda Vacas<br>Con la participaci\u00f3n de Peteco Carabajal y Victor Sim\u00f3n<br>M\u00fasica Original de Lucas Gordillo<br>Producida con apoyo del Incaa y Mecenazgo Cultural<\/p>\n\n\n\n<p>TR\u00c1ILER: <\/p>\n\n\n\n<p>https:<a href=\"\/\/www.youtube.com\/watch?v=Fygww06i7to\">\/\/www.youtube.com\/watch?v=Fygww06i7to<\/a><\/p>\n\n\n\n<h1>SalidxsdelaSalamanca #CineArgentino #CineJujuy #DefiendoCineArgentino #LaCulturanoseToca<\/h1>\n\n\n\n<p>Nos vemos en el Cine. Independencia casi esq Italia, S.S. de Jujuy. Tel: 3884632908.<\/p>\n","protected":false},"excerpt":{"rendered":"<p>Desde el Cine Auditorium Julio Lencina invitan a toda la comunidad a la proyecci\u00f3n del documental \u201cSALIDOS DE LA SALAMANCA, un viaje hacia la chacarera\u201d de la directora Josefina Zaval\u00eda Abalos La cita es este S\u00e1bado 9 de Marzo de 2024 a las 21 horas, donde adem\u00e1s de la proyecci\u00f3n y se realizar\u00e1 una Charla [&hellip;]<\/p>\n","protected":false},"author":53,"featured_media":403373,"comment_status":"open","ping_status":"open","sticky":false,"template":"","format":"standard","meta":{"_stopmodifiedupdate":false,"_modified_date":"","inline_featured_image":false,"spay_email":"","jetpack_publicize_message":""},"categories":[17],"tags":[3776,2962,3780,3779],"jetpack_featured_media_url":"https:\/\/notinor.com\/jujuy\/wp-content\/uploads\/2024\/03\/WhatsApp-Image-2024-03-04-at-10.04.51-AM.jpeg","jetpack_publicize_connections":[],"_links":{"self":[{"href":"https:\/\/notinor.com\/jujuy\/wp-json\/wp\/v2\/posts\/403369"}],"collection":[{"href":"https:\/\/notinor.com\/jujuy\/wp-json\/wp\/v2\/posts"}],"about":[{"href":"https:\/\/notinor.com\/jujuy\/wp-json\/wp\/v2\/types\/post"}],"author":[{"embeddable":true,"href":"https:\/\/notinor.com\/jujuy\/wp-json\/wp\/v2\/users\/53"}],"replies":[{"embeddable":true,"href":"https:\/\/notinor.com\/jujuy\/wp-json\/wp\/v2\/comments?post=403369"}],"version-history":[{"count":1,"href":"https:\/\/notinor.com\/jujuy\/wp-json\/wp\/v2\/posts\/403369\/revisions"}],"predecessor-version":[{"id":403374,"href":"https:\/\/notinor.com\/jujuy\/wp-json\/wp\/v2\/posts\/403369\/revisions\/403374"}],"wp:featuredmedia":[{"embeddable":true,"href":"https:\/\/notinor.com\/jujuy\/wp-json\/wp\/v2\/media\/403373"}],"wp:attachment":[{"href":"https:\/\/notinor.com\/jujuy\/wp-json\/wp\/v2\/media?parent=403369"}],"wp:term":[{"taxonomy":"category","embeddable":true,"href":"https:\/\/notinor.com\/jujuy\/wp-json\/wp\/v2\/categories?post=403369"},{"taxonomy":"post_tag","embeddable":true,"href":"https:\/\/notinor.com\/jujuy\/wp-json\/wp\/v2\/tags?post=403369"}],"curies":[{"name":"wp","href":"https:\/\/api.w.org\/{rel}","templated":true}]}}