{"id":403361,"date":"2024-03-04T09:51:50","date_gmt":"2024-03-04T12:51:50","guid":{"rendered":"https:\/\/notinor.com\/jujuy\/?p=403361"},"modified":"2024-03-04T09:51:51","modified_gmt":"2024-03-04T12:51:51","slug":"luis-caputo-se-quedo-con-el-control-de-los-fondos-fiduciarios-y-suma-poder-dentro-del-gobierno","status":"publish","type":"post","link":"https:\/\/notinor.com\/jujuy\/luis-caputo-se-quedo-con-el-control-de-los-fondos-fiduciarios-y-suma-poder-dentro-del-gobierno\/","title":{"rendered":"Luis Caputo se qued\u00f3 con el control de los fondos fiduciarios y suma poder dentro del Gobierno"},"content":{"rendered":"\n<p><strong><em>El presidente Javier Milei le cedi\u00f3 la administraci\u00f3n de estos recursos al ministro de Econom\u00eda, quien suma m\u00e1s poder.<\/em><\/strong><\/p>\n\n\n<div class=\"wp-block-image\">\n<figure class=\"aligncenter\"><img decoding=\"async\" src=\"https:\/\/img.cronista.com\/files\/image\/749\/749342\/65d65b23afbff_950_534!.jpg?s=de8901f8841534cca83cc3224b5c402c&amp;d=1708549907\" alt=\"Luis Caputo se qued\u00f3 con el control de los fondos fiduciarios y suma poder dentro del Gobierno\"\/><figcaption class=\"wp-element-caption\"> Luis 'Toto' Caputo<\/figcaption><\/figure><\/div>\n\n\n<p>Tal como lo anticip\u00f3 El Cronista, Javier Milei le dio el control de losfondos fiduciarios al ministro de Econom\u00eda, Luis 'Toto' Caputo,\u00a0a trav\u00e9s del\u00a0<strong>Decreto 215\/2024\u00a0<\/strong>publicado hoy en el Bolet\u00edn Oficial.<\/p>\n\n\n\n<p>Caputo qued\u00f3<strong>&nbsp;\"como fiduciante en representaci\u00f3n del Estado Nacional, en todos los fondos fiduciarios integrados total o parcialmente con bienes y\/o fondos del Estado Nacional, ejerciendo en ese car\u00e1cter la direcci\u00f3n y conducci\u00f3n de dichos fondos fiduciarios\",&nbsp;<\/strong>dice el decreto.<\/p>\n\n\n\n<p>\"En los casos en los que el H. Congreso de la Naci\u00f3n haya designado como fiduciante a un organismo o repartici\u00f3n espec\u00edfica diferente del Ministerio de Econom\u00eda, o a un comit\u00e9 de integraci\u00f3n plural, con car\u00e1cter previo al dictado de cualquier instrucci\u00f3n al fiduciario deber\u00e1 emitir opini\u00f3n el citado Ministerio\", agrega el art\u00edculo 2\u00b0 del decreto.&nbsp;<\/p>\n\n\n\n<p class=\"has-text-align-center\">La decisi\u00f3n,\u00a0<strong>que ya hab\u00eda sido anticipada por el presidente<\/strong> <strong>Javier Milei<\/strong>, se conoce en medio del conflicto con las provincias respecto a las deudas que mantienen con la Naci\u00f3n en el marco de diversos fideicomisos.<\/p>\n\n\n\n<p>El Ministerio de Econom\u00eda<strong>&nbsp;\"deber\u00e1 realizar -dentro del plazo de 60 d\u00edas a contar desde la fecha de entrada en vigencia de la presente medida- una auditor\u00eda integral de gesti\u00f3n de los fondos fiduciarios integrados total o parcialmente con bienes y\/o fondos del Estado Nacional\"<\/strong>.<\/p>\n\n\n<div class=\"wp-block-image\">\n<figure class=\"aligncenter\"><img decoding=\"async\" src=\"https:\/\/www.cronista.com\/files\/image\/746\/746453\/65cce2968fccb_700_506!.webp?s=dec76e69ad1bec88cbd5936ca20fe98e&amp;d=1709229090&amp;oe=jpg\" alt=\"\"\/><figcaption class=\"wp-element-caption\">Oficial: Luis Caputo se qued\u00f3 con el control de los fondos fiduciarios<\/figcaption><\/figure><\/div>\n\n\n<p>Podr\u00e1 hacerlo con la asistencia de la Sindicatura General de la Naci\u00f3n, \"o mediante la contrataci\u00f3n de consultores independientes externos de reconocida trayectoria y experiencia, en los t\u00e9rminos de la legislaci\u00f3n vigente\".<\/p>\n\n\n\n<p>\"Los organismos y reparticiones con responsabilidad primaria en las materias involucradas en cada uno de los&nbsp;<strong>fondos fiduciarios<\/strong>&nbsp;objeto de la presente medida deben prestar colaboraci\u00f3n y asistencia al Ministerio de Econom\u00eda, a los fines del mejor cumplimiento de las disposiciones y fines del presente decreto\", se\u00f1al\u00f3 el Gobierno.<\/p>\n\n\n\n<p>El oficialismo estaba decidido a poner fin a esta herramienta que fue empleada durante a\u00f1os por distintas administraciones y que se utiliza para financiar diversos proyectos, al margen del presupuesto aprobado por el Congreso. Sin embargo,<strong>&nbsp;la decisi\u00f3n del Poder Ejecutivo fue&nbsp;<\/strong><strong>controlarlos en lugar de eliminarlos.<\/strong><\/p>\n\n\n\n<p>Econom\u00eda actuar\u00e1 como&nbsp;<strong>fiduciario de todos los fondos<\/strong>&nbsp;existentes, unos 50, obteniendo as\u00ed su gesti\u00f3n, de acuerdo con el contrato original.<\/p>\n","protected":false},"excerpt":{"rendered":"<p>El presidente Javier Milei le cedi\u00f3 la administraci\u00f3n de estos recursos al ministro de Econom\u00eda, quien suma m\u00e1s poder. Tal como lo anticip\u00f3 El Cronista, Javier Milei le dio el control de losfondos fiduciarios al ministro de Econom\u00eda, Luis 'Toto' Caputo,\u00a0a trav\u00e9s del\u00a0Decreto 215\/2024\u00a0publicado hoy en el Bolet\u00edn Oficial. Caputo qued\u00f3&nbsp;\"como fiduciante en representaci\u00f3n del [&hellip;]<\/p>\n","protected":false},"author":5,"featured_media":403364,"comment_status":"open","ping_status":"open","sticky":false,"template":"","format":"standard","meta":{"_stopmodifiedupdate":false,"_modified_date":"","inline_featured_image":false,"spay_email":"","jetpack_publicize_message":""},"categories":[501],"tags":[],"jetpack_featured_media_url":"https:\/\/notinor.com\/jujuy\/wp-content\/uploads\/2024\/03\/CAPUTO.jpg","jetpack_publicize_connections":[],"_links":{"self":[{"href":"https:\/\/notinor.com\/jujuy\/wp-json\/wp\/v2\/posts\/403361"}],"collection":[{"href":"https:\/\/notinor.com\/jujuy\/wp-json\/wp\/v2\/posts"}],"about":[{"href":"https:\/\/notinor.com\/jujuy\/wp-json\/wp\/v2\/types\/post"}],"author":[{"embeddable":true,"href":"https:\/\/notinor.com\/jujuy\/wp-json\/wp\/v2\/users\/5"}],"replies":[{"embeddable":true,"href":"https:\/\/notinor.com\/jujuy\/wp-json\/wp\/v2\/comments?post=403361"}],"version-history":[{"count":1,"href":"https:\/\/notinor.com\/jujuy\/wp-json\/wp\/v2\/posts\/403361\/revisions"}],"predecessor-version":[{"id":403365,"href":"https:\/\/notinor.com\/jujuy\/wp-json\/wp\/v2\/posts\/403361\/revisions\/403365"}],"wp:featuredmedia":[{"embeddable":true,"href":"https:\/\/notinor.com\/jujuy\/wp-json\/wp\/v2\/media\/403364"}],"wp:attachment":[{"href":"https:\/\/notinor.com\/jujuy\/wp-json\/wp\/v2\/media?parent=403361"}],"wp:term":[{"taxonomy":"category","embeddable":true,"href":"https:\/\/notinor.com\/jujuy\/wp-json\/wp\/v2\/categories?post=403361"},{"taxonomy":"post_tag","embeddable":true,"href":"https:\/\/notinor.com\/jujuy\/wp-json\/wp\/v2\/tags?post=403361"}],"curies":[{"name":"wp","href":"https:\/\/api.w.org\/{rel}","templated":true}]}}