{"id":403198,"date":"2024-03-02T10:45:26","date_gmt":"2024-03-02T13:45:26","guid":{"rendered":"https:\/\/notinor.com\/jujuy\/?p=403198"},"modified":"2024-03-02T11:26:47","modified_gmt":"2024-03-02T14:26:47","slug":"rizzotti-sera-bueno-si-el-presidente-elige-realmente-el-dialogo-hasta-ahora-eligio-la-imposicion","status":"publish","type":"post","link":"https:\/\/notinor.com\/jujuy\/rizzotti-sera-bueno-si-el-presidente-elige-realmente-el-dialogo-hasta-ahora-eligio-la-imposicion\/","title":{"rendered":"Rizzotti: \"ser\u00e1 bueno si el Presidente elige realmente el di\u00e1logo, hasta ahora eligi\u00f3 la imposici\u00f3n\u201d"},"content":{"rendered":"\n<p class=\"has-medium-font-size\"><strong><em>El diputado nacional por la UCR de Jujuy Jorge Rizzotti estuvo presente en la Asamblea Legislativa que dio inicio al periodo de este a\u00f1o Sesiones Ordinarias en el Congreso y, sobre el discurso del presidente javier Milei comparti\u00f3 que \u201ccumplimos con la manda constitucional de escuchar el balance de lo obrado y, en este caso, de lo que recibi\u00f3 esta gesti\u00f3n de Gobierno, que fue un pa\u00eds con tras una de las peores gestiones, aunque no escuchamos nada de lo que pueda llegar a ser un plan que mejore la situaci\u00f3n cr\u00edtica que, desde diciembre m\u00e1s, no deja de empeorar\u201d.<\/em><\/strong><\/p>\n\n\n<div class=\"wp-block-image\">\n<figure class=\"aligncenter size-large\"><img decoding=\"async\" loading=\"lazy\" width=\"631\" height=\"480\" src=\"https:\/\/notinor.com\/jujuy\/wp-content\/uploads\/2024\/03\/OPINION-631x480.jpg\" alt=\"\" class=\"wp-image-403199\" srcset=\"https:\/\/notinor.com\/jujuy\/wp-content\/uploads\/2024\/03\/OPINION-631x480.jpg 631w, https:\/\/notinor.com\/jujuy\/wp-content\/uploads\/2024\/03\/OPINION-479x365.jpg 479w, https:\/\/notinor.com\/jujuy\/wp-content\/uploads\/2024\/03\/OPINION-768x585.jpg 768w, https:\/\/notinor.com\/jujuy\/wp-content\/uploads\/2024\/03\/OPINION-750x571.jpg 750w, https:\/\/notinor.com\/jujuy\/wp-content\/uploads\/2024\/03\/OPINION.jpg 800w\" sizes=\"(max-width: 631px) 100vw, 631px\" \/><\/figure><\/div>\n\n\n<p>El legislador comparti\u00f3 tambi\u00e9n entre sus impresiones que \u201ce<strong>l llamado al di\u00e1logo y a un nuevo pacto social con unidad nacional dison\u00f3 con las expresiones del mismo presidente sobre su disposici\u00f3n al conflicto y sobre lo que debe salir s\u00f3lo del modo que \u00e9l plantea<\/strong>\u201d. \u201cSer\u00e1 bueno si el presidente elige realmente el di\u00e1logo, porque tenemos muchos puntos para acuerdos sobre los que podemos construir legislaci\u00f3n y pol\u00edticas realmente transformadoras, <strong>aunque hasta ahora Milei viene eligiendo la imposici\u00f3n<\/strong>\u201d, sum\u00f3.<\/p>\n\n\n\n<p>\u201cTenemos, la mayor\u00eda de los diputados y diputadas, puesto todo para trabajar en la transformaci\u00f3n que el pa\u00eds requiere pero, \u00bf<strong>c\u00f3mo lo logramos si la ciudadan\u00eda no sabe si podr\u00e1 pagar la pr\u00f3xima factura de luz<\/strong>?, \u00bf<strong>c\u00f3mo logramos que docentes y jubilados vivan con la tranquilidad de llegar a fin de mes<\/strong>\u201d, inquiri\u00f3 Rizzotti, y complet\u00f3 reiterando que \u201cdesde la UCR, como expresamos al acompa\u00f1ar el tratamiento de la Ley \u00d3mnibus y en numerosas iniciativas que tenemos incluso desde antes de esta gesti\u00f3n, vamos a estar construyendo toda legislaci\u00f3n que mejore la vida de los argentinos, y para eso necesitamos que cada territorio, cada provincia, cada sector trabajador y productivo pueda llevar adelante su vida cotidiana\u201d.<\/p>\n","protected":false},"excerpt":{"rendered":"<p>El diputado nacional por la UCR de Jujuy Jorge Rizzotti estuvo presente en la Asamblea Legislativa que dio inicio al periodo de este a\u00f1o Sesiones Ordinarias en el Congreso y, sobre el discurso del presidente javier Milei comparti\u00f3 que \u201ccumplimos con la manda constitucional de escuchar el balance de lo obrado y, en este caso, [&hellip;]<\/p>\n","protected":false},"author":5,"featured_media":403199,"comment_status":"open","ping_status":"open","sticky":false,"template":"","format":"standard","meta":{"_stopmodifiedupdate":false,"_modified_date":"","inline_featured_image":false,"spay_email":"","jetpack_publicize_message":""},"categories":[1127,501],"tags":[],"jetpack_featured_media_url":"https:\/\/notinor.com\/jujuy\/wp-content\/uploads\/2024\/03\/OPINION.jpg","jetpack_publicize_connections":[],"_links":{"self":[{"href":"https:\/\/notinor.com\/jujuy\/wp-json\/wp\/v2\/posts\/403198"}],"collection":[{"href":"https:\/\/notinor.com\/jujuy\/wp-json\/wp\/v2\/posts"}],"about":[{"href":"https:\/\/notinor.com\/jujuy\/wp-json\/wp\/v2\/types\/post"}],"author":[{"embeddable":true,"href":"https:\/\/notinor.com\/jujuy\/wp-json\/wp\/v2\/users\/5"}],"replies":[{"embeddable":true,"href":"https:\/\/notinor.com\/jujuy\/wp-json\/wp\/v2\/comments?post=403198"}],"version-history":[{"count":2,"href":"https:\/\/notinor.com\/jujuy\/wp-json\/wp\/v2\/posts\/403198\/revisions"}],"predecessor-version":[{"id":403206,"href":"https:\/\/notinor.com\/jujuy\/wp-json\/wp\/v2\/posts\/403198\/revisions\/403206"}],"wp:featuredmedia":[{"embeddable":true,"href":"https:\/\/notinor.com\/jujuy\/wp-json\/wp\/v2\/media\/403199"}],"wp:attachment":[{"href":"https:\/\/notinor.com\/jujuy\/wp-json\/wp\/v2\/media?parent=403198"}],"wp:term":[{"taxonomy":"category","embeddable":true,"href":"https:\/\/notinor.com\/jujuy\/wp-json\/wp\/v2\/categories?post=403198"},{"taxonomy":"post_tag","embeddable":true,"href":"https:\/\/notinor.com\/jujuy\/wp-json\/wp\/v2\/tags?post=403198"}],"curies":[{"name":"wp","href":"https:\/\/api.w.org\/{rel}","templated":true}]}}