{"id":402703,"date":"2024-02-23T09:24:04","date_gmt":"2024-02-23T12:24:04","guid":{"rendered":"https:\/\/notinor.com\/jujuy\/?p=402703"},"modified":"2024-02-23T09:24:07","modified_gmt":"2024-02-23T12:24:07","slug":"luego-de-arduas-negociaciones-entre-municipio-y-empresarios-comienza-a-normalizarse-el-servicio","status":"publish","type":"post","link":"https:\/\/notinor.com\/jujuy\/luego-de-arduas-negociaciones-entre-municipio-y-empresarios-comienza-a-normalizarse-el-servicio\/","title":{"rendered":"Luego de arduas negociaciones entre municipio y empresarios comienza a normalizarse el servicio"},"content":{"rendered":"\n<p class=\"has-medium-font-size\"><strong><em>Luego de arduas negociaciones entre autoridades municipales y concesionarios del transporte, en horas de la ma\u00f1ana comenzaron a circular algunas empresas de colectivos en la ciudad.<\/em><\/strong><\/p>\n\n\n<div class=\"wp-block-image\">\n<figure class=\"aligncenter size-large\"><img decoding=\"async\" loading=\"lazy\" width=\"840\" height=\"473\" src=\"https:\/\/notinor.com\/jujuy\/wp-content\/uploads\/2024\/02\/colectivos-jujuy-840x473.webp\" alt=\"\" class=\"wp-image-401930\" srcset=\"https:\/\/notinor.com\/jujuy\/wp-content\/uploads\/2024\/02\/colectivos-jujuy-840x473.webp 840w, https:\/\/notinor.com\/jujuy\/wp-content\/uploads\/2024\/02\/colectivos-jujuy-649x365.webp 649w, https:\/\/notinor.com\/jujuy\/wp-content\/uploads\/2024\/02\/colectivos-jujuy-768x432.webp 768w, https:\/\/notinor.com\/jujuy\/wp-content\/uploads\/2024\/02\/colectivos-jujuy-750x422.webp 750w, https:\/\/notinor.com\/jujuy\/wp-content\/uploads\/2024\/02\/colectivos-jujuy.webp 862w\" sizes=\"(max-width: 840px) 100vw, 840px\" \/><figcaption class=\"wp-element-caption\">Transporte P\u00fablico<\/figcaption><\/figure><\/div>\n\n\n<p>Despu\u00e9s de ocho d\u00edas de paro de transporte, el servicio comienza a normalizarse y algunas empresas empezaron a circular. <strong>Entre ellas Uni\u00f3n Bus, El Urbano y San Jorge. Se espera que en el transcurso de la ma\u00f1ana otras comiencen a sumarse.<\/strong><\/p>\n\n\n\n<p>Entre los temas acordados surge el adelanto en el impacto del aumento del precio del boleto que rige a partir de hoy . <strong>Cabe recordar que el mismo deb\u00eda entrar en vigencia el pr\u00f3ximo 1 de marzo pero dada las circunstancias el nuevo cuadro tarifario entra en vigencia desde hoy.<\/strong><\/p>\n\n\n\n<p>Nuevo cuadro tarifario<\/p>\n\n\n\n<p>\u2022San Salvador de Jujuy: $ 479,32<br>\u2022San Salvador de Jujuy a Reyes: $ 479,32<br>\u2022San Salvador de Jujuy a Guerrero: $ 551,26<br>\u2022San Salvador de Jujuy a San Pablo de Reyes: $ 551,26<br>\u2022San Salvador de Jujuy a Termas de Reyes: $ 623,24<br>\u2022San Salvador de Jujuy a Yala: $ 623,24<br>\u2022San Salvador de Jujuy a Los Nogales: $695,02<br>\u2022San Salvador de Jujuy a Lozano: $ 695,02<br>\u2022San Salvador de Jujuy a Le\u00f3n: $ 766,72<\/p>\n","protected":false},"excerpt":{"rendered":"<p>Luego de arduas negociaciones entre autoridades municipales y concesionarios del transporte, en horas de la ma\u00f1ana comenzaron a circular algunas empresas de colectivos en la ciudad. Despu\u00e9s de ocho d\u00edas de paro de transporte, el servicio comienza a normalizarse y algunas empresas empezaron a circular. Entre ellas Uni\u00f3n Bus, El Urbano y San Jorge. Se [&hellip;]<\/p>\n","protected":false},"author":53,"featured_media":401930,"comment_status":"open","ping_status":"open","sticky":false,"template":"","format":"standard","meta":{"_stopmodifiedupdate":false,"_modified_date":"","inline_featured_image":false,"spay_email":"","jetpack_publicize_message":""},"categories":[2],"tags":[19,3694,3643],"jetpack_featured_media_url":"https:\/\/notinor.com\/jujuy\/wp-content\/uploads\/2024\/02\/colectivos-jujuy.webp","jetpack_publicize_connections":[],"_links":{"self":[{"href":"https:\/\/notinor.com\/jujuy\/wp-json\/wp\/v2\/posts\/402703"}],"collection":[{"href":"https:\/\/notinor.com\/jujuy\/wp-json\/wp\/v2\/posts"}],"about":[{"href":"https:\/\/notinor.com\/jujuy\/wp-json\/wp\/v2\/types\/post"}],"author":[{"embeddable":true,"href":"https:\/\/notinor.com\/jujuy\/wp-json\/wp\/v2\/users\/53"}],"replies":[{"embeddable":true,"href":"https:\/\/notinor.com\/jujuy\/wp-json\/wp\/v2\/comments?post=402703"}],"version-history":[{"count":1,"href":"https:\/\/notinor.com\/jujuy\/wp-json\/wp\/v2\/posts\/402703\/revisions"}],"predecessor-version":[{"id":402705,"href":"https:\/\/notinor.com\/jujuy\/wp-json\/wp\/v2\/posts\/402703\/revisions\/402705"}],"wp:featuredmedia":[{"embeddable":true,"href":"https:\/\/notinor.com\/jujuy\/wp-json\/wp\/v2\/media\/401930"}],"wp:attachment":[{"href":"https:\/\/notinor.com\/jujuy\/wp-json\/wp\/v2\/media?parent=402703"}],"wp:term":[{"taxonomy":"category","embeddable":true,"href":"https:\/\/notinor.com\/jujuy\/wp-json\/wp\/v2\/categories?post=402703"},{"taxonomy":"post_tag","embeddable":true,"href":"https:\/\/notinor.com\/jujuy\/wp-json\/wp\/v2\/tags?post=402703"}],"curies":[{"name":"wp","href":"https:\/\/api.w.org\/{rel}","templated":true}]}}