{"id":402697,"date":"2024-02-23T09:14:25","date_gmt":"2024-02-23T12:14:25","guid":{"rendered":"https:\/\/notinor.com\/jujuy\/?p=402697"},"modified":"2024-02-23T09:18:41","modified_gmt":"2024-02-23T12:18:41","slug":"ejesa-realizara-tareas-de-mejora-y-mantenimiento-de-redes-electricas-este-sabado-en-perico-y-zonas-aledanas","status":"publish","type":"post","link":"https:\/\/notinor.com\/jujuy\/ejesa-realizara-tareas-de-mejora-y-mantenimiento-de-redes-electricas-este-sabado-en-perico-y-zonas-aledanas\/","title":{"rendered":"EJESA realizar\u00e1 tareas de mejora y mantenimiento de redes el\u00e9ctricas este sabado en Cannava y zonas aleda\u00f1as"},"content":{"rendered":"\n<p class=\"has-medium-font-size\"><strong><em>&nbsp;Informamos&nbsp;que, con el objeto de&nbsp;elevar la calidad de nuestro servicio,&nbsp;se realizar\u00e1n tareas de&nbsp;mantenimiento y renovaci\u00f3n&nbsp;en las instalaciones de nuestro sistema.<\/em><\/strong><\/p>\n\n\n<div class=\"wp-block-image\">\n<figure class=\"aligncenter size-large is-resized\"><img decoding=\"async\" loading=\"lazy\" src=\"https:\/\/notinor.com\/jujuy\/wp-content\/uploads\/2019\/11\/Zona-franca-perico-682x480.jpg\" alt=\"\" class=\"wp-image-225168\" width=\"786\" height=\"553\" srcset=\"https:\/\/notinor.com\/jujuy\/wp-content\/uploads\/2019\/11\/Zona-franca-perico-682x480.jpg 682w, https:\/\/notinor.com\/jujuy\/wp-content\/uploads\/2019\/11\/Zona-franca-perico-519x365.jpg 519w, https:\/\/notinor.com\/jujuy\/wp-content\/uploads\/2019\/11\/Zona-franca-perico-768x540.jpg 768w, https:\/\/notinor.com\/jujuy\/wp-content\/uploads\/2019\/11\/Zona-franca-perico-300x210.jpg 300w, https:\/\/notinor.com\/jujuy\/wp-content\/uploads\/2019\/11\/Zona-franca-perico.jpg 800w\" sizes=\"(max-width: 786px) 100vw, 786px\" \/><\/figure><\/div>\n\n\n<p>Con este fin, ser\u00e1 necesario efectuar una&nbsp;interrupci\u00f3n programada en las siguientes zonas y horarios:<\/p>\n\n\n\n<p>\ud83d\udccc&nbsp;PERICO &nbsp;<\/p>\n\n\n\n<p>\ud83d\uddd3\ufe0f S\u00c1BADO 24\/02\/2024&nbsp;&nbsp;&nbsp;&nbsp;&nbsp;&nbsp;&nbsp;&nbsp;&nbsp;&nbsp;&nbsp;&nbsp;&nbsp;&nbsp;&nbsp;&nbsp;&nbsp;&nbsp;&nbsp;&nbsp;&nbsp;&nbsp;&nbsp;&nbsp;&nbsp;&nbsp;&nbsp;&nbsp;&nbsp;&nbsp;&nbsp;&nbsp;&nbsp;&nbsp;&nbsp;&nbsp;&nbsp;&nbsp;&nbsp;&nbsp;&nbsp;&nbsp;&nbsp;&nbsp;&nbsp;&nbsp;&nbsp;&nbsp;&nbsp;&nbsp;&nbsp;&nbsp;&nbsp;&nbsp;&nbsp;&nbsp;&nbsp;&nbsp;&nbsp;&nbsp;&nbsp;&nbsp;<\/p>\n\n\n\n<p>\ud83d\udd52&nbsp;De 08:00 a 12:00 Hs aprox.<\/p>\n\n\n\n<p>Zonas:&nbsp;Cannava y zonas aleda\u00f1as.<\/p>\n\n\n\n<p>Agradecemos tomar las precauciones necesarias durante la duraci\u00f3n de dicha interrupci\u00f3n a fin de evitar mayores inconvenientes.<\/p>\n\n\n\n<p>Por consultas y\/o requerimientos te recordamos nuestros canales oficiales de contacto disponibles las 24hs. A trav\u00e9s de este link:&nbsp;<a href=\"https:\/\/linktr.ee\/ejesa\" target=\"_blank\" rel=\"noreferrer noopener\">https:\/\/linktr.ee\/ejesa<\/a><\/p>\n","protected":false},"excerpt":{"rendered":"<p>&nbsp;Informamos&nbsp;que, con el objeto de&nbsp;elevar la calidad de nuestro servicio,&nbsp;se realizar\u00e1n tareas de&nbsp;mantenimiento y renovaci\u00f3n&nbsp;en las instalaciones de nuestro sistema. Con este fin, ser\u00e1 necesario efectuar una&nbsp;interrupci\u00f3n programada en las siguientes zonas y horarios: \ud83d\udccc&nbsp;PERICO &nbsp; \ud83d\uddd3\ufe0f S\u00c1BADO 24\/02\/2024&nbsp;&nbsp;&nbsp;&nbsp;&nbsp;&nbsp;&nbsp;&nbsp;&nbsp;&nbsp;&nbsp;&nbsp;&nbsp;&nbsp;&nbsp;&nbsp;&nbsp;&nbsp;&nbsp;&nbsp;&nbsp;&nbsp;&nbsp;&nbsp;&nbsp;&nbsp;&nbsp;&nbsp;&nbsp;&nbsp;&nbsp;&nbsp;&nbsp;&nbsp;&nbsp;&nbsp;&nbsp;&nbsp;&nbsp;&nbsp;&nbsp;&nbsp;&nbsp;&nbsp;&nbsp;&nbsp;&nbsp;&nbsp;&nbsp;&nbsp;&nbsp;&nbsp;&nbsp;&nbsp;&nbsp;&nbsp;&nbsp;&nbsp;&nbsp;&nbsp;&nbsp;&nbsp; \ud83d\udd52&nbsp;De 08:00 a 12:00 Hs aprox. Zonas:&nbsp;Cannava y zonas aleda\u00f1as. Agradecemos tomar las precauciones necesarias durante [&hellip;]<\/p>\n","protected":false},"author":5,"featured_media":225168,"comment_status":"open","ping_status":"open","sticky":false,"template":"","format":"standard","meta":{"_stopmodifiedupdate":false,"_modified_date":"","inline_featured_image":false,"spay_email":"","jetpack_publicize_message":""},"categories":[4],"tags":[],"jetpack_featured_media_url":"https:\/\/notinor.com\/jujuy\/wp-content\/uploads\/2019\/11\/Zona-franca-perico.jpg","jetpack_publicize_connections":[],"_links":{"self":[{"href":"https:\/\/notinor.com\/jujuy\/wp-json\/wp\/v2\/posts\/402697"}],"collection":[{"href":"https:\/\/notinor.com\/jujuy\/wp-json\/wp\/v2\/posts"}],"about":[{"href":"https:\/\/notinor.com\/jujuy\/wp-json\/wp\/v2\/types\/post"}],"author":[{"embeddable":true,"href":"https:\/\/notinor.com\/jujuy\/wp-json\/wp\/v2\/users\/5"}],"replies":[{"embeddable":true,"href":"https:\/\/notinor.com\/jujuy\/wp-json\/wp\/v2\/comments?post=402697"}],"version-history":[{"count":3,"href":"https:\/\/notinor.com\/jujuy\/wp-json\/wp\/v2\/posts\/402697\/revisions"}],"predecessor-version":[{"id":402702,"href":"https:\/\/notinor.com\/jujuy\/wp-json\/wp\/v2\/posts\/402697\/revisions\/402702"}],"wp:featuredmedia":[{"embeddable":true,"href":"https:\/\/notinor.com\/jujuy\/wp-json\/wp\/v2\/media\/225168"}],"wp:attachment":[{"href":"https:\/\/notinor.com\/jujuy\/wp-json\/wp\/v2\/media?parent=402697"}],"wp:term":[{"taxonomy":"category","embeddable":true,"href":"https:\/\/notinor.com\/jujuy\/wp-json\/wp\/v2\/categories?post=402697"},{"taxonomy":"post_tag","embeddable":true,"href":"https:\/\/notinor.com\/jujuy\/wp-json\/wp\/v2\/tags?post=402697"}],"curies":[{"name":"wp","href":"https:\/\/api.w.org\/{rel}","templated":true}]}}