{"id":402696,"date":"2024-02-23T09:12:45","date_gmt":"2024-02-23T12:12:45","guid":{"rendered":"https:\/\/notinor.com\/jujuy\/?p=402696"},"modified":"2024-02-23T09:12:47","modified_gmt":"2024-02-23T12:12:47","slug":"javier-milei-confirmo-que-se-trabaja-en-un-nuevo-acuerdo-por-la-deuda","status":"publish","type":"post","link":"https:\/\/notinor.com\/jujuy\/javier-milei-confirmo-que-se-trabaja-en-un-nuevo-acuerdo-por-la-deuda\/","title":{"rendered":"Javier Milei confirm\u00f3 que  se trabaja en un nuevo acuerdo por la deuda"},"content":{"rendered":"\n<p class=\"has-medium-font-size\"><strong><em>El Presidente confirm\u00f3 que el Gobierno analiza la posibilidad de \u201cpasar a otro tipo de programa\u201d con el organismo multilateral de cr\u00e9dito.<\/em><\/strong><\/p>\n\n\n<div class=\"wp-block-image\">\n<figure class=\"aligncenter size-full\"><img decoding=\"async\" loading=\"lazy\" width=\"780\" height=\"470\" src=\"https:\/\/notinor.com\/jujuy\/wp-content\/uploads\/2024\/01\/milei.webp\" alt=\"\" class=\"wp-image-400939\" srcset=\"https:\/\/notinor.com\/jujuy\/wp-content\/uploads\/2024\/01\/milei.webp 780w, https:\/\/notinor.com\/jujuy\/wp-content\/uploads\/2024\/01\/milei-606x365.webp 606w, https:\/\/notinor.com\/jujuy\/wp-content\/uploads\/2024\/01\/milei-768x463.webp 768w, https:\/\/notinor.com\/jujuy\/wp-content\/uploads\/2024\/01\/milei-750x452.webp 750w\" sizes=\"(max-width: 780px) 100vw, 780px\" \/><figcaption class=\"wp-element-caption\">Javier Milei<\/figcaption><\/figure><\/div>\n\n\n<p><strong>El presidente Javier Milei ratific\u00f3 que la Argentina podr\u00eda llegar a un nuevo acuerdo con el Fondo Monetario Internacional (FMI).<\/strong> \u201cTenemos un programa, pero podemos pasar a otro tipo de programa y las autoridades del Fondo est\u00e1n dispuestos a acompa\u00f1arnos\u201d, expres\u00f3.<\/p>\n\n\n\n<p>As\u00ed lo hab\u00eda anticipado ayer el ministro de Econom\u00eda, Luis Caputo, en el mismo programa: \u201cLas autoridades del Fondo han puesto en carpeta la posibilidad de un nuevo acuerdo, est\u00e1n abiertos a explorar eso. Nosotros tambi\u00e9n estudiamos alternativas para ver si podemos hacer algo mejor para los argentinos\u201d.<\/p>\n\n\n\n<blockquote class=\"wp-block-quote\">\n<p>De todas formas, el Presidente se\u00f1al\u00f3 que la posibilidad est\u00e1 latente, pero que deber\u00e1n estudiar en profundidad para avanzar en el nuevo acuerdo: \u201cHay que ver las caracter\u00edsticas que decidamos darle\u201d.<\/p>\n<\/blockquote>\n\n\n\n<p>En esa l\u00ednea, agreg\u00f3: \u201cEl Fondo se comprometi\u00f3 a seguir acompa\u00f1\u00e1ndonos, eso significa avalar un programa con fondos. Quieren que nos salga bien y es un caso emblem\u00e1tico porque acabamos de hacer un ajuste impensado en la historia argentina\u201d.<\/p>\n\n\n\n<p>Asimismo,<strong> Milei se refiri\u00f3 al encuentro que tuvo este jueves con Gita Gopinath, subdirectora del organismo y n\u00famero dos de Kristalina Georgieva: \u201cTuvimos una buena reuni\u00f3n, muy f\u00e1cil de llevar, que dur\u00f3 una hora y cuarenta\u201d.<\/strong><\/p>\n\n\n\n<p>\u201cTener la posibilidad de discutir con un presidente que es, adem\u00e1s, economista, simplifica bastante la charla. Fue muy positiva. Nos manifest\u00f3 que el FMI est\u00e1 muy satisfecho por la tarea que estamos llevando a cabo. Pondera la convicci\u00f3n que tengo para ir adelante en las cosas que hay que hacer y sobre todas las cosas est\u00e1n muy comprometidos con nuestro caso\u201d, sostuvo Milei.<\/p>\n","protected":false},"excerpt":{"rendered":"<p>El Presidente confirm\u00f3 que el Gobierno analiza la posibilidad de \u201cpasar a otro tipo de programa\u201d con el organismo multilateral de cr\u00e9dito. El presidente Javier Milei ratific\u00f3 que la Argentina podr\u00eda llegar a un nuevo acuerdo con el Fondo Monetario Internacional (FMI). \u201cTenemos un programa, pero podemos pasar a otro tipo de programa y las [&hellip;]<\/p>\n","protected":false},"author":53,"featured_media":400939,"comment_status":"open","ping_status":"open","sticky":false,"template":"","format":"standard","meta":{"_stopmodifiedupdate":false,"_modified_date":"","inline_featured_image":false,"spay_email":"","jetpack_publicize_message":""},"categories":[2,501],"tags":[1239,2967,3693],"jetpack_featured_media_url":"https:\/\/notinor.com\/jujuy\/wp-content\/uploads\/2024\/01\/milei.webp","jetpack_publicize_connections":[],"_links":{"self":[{"href":"https:\/\/notinor.com\/jujuy\/wp-json\/wp\/v2\/posts\/402696"}],"collection":[{"href":"https:\/\/notinor.com\/jujuy\/wp-json\/wp\/v2\/posts"}],"about":[{"href":"https:\/\/notinor.com\/jujuy\/wp-json\/wp\/v2\/types\/post"}],"author":[{"embeddable":true,"href":"https:\/\/notinor.com\/jujuy\/wp-json\/wp\/v2\/users\/53"}],"replies":[{"embeddable":true,"href":"https:\/\/notinor.com\/jujuy\/wp-json\/wp\/v2\/comments?post=402696"}],"version-history":[{"count":1,"href":"https:\/\/notinor.com\/jujuy\/wp-json\/wp\/v2\/posts\/402696\/revisions"}],"predecessor-version":[{"id":402698,"href":"https:\/\/notinor.com\/jujuy\/wp-json\/wp\/v2\/posts\/402696\/revisions\/402698"}],"wp:featuredmedia":[{"embeddable":true,"href":"https:\/\/notinor.com\/jujuy\/wp-json\/wp\/v2\/media\/400939"}],"wp:attachment":[{"href":"https:\/\/notinor.com\/jujuy\/wp-json\/wp\/v2\/media?parent=402696"}],"wp:term":[{"taxonomy":"category","embeddable":true,"href":"https:\/\/notinor.com\/jujuy\/wp-json\/wp\/v2\/categories?post=402696"},{"taxonomy":"post_tag","embeddable":true,"href":"https:\/\/notinor.com\/jujuy\/wp-json\/wp\/v2\/tags?post=402696"}],"curies":[{"name":"wp","href":"https:\/\/api.w.org\/{rel}","templated":true}]}}