{"id":402438,"date":"2024-02-19T17:42:11","date_gmt":"2024-02-19T20:42:11","guid":{"rendered":"https:\/\/notinor.com\/jujuy\/?p=402438"},"modified":"2024-02-19T17:42:13","modified_gmt":"2024-02-19T20:42:13","slug":"el-gobierno-aumentara-por-decreto-el-salario-minimo","status":"publish","type":"post","link":"https:\/\/notinor.com\/jujuy\/el-gobierno-aumentara-por-decreto-el-salario-minimo\/","title":{"rendered":"El Gobierno aumentar\u00e1 por decreto el salario m\u00ednimo"},"content":{"rendered":"\n<p class=\"has-medium-font-size\"><strong><em>El piso pasar\u00eda de los actuales $156.000 a unos $220.000. El incremento queda lejos del 85% que pide la central sindical. Se fijar\u00e1 de manera unilateral tras el fracaso de la reuni\u00f3n entre empresarios y gremios<\/em><\/strong><\/p>\n\n\n<div class=\"wp-block-image\">\n<figure class=\"aligncenter size-large\"><img decoding=\"async\" loading=\"lazy\" width=\"840\" height=\"472\" src=\"https:\/\/notinor.com\/jujuy\/wp-content\/uploads\/2024\/01\/PRODUCCION-PYME-840x472.webp\" alt=\"\" class=\"wp-image-400887\" srcset=\"https:\/\/notinor.com\/jujuy\/wp-content\/uploads\/2024\/01\/PRODUCCION-PYME-840x472.webp 840w, https:\/\/notinor.com\/jujuy\/wp-content\/uploads\/2024\/01\/PRODUCCION-PYME-649x365.webp 649w, https:\/\/notinor.com\/jujuy\/wp-content\/uploads\/2024\/01\/PRODUCCION-PYME-500x280.webp 500w, https:\/\/notinor.com\/jujuy\/wp-content\/uploads\/2024\/01\/PRODUCCION-PYME-768x432.webp 768w, https:\/\/notinor.com\/jujuy\/wp-content\/uploads\/2024\/01\/PRODUCCION-PYME-750x421.webp 750w, https:\/\/notinor.com\/jujuy\/wp-content\/uploads\/2024\/01\/PRODUCCION-PYME.webp 984w\" sizes=\"(max-width: 840px) 100vw, 840px\" \/><figcaption class=\"wp-element-caption\">Salario M\u00ednimo 200 mil pesos<\/figcaption><\/figure><\/div>\n\n\n<p><strong>El Gobierno se prepara para aumentar por decreto el salario m\u00ednimo, que subir\u00e1 de los actuales $156.000 a unos $220.000<\/strong>. El monto quedar\u00e1 lejos del reclamo de alza de 85% exigido por la CGT, que lo ubicar\u00eda en torno a los $288.600.<\/p>\n\n\n\n<p>La secretar\u00eda de Trabajo intervendr\u00e1 ante la falta de acuerdo de la reuni\u00f3n de la semana pasada entre empresarios y sindicalistas.<\/p>\n\n\n\n<p><strong>Cuando se actualiza, el Salario M\u00ednimo Vital y M\u00f3vil (SMVyM) impacta en el haber de los beneficiarios del plan Potenciar Trabajo<\/strong>, que paga directo al beneficiario la mitad del salario m\u00ednimo por una contraprestaci\u00f3n laboral de cuatro horas diarias. <\/p>\n\n\n\n<p>Aunque el Gobierno ya dej\u00f3 entrever que busca desacoplar esa f\u00f3rmula. Adem\u00e1s, el salario m\u00ednimo sirve de par\u00e1metro para los informales. Sumado al impacto en la exclusi\u00f3n del impuesto a las Ganancias para los trabajadores que ganan menos de 15 salarios m\u00ednimos, que hasta el momento se ubica en $2.340.000.<\/p>\n\n\n\n<p><strong>El laudo es una figura por la que el Gobierno act\u00faa como \u00e1rbitro y dispone una medida de manera unilateral ante la falta de acuerdo entre las partes, como fue el caso del aumento del salario m\u00ednimo. <\/strong><\/p>\n\n\n\n<blockquote class=\"wp-block-quote\">\n<p>Los gremios reclamaban 85% de aumento sobre el \u00faltimo monto a partir del 1\u00b0 de febrero, y los empresarios, que fueron a la cumbre sin una propuesta econ\u00f3mica hasta marzo.<\/p>\n<\/blockquote>\n\n\n\n<p><strong>Tras el fracaso de la reuni\u00f3n del Consejo del Salario, la CGT recalent\u00f3 la tensi\u00f3n con el Gobierno del presidente Javier Milei<\/strong>, que busca recortar fondos al sistema de salud sindical a partir de la desregulaci\u00f3n de obras sociales y que tambi\u00e9n present\u00f3 en la Corte Suprema un recurso para tratar que valide la reforma laboral, que est\u00e1 suspendida.<\/p>\n\n\n\n<p>Desde la central sindical acusaron al Gobierno de \u201cimpedir el normal desarrollo de la reuni\u00f3n con el \u00fanico objetivo de boicotear cualquier posibilidad de acuerdo\u201d y a los empresarios \u201cencabezados por la Uni\u00f3n Industrial Argentina\u201d de ser \u201ccomplacientes con esa estrategia\u201d, a los que criticaron por no haber llevado una propuesta.<\/p>\n","protected":false},"excerpt":{"rendered":"<p>El piso pasar\u00eda de los actuales $156.000 a unos $220.000. El incremento queda lejos del 85% que pide la central sindical. Se fijar\u00e1 de manera unilateral tras el fracaso de la reuni\u00f3n entre empresarios y gremios El Gobierno se prepara para aumentar por decreto el salario m\u00ednimo, que subir\u00e1 de los actuales $156.000 a unos [&hellip;]<\/p>\n","protected":false},"author":53,"featured_media":400887,"comment_status":"open","ping_status":"open","sticky":false,"template":"","format":"standard","meta":{"_stopmodifiedupdate":false,"_modified_date":"","inline_featured_image":false,"spay_email":"","jetpack_publicize_message":""},"categories":[2,676],"tags":[3098,3648,3635],"jetpack_featured_media_url":"https:\/\/notinor.com\/jujuy\/wp-content\/uploads\/2024\/01\/PRODUCCION-PYME.webp","jetpack_publicize_connections":[],"_links":{"self":[{"href":"https:\/\/notinor.com\/jujuy\/wp-json\/wp\/v2\/posts\/402438"}],"collection":[{"href":"https:\/\/notinor.com\/jujuy\/wp-json\/wp\/v2\/posts"}],"about":[{"href":"https:\/\/notinor.com\/jujuy\/wp-json\/wp\/v2\/types\/post"}],"author":[{"embeddable":true,"href":"https:\/\/notinor.com\/jujuy\/wp-json\/wp\/v2\/users\/53"}],"replies":[{"embeddable":true,"href":"https:\/\/notinor.com\/jujuy\/wp-json\/wp\/v2\/comments?post=402438"}],"version-history":[{"count":1,"href":"https:\/\/notinor.com\/jujuy\/wp-json\/wp\/v2\/posts\/402438\/revisions"}],"predecessor-version":[{"id":402439,"href":"https:\/\/notinor.com\/jujuy\/wp-json\/wp\/v2\/posts\/402438\/revisions\/402439"}],"wp:featuredmedia":[{"embeddable":true,"href":"https:\/\/notinor.com\/jujuy\/wp-json\/wp\/v2\/media\/400887"}],"wp:attachment":[{"href":"https:\/\/notinor.com\/jujuy\/wp-json\/wp\/v2\/media?parent=402438"}],"wp:term":[{"taxonomy":"category","embeddable":true,"href":"https:\/\/notinor.com\/jujuy\/wp-json\/wp\/v2\/categories?post=402438"},{"taxonomy":"post_tag","embeddable":true,"href":"https:\/\/notinor.com\/jujuy\/wp-json\/wp\/v2\/tags?post=402438"}],"curies":[{"name":"wp","href":"https:\/\/api.w.org\/{rel}","templated":true}]}}