{"id":402432,"date":"2024-02-19T16:34:58","date_gmt":"2024-02-19T19:34:58","guid":{"rendered":"https:\/\/notinor.com\/jujuy\/?p=402432"},"modified":"2024-02-19T16:35:01","modified_gmt":"2024-02-19T19:35:01","slug":"se-presento-el-nuevo-plantel-de-jujuy-basquet-que-comienza-a-disputar-la-liga-federal","status":"publish","type":"post","link":"https:\/\/notinor.com\/jujuy\/se-presento-el-nuevo-plantel-de-jujuy-basquet-que-comienza-a-disputar-la-liga-federal\/","title":{"rendered":"Se present\u00f3 el nuevo plantel de Jujuy B\u00e1squet que comienza a disputar la Liga Federal"},"content":{"rendered":"\n<p class=\"has-medium-font-size\"><strong><em>Jujuy B\u00e1squet afrontar\u00e1 una nueva temporada de la Liga Federal con un plantel competitivo, que mezcla juventud y experiencia, y con el objetivo de estar en los primeros planos de esta categor\u00eda. <\/em><\/strong><\/p>\n\n\n<div class=\"wp-block-image\">\n<figure class=\"aligncenter size-large\"><img decoding=\"async\" loading=\"lazy\" width=\"705\" height=\"480\" src=\"https:\/\/notinor.com\/jujuy\/wp-content\/uploads\/2024\/02\/JUJUY-BASKET-705x480.webp\" alt=\"\" class=\"wp-image-402433\" srcset=\"https:\/\/notinor.com\/jujuy\/wp-content\/uploads\/2024\/02\/JUJUY-BASKET-705x480.webp 705w, https:\/\/notinor.com\/jujuy\/wp-content\/uploads\/2024\/02\/JUJUY-BASKET-536x365.webp 536w, https:\/\/notinor.com\/jujuy\/wp-content\/uploads\/2024\/02\/JUJUY-BASKET-768x523.webp 768w, https:\/\/notinor.com\/jujuy\/wp-content\/uploads\/2024\/02\/JUJUY-BASKET-750x511.webp 750w, https:\/\/notinor.com\/jujuy\/wp-content\/uploads\/2024\/02\/JUJUY-BASKET-1140x776.webp 1140w, https:\/\/notinor.com\/jujuy\/wp-content\/uploads\/2024\/02\/JUJUY-BASKET.webp 1200w\" sizes=\"(max-width: 705px) 100vw, 705px\" \/><figcaption class=\"wp-element-caption\">Jujuy B\u00e1squet<\/figcaption><\/figure><\/div>\n\n\n<p><strong>La presentaci\u00f3n oficial del plantel y cuerpo t\u00e9cnico se concret\u00f3 en el Sal\u00f3n de la Bandera de Casa de Gobierno, con la presencia del vicegobernador de la provincia Alberto Bernis<\/strong>, acompa\u00f1ado por el ministro de Gobierno, Justicia y Derechos Humanos, Normando \u00c1lvarez Garc\u00eda y el presidente de la Federaci\u00f3n Juje\u00f1a de B\u00e1squet, Gustavo Lamas.<\/p>\n\n\n\n<p>\u201cEstamos poniendo todo el esfuerzo junto al gobernador Carlos Sadir y el equipo de gobierno para que Jujuy tenga un representante del b\u00e1squet\u201d, expres\u00f3 Bernis, y anticip\u00f3 el \u201capoyo del pueblo juje\u00f1o\u201d en cada partido que Jujuy B\u00e1squet juegue de local.<\/p>\n\n\n\n<p><strong>El vicegobernador Felicit\u00f3 a Gustavo Lamas por \u201cel trabajo al frente de la federaci\u00f3n\u201d y por \u201cla conformaci\u00f3n de un equipo de b\u00e1squet que represente\u201d a la provincia.<\/strong> Adem\u00e1s, confirm\u00f3 su presencia en el primer cotejo de la temporada, el pr\u00f3ximo s\u00e1bado desde las 21 hs en estadio Federaci\u00f3n de B\u00e1squet, cuando el combinado juje\u00f1o reciba a Nicol\u00e1s Avellaneda de Santiago del Estero. <\/p>\n\n\n\n<p><strong>Por su parte, Gustavo Lamas valor\u00f3 el \u201capoyo\u201d del gobernador Sadir, \u201cquien no dud\u00f3 en impulsar el proyecto\u201d.<\/strong> En esa l\u00ednea agradeci\u00f3, tambi\u00e9n, el aporte del ministro \u00c1lvarez Garc\u00eda. En lo que respecta a la conformaci\u00f3n del equipo, remarc\u00f3 que \u201cse arm\u00f3 un buen plantel\u201d para afrontar un \u201ctorneo largo y complejo\u201d en el que \u201cparticipan equipos de todo el pa\u00eds\u201d.<\/p>\n\n\n\n<blockquote class=\"wp-block-quote\">\n<p>El debut ser\u00e1 de local, en el Estadio Federaci\u00f3n, ante Nicol\u00e1s Avellaneda de Santiago del Estero, el s\u00e1bado 24, a partir de las 21.<\/p>\n<\/blockquote>\n\n\n\n<p> \u201cLos juje\u00f1os estamos \u00e1vidos de tener un representativo que nos enorgullezca a todos, m\u00e1s a\u00fan, teniendo un recinto de juego como es la Federaci\u00f3n de B\u00e1squet que cuenta con una gran consideraci\u00f3n en todo el pa\u00eds\u201d, concluy\u00f3.<\/p>\n\n\n\n<p><strong> La Liga Federal es la tercera divisi\u00f3n del b\u00e1squet argentino, en la edici\u00f3n 2024 contar\u00e1 con 109 equipos participantes, divididos en siete conferencias. <\/strong>El equipo juje\u00f1o integra la Conferencia Norte (Grupo A) junto a Nicol\u00e1s Avellaneda de Santiago del Estero, San Mart\u00edn de Tucum\u00e1n, Belgrano de Tucum\u00e1n, Asociaci\u00f3n Mitre de Tucum\u00e1n y Centro Espa\u00f1ol de Tartagal.<\/p>\n","protected":false},"excerpt":{"rendered":"<p>Jujuy B\u00e1squet afrontar\u00e1 una nueva temporada de la Liga Federal con un plantel competitivo, que mezcla juventud y experiencia, y con el objetivo de estar en los primeros planos de esta categor\u00eda. La presentaci\u00f3n oficial del plantel y cuerpo t\u00e9cnico se concret\u00f3 en el Sal\u00f3n de la Bandera de Casa de Gobierno, con la presencia [&hellip;]<\/p>\n","protected":false},"author":53,"featured_media":402433,"comment_status":"open","ping_status":"open","sticky":false,"template":"","format":"standard","meta":{"_stopmodifiedupdate":false,"_modified_date":"","inline_featured_image":false,"spay_email":"","jetpack_publicize_message":""},"categories":[7],"tags":[3586,3644,3645],"jetpack_featured_media_url":"https:\/\/notinor.com\/jujuy\/wp-content\/uploads\/2024\/02\/JUJUY-BASKET.webp","jetpack_publicize_connections":[],"_links":{"self":[{"href":"https:\/\/notinor.com\/jujuy\/wp-json\/wp\/v2\/posts\/402432"}],"collection":[{"href":"https:\/\/notinor.com\/jujuy\/wp-json\/wp\/v2\/posts"}],"about":[{"href":"https:\/\/notinor.com\/jujuy\/wp-json\/wp\/v2\/types\/post"}],"author":[{"embeddable":true,"href":"https:\/\/notinor.com\/jujuy\/wp-json\/wp\/v2\/users\/53"}],"replies":[{"embeddable":true,"href":"https:\/\/notinor.com\/jujuy\/wp-json\/wp\/v2\/comments?post=402432"}],"version-history":[{"count":1,"href":"https:\/\/notinor.com\/jujuy\/wp-json\/wp\/v2\/posts\/402432\/revisions"}],"predecessor-version":[{"id":402434,"href":"https:\/\/notinor.com\/jujuy\/wp-json\/wp\/v2\/posts\/402432\/revisions\/402434"}],"wp:featuredmedia":[{"embeddable":true,"href":"https:\/\/notinor.com\/jujuy\/wp-json\/wp\/v2\/media\/402433"}],"wp:attachment":[{"href":"https:\/\/notinor.com\/jujuy\/wp-json\/wp\/v2\/media?parent=402432"}],"wp:term":[{"taxonomy":"category","embeddable":true,"href":"https:\/\/notinor.com\/jujuy\/wp-json\/wp\/v2\/categories?post=402432"},{"taxonomy":"post_tag","embeddable":true,"href":"https:\/\/notinor.com\/jujuy\/wp-json\/wp\/v2\/tags?post=402432"}],"curies":[{"name":"wp","href":"https:\/\/api.w.org\/{rel}","templated":true}]}}