{"id":402116,"date":"2024-02-14T09:10:43","date_gmt":"2024-02-14T12:10:43","guid":{"rendered":"https:\/\/notinor.com\/jujuy\/?p=402116"},"modified":"2024-02-14T09:11:34","modified_gmt":"2024-02-14T12:11:34","slug":"la-uta-podria-volver-a-las-medidas-de-fuerza-ya-que-no-se-habrian-cancelado-en-su-totalidad-los-salarios","status":"publish","type":"post","link":"https:\/\/notinor.com\/jujuy\/la-uta-podria-volver-a-las-medidas-de-fuerza-ya-que-no-se-habrian-cancelado-en-su-totalidad-los-salarios\/","title":{"rendered":"Jujuy: La UTA podr\u00eda volver a las medidas de fuerza, ya que no se habr\u00edan cancelado en su totalidad los salarios"},"content":{"rendered":"\n<p><strong><em>La Uni\u00f3n Tranviarios Automotor (UTA, advirti\u00f3 sobre la posibilidad de una \"medidas de fuerza\" ante la falta de env\u00edo de los subsidios a la Provincia por parte de Naci\u00f3n.<\/em><\/strong><\/p>\n\n\n<div class=\"wp-block-image\">\n<figure class=\"aligncenter size-full is-resized\"><img decoding=\"async\" loading=\"lazy\" src=\"https:\/\/notinor.com\/jujuy\/wp-content\/uploads\/2023\/05\/transporte.jpg\" alt=\"\" class=\"wp-image-380276\" width=\"728\" height=\"408\" srcset=\"https:\/\/notinor.com\/jujuy\/wp-content\/uploads\/2023\/05\/transporte.jpg 587w, https:\/\/notinor.com\/jujuy\/wp-content\/uploads\/2023\/05\/transporte-500x280.jpg 500w\" sizes=\"(max-width: 728px) 100vw, 728px\" \/><\/figure><\/div>\n\n\n<p>El sindicato , amenaz\u00f3 con iniciar una huelga si las empresas no abonan los salarios que se adeudan a los trabajadores. <\/p>\n\n\n\n<p>Ante la falta de una\"informaci\u00f3n certera\" sobre el pago de salarios, se va a esperar hasta horas del mediodia de este miercoles, que los salarios sea depositados para definir si se realiza el paro este jueves.<\/p>\n\n\n\n<p>La situaci\u00f3n es muy complicada debido al reciente anuncio del gobierno nacional sobre el recorte de subsidios a las empresas de transporte.<\/p>\n","protected":false},"excerpt":{"rendered":"<p>La Uni\u00f3n Tranviarios Automotor (UTA, advirti\u00f3 sobre la posibilidad de una \"medidas de fuerza\" ante la falta de env\u00edo de los subsidios a la Provincia por parte de Naci\u00f3n. El sindicato , amenaz\u00f3 con iniciar una huelga si las empresas no abonan los salarios que se adeudan a los trabajadores. Ante la falta de una\"informaci\u00f3n [&hellip;]<\/p>\n","protected":false},"author":5,"featured_media":380276,"comment_status":"open","ping_status":"open","sticky":false,"template":"","format":"standard","meta":{"_stopmodifiedupdate":false,"_modified_date":"","inline_featured_image":false,"spay_email":"","jetpack_publicize_message":""},"categories":[2],"tags":[],"jetpack_featured_media_url":"https:\/\/notinor.com\/jujuy\/wp-content\/uploads\/2023\/05\/transporte.jpg","jetpack_publicize_connections":[],"_links":{"self":[{"href":"https:\/\/notinor.com\/jujuy\/wp-json\/wp\/v2\/posts\/402116"}],"collection":[{"href":"https:\/\/notinor.com\/jujuy\/wp-json\/wp\/v2\/posts"}],"about":[{"href":"https:\/\/notinor.com\/jujuy\/wp-json\/wp\/v2\/types\/post"}],"author":[{"embeddable":true,"href":"https:\/\/notinor.com\/jujuy\/wp-json\/wp\/v2\/users\/5"}],"replies":[{"embeddable":true,"href":"https:\/\/notinor.com\/jujuy\/wp-json\/wp\/v2\/comments?post=402116"}],"version-history":[{"count":3,"href":"https:\/\/notinor.com\/jujuy\/wp-json\/wp\/v2\/posts\/402116\/revisions"}],"predecessor-version":[{"id":402121,"href":"https:\/\/notinor.com\/jujuy\/wp-json\/wp\/v2\/posts\/402116\/revisions\/402121"}],"wp:featuredmedia":[{"embeddable":true,"href":"https:\/\/notinor.com\/jujuy\/wp-json\/wp\/v2\/media\/380276"}],"wp:attachment":[{"href":"https:\/\/notinor.com\/jujuy\/wp-json\/wp\/v2\/media?parent=402116"}],"wp:term":[{"taxonomy":"category","embeddable":true,"href":"https:\/\/notinor.com\/jujuy\/wp-json\/wp\/v2\/categories?post=402116"},{"taxonomy":"post_tag","embeddable":true,"href":"https:\/\/notinor.com\/jujuy\/wp-json\/wp\/v2\/tags?post=402116"}],"curies":[{"name":"wp","href":"https:\/\/api.w.org\/{rel}","templated":true}]}}