{"id":402098,"date":"2024-02-13T13:17:45","date_gmt":"2024-02-13T16:17:45","guid":{"rendered":"https:\/\/notinor.com\/jujuy\/?p=402098"},"modified":"2024-02-13T13:17:47","modified_gmt":"2024-02-13T16:17:47","slug":"murio-gabriela-pando-jugadora-de-hockey-que-brillo-con-las-leonas-en-los-90","status":"publish","type":"post","link":"https:\/\/notinor.com\/jujuy\/murio-gabriela-pando-jugadora-de-hockey-que-brillo-con-las-leonas-en-los-90\/","title":{"rendered":"Muri\u00f3 Gabriela Pando, jugadora de hockey que brill\u00f3 con las Leonas en los '90"},"content":{"rendered":"\n<p class=\"has-medium-font-size\"><em><strong>Multicampeona con Lomas Athletic, gan\u00f3 con la selecci\u00f3n argentina la medalla dorada en los Panamericanos de 1995<\/strong>.<\/em><\/p>\n\n\n<div class=\"wp-block-image\">\n<figure class=\"aligncenter size-full\"><img decoding=\"async\" loading=\"lazy\" width=\"562\" height=\"424\" src=\"https:\/\/notinor.com\/jujuy\/wp-content\/uploads\/2024\/02\/image-30.png\" alt=\"\" class=\"wp-image-402101\" srcset=\"https:\/\/notinor.com\/jujuy\/wp-content\/uploads\/2024\/02\/image-30.png 562w, https:\/\/notinor.com\/jujuy\/wp-content\/uploads\/2024\/02\/image-30-484x365.png 484w\" sizes=\"(max-width: 562px) 100vw, 562px\" \/><\/figure><\/div>\n\n\n<p><\/p>\n\n\n\n<p>El hockey sobre c\u00e9sped argentino est\u00e1 de luto. <strong>Gabriela Pando, una de las grandes figuras del deporte, muri\u00f3 este martes.<\/strong><\/p>\n\n\n\n<p>Integrante de la selecci\u00f3n argentina que conquist\u00f3 la medalla dorada en los Juegos Panamericanos de 1995 cuando a\u00fan no se llamaban las Leonas y ex jefa de equipo entre 2014 y 2017, <strong>falleci\u00f3 a los 53 a\u00f1os.<\/strong> <\/p>\n\n\n\n<p><strong>La noticia fue confirmada por la Confederaci\u00f3n Argentina de Hockey<\/strong> a trav\u00e9s de sus redes sociales, que de inmediato se inundaron de mensajes con recuerdos y condolencias.<\/p>\n\n\n\n<p>\u201c<strong>Con profundo dolor anunciamos el fallecimiento de Gabriela Pando<\/strong>, ex jugadora de las Leonas, quien visti\u00f3 la camiseta del seleccionado nacional mayor entre 1989 y 1998\u2033, comienza el mensaje difundido en Instagram sobre el adi\u00f3s de \u201cLa Roja\u201d o \u201cLa Colo\u201d, como la llamaban en el ambiente donde era muy querida.<\/p>\n\n\n\n<p><\/p>\n\n\n<div class=\"wp-block-image\">\n<figure class=\"aligncenter size-large\"><img decoding=\"async\" loading=\"lazy\" width=\"840\" height=\"480\" src=\"https:\/\/notinor.com\/jujuy\/wp-content\/uploads\/2024\/02\/image-29-840x480.png\" alt=\"\" class=\"wp-image-402100\" srcset=\"https:\/\/notinor.com\/jujuy\/wp-content\/uploads\/2024\/02\/image-29-840x480.png 840w, https:\/\/notinor.com\/jujuy\/wp-content\/uploads\/2024\/02\/image-29-638x365.png 638w, https:\/\/notinor.com\/jujuy\/wp-content\/uploads\/2024\/02\/image-29-768x439.png 768w, https:\/\/notinor.com\/jujuy\/wp-content\/uploads\/2024\/02\/image-29-750x429.png 750w, https:\/\/notinor.com\/jujuy\/wp-content\/uploads\/2024\/02\/image-29.png 848w\" sizes=\"(max-width: 840px) 100vw, 840px\" \/><\/figure><\/div>\n\n\n<p><\/p>\n\n\n\n<p>\u201cDurante su carrera obtuvo medalla de oro en los Juegos Panamericanos de 1995 y <strong>tambi\u00e9n fue distinguida con el premio Olimpia de Plata en 1992.<\/strong> <strong>Desde 2014 hasta 2017 fue Jefa de Equipo del Seleccionado Mayor nacional, <\/strong>cosechando en el camino importantes podios y acompa\u00f1ando al crecimiento del hockey y de las Leonas. Desde la Confederaci\u00f3n Argentina de Hockey acompa\u00f1amos a su familia en este dif\u00edcil momento y valoramos lo aportado al deporte en su trayectoria\u201d, cierra el comunicado.<\/p>\n\n\n\n<p><strong>Hace dos d\u00edas, Luciana Aymar, compa\u00f1era en la selecci\u00f3n, hab\u00eda posteado en su cuenta de Instagram un pedido de oraci\u00f3n por la salud de Gabriela Pando.<\/strong> \u201cColito estamos todos pensando en vos! Mand\u00e1ndote mucha luz y fuerzas\u201d, escribi\u00f3 Lucha.<\/p>\n\n\n\n<p><strong>Pando fue parte del plantel campe\u00f3n de los Panamericanos de 1995 y disput\u00f3 los Juegos Ol\u00edmpicos de Atlanta 1996,<\/strong> que fueron la semilla previa al nacimiento del mote Las Leonas cuatro a\u00f1os m\u00e1s tarde, tras la hist\u00f3rica medalla que logr\u00f3 el conjunto dirigido por Cachito Vigil en la cita ol\u00edmpica de Sidney 2000.<\/p>\n\n\n\n<p><\/p>\n\n\n<div class=\"wp-block-image\">\n<figure class=\"aligncenter size-large\"><img decoding=\"async\" loading=\"lazy\" width=\"480\" height=\"480\" src=\"https:\/\/notinor.com\/jujuy\/wp-content\/uploads\/2024\/02\/image-28-480x480.png\" alt=\"\" class=\"wp-image-402099\" srcset=\"https:\/\/notinor.com\/jujuy\/wp-content\/uploads\/2024\/02\/image-28-480x480.png 480w, https:\/\/notinor.com\/jujuy\/wp-content\/uploads\/2024\/02\/image-28-365x365.png 365w, https:\/\/notinor.com\/jujuy\/wp-content\/uploads\/2024\/02\/image-28-768x768.png 768w, https:\/\/notinor.com\/jujuy\/wp-content\/uploads\/2024\/02\/image-28-75x75.png 75w, https:\/\/notinor.com\/jujuy\/wp-content\/uploads\/2024\/02\/image-28-750x750.png 750w, https:\/\/notinor.com\/jujuy\/wp-content\/uploads\/2024\/02\/image-28.png 780w\" sizes=\"(max-width: 480px) 100vw, 480px\" \/><\/figure><\/div>\n\n\n<p><\/p>\n\n\n\n<p><strong>Sus comienzos en la disciplina fueron en el colegio<em>\u00a0Euskal Echea\u00a0<\/em>de Lomas (provincia de Buenos Aires)<\/strong>. Colg\u00f3 el palo tras el Mundial 98\u2032, que tuvo a la\u00a0<em>Albiceleste<\/em>\u00a0en el cuarto lugar del certamen, que se celebr\u00f3 en Pa\u00edses Bajos.<\/p>\n\n\n\n<p>En una \u00e9poca diferente de la disciplina, en donde todav\u00eda no reinaban las canchas de c\u00e9sped sint\u00e9tico en la Argentina, <strong>fue una de las impulsoras de una generaci\u00f3n que comenz\u00f3 a forjar uno de los equipos con mayor tradici\u00f3n en el deporte nacional.<\/strong> <\/p>\n\n\n\n<p><strong>Se destac\u00f3 como una figura central en la selecci\u00f3n nacional donde marc\u00f3 una \u00e9poca con su habilidad, dedicaci\u00f3n y esp\u00edritu competitivo<\/strong> que la llev\u00f3 a presentarse en los escenarios m\u00e1s prestigiosos del hockey mundial.<a rel=\"noreferrer noopener\" href=\"https:\/\/www.infobae.com\/deportes\/2024\/02\/08\/la-advertencia-de-arturo-vidal-a-riquelme-por-la-figura-con-la-que-quiere-reforzarse-boca-juniors-no-creo-que-se-mueva-nadie\/\" target=\"_blank\"><\/a><\/p>\n","protected":false},"excerpt":{"rendered":"<p>Multicampeona con Lomas Athletic, gan\u00f3 con la selecci\u00f3n argentina la medalla dorada en los Panamericanos de 1995. El hockey sobre c\u00e9sped argentino est\u00e1 de luto. Gabriela Pando, una de las grandes figuras del deporte, muri\u00f3 este martes. Integrante de la selecci\u00f3n argentina que conquist\u00f3 la medalla dorada en los Juegos Panamericanos de 1995 cuando a\u00fan [&hellip;]<\/p>\n","protected":false},"author":51,"featured_media":402101,"comment_status":"open","ping_status":"open","sticky":false,"template":"","format":"standard","meta":{"_stopmodifiedupdate":false,"_modified_date":"","inline_featured_image":false,"spay_email":"","jetpack_publicize_message":""},"categories":[7],"tags":[],"jetpack_featured_media_url":"https:\/\/notinor.com\/jujuy\/wp-content\/uploads\/2024\/02\/image-30.png","jetpack_publicize_connections":[],"_links":{"self":[{"href":"https:\/\/notinor.com\/jujuy\/wp-json\/wp\/v2\/posts\/402098"}],"collection":[{"href":"https:\/\/notinor.com\/jujuy\/wp-json\/wp\/v2\/posts"}],"about":[{"href":"https:\/\/notinor.com\/jujuy\/wp-json\/wp\/v2\/types\/post"}],"author":[{"embeddable":true,"href":"https:\/\/notinor.com\/jujuy\/wp-json\/wp\/v2\/users\/51"}],"replies":[{"embeddable":true,"href":"https:\/\/notinor.com\/jujuy\/wp-json\/wp\/v2\/comments?post=402098"}],"version-history":[{"count":1,"href":"https:\/\/notinor.com\/jujuy\/wp-json\/wp\/v2\/posts\/402098\/revisions"}],"predecessor-version":[{"id":402102,"href":"https:\/\/notinor.com\/jujuy\/wp-json\/wp\/v2\/posts\/402098\/revisions\/402102"}],"wp:featuredmedia":[{"embeddable":true,"href":"https:\/\/notinor.com\/jujuy\/wp-json\/wp\/v2\/media\/402101"}],"wp:attachment":[{"href":"https:\/\/notinor.com\/jujuy\/wp-json\/wp\/v2\/media?parent=402098"}],"wp:term":[{"taxonomy":"category","embeddable":true,"href":"https:\/\/notinor.com\/jujuy\/wp-json\/wp\/v2\/categories?post=402098"},{"taxonomy":"post_tag","embeddable":true,"href":"https:\/\/notinor.com\/jujuy\/wp-json\/wp\/v2\/tags?post=402098"}],"curies":[{"name":"wp","href":"https:\/\/api.w.org\/{rel}","templated":true}]}}