{"id":402087,"date":"2024-02-13T12:50:27","date_gmt":"2024-02-13T15:50:27","guid":{"rendered":"https:\/\/notinor.com\/jujuy\/?p=402087"},"modified":"2024-02-13T12:57:45","modified_gmt":"2024-02-13T15:57:45","slug":"la-mesa-del-cobre-impulsara-proyectos-para-generar-exportaciones-por-10-000-millones-de-dolares","status":"publish","type":"post","link":"https:\/\/notinor.com\/jujuy\/la-mesa-del-cobre-impulsara-proyectos-para-generar-exportaciones-por-10-000-millones-de-dolares\/","title":{"rendered":"La Mesa del Cobre impulsar\u00e1 proyectos para generar exportaciones por 10.000 millones de d\u00f3lares"},"content":{"rendered":"\n<p class=\"has-medium-font-size\"><strong><em>El espacio conformado por\u00a0los gobernadores de Salta, Catamarca y San Juan\u00a0buscar\u00e1 desarrollar cadenas de valor, generar empleo e inversiones, con la exigencia social de una miner\u00eda responsable\u00a0con el ambiente y las comunidades.<\/em><\/strong><\/p>\n\n\n<div class=\"wp-block-image\">\n<figure class=\"aligncenter size-large\"><img decoding=\"async\" loading=\"lazy\" width=\"840\" height=\"473\" src=\"https:\/\/notinor.com\/jujuy\/wp-content\/uploads\/2024\/02\/image-26-840x473.png\" alt=\"\" class=\"wp-image-402088\" srcset=\"https:\/\/notinor.com\/jujuy\/wp-content\/uploads\/2024\/02\/image-26-840x473.png 840w, https:\/\/notinor.com\/jujuy\/wp-content\/uploads\/2024\/02\/image-26-649x365.png 649w, https:\/\/notinor.com\/jujuy\/wp-content\/uploads\/2024\/02\/image-26-768x432.png 768w, https:\/\/notinor.com\/jujuy\/wp-content\/uploads\/2024\/02\/image-26-750x422.png 750w, https:\/\/notinor.com\/jujuy\/wp-content\/uploads\/2024\/02\/image-26-1140x641.png 1140w, https:\/\/notinor.com\/jujuy\/wp-content\/uploads\/2024\/02\/image-26.png 1200w\" sizes=\"(max-width: 840px) 100vw, 840px\" \/><\/figure><\/div>\n\n\n<p><\/p>\n\n\n\n<p><strong>La Mesa del Cobre<\/strong> -que acaban de conformar los gobernadores de Salta, Catamarca y San Juan-<strong>\u00a0buscar\u00e1 darle impulso final a los proyectos m\u00e1s avanzados de la Argentina,<\/strong>\u00a0los que\u00a0<strong>podr\u00edan aportar exportaciones por 10.000 millones de d\u00f3lares <\/strong>a finales de la d\u00e9cada y desarrollar cadenas de valor, generar empleo e inversiones con la exigencia social de una miner\u00eda responsable\u00a0con el ambiente y las comunidades locales.<\/p>\n\n\n\n<p>Considerado uno de los recursos estrat\u00e9gicos por su alta demanda global proyectada para la electromovilidad, las energ\u00edas renovables y la industria electr\u00f3nica<strong>, la miner\u00eda de cobre podr\u00eda aportar al pa\u00eds inversiones por 25.000 millones de d\u00f3lares y un salto exponencial de sus exportaciones.<\/strong><\/p>\n\n\n\n<p><strong>El nuevo espacio fue creado en Bruselas, B\u00e9lgica, por los gobernadores de Salta, Gustavo S\u00e1enz; de Catamarca, Ra\u00fal Jalil, y de San Juan, Marcelo Orrego<\/strong>, en el marco de una misi\u00f3n comercial a la Uni\u00f3n Europea (EU) que encabezaba la ahora exsecretaria de Miner\u00eda Flavia Royon, quien present\u00f3 su renuncia el viernes a pedido de Javier Milei.<\/p>\n\n\n\n<p><\/p>\n\n\n<div class=\"wp-block-image\">\n<figure class=\"aligncenter size-full is-resized\"><img decoding=\"async\" loading=\"lazy\" src=\"https:\/\/notinor.com\/jujuy\/wp-content\/uploads\/2023\/05\/cobre.jpg\" alt=\"\" class=\"wp-image-380826\" width=\"811\" height=\"541\" srcset=\"https:\/\/notinor.com\/jujuy\/wp-content\/uploads\/2023\/05\/cobre.jpg 612w, https:\/\/notinor.com\/jujuy\/wp-content\/uploads\/2023\/05\/cobre-548x365.jpg 548w\" sizes=\"(max-width: 811px) 100vw, 811px\" \/><\/figure><\/div>\n\n\n<p><\/p>\n\n\n\n<p>Estas provincias que poseen los proyectos m\u00e1s avanzados del pa\u00eds generaron este nuevo espacio de cooperaci\u00f3n y coordinaci\u00f3n -a imagen de lo que ya ocurre con la Mesa del Litio- en procura de<strong> articular la formulaci\u00f3n de pol\u00edticas p\u00fablicas orientadas al desarrollo sustentable y una gobernanza responsable de los recursos mineros<\/strong>.<\/p>\n\n\n\n<p>La mesa dispuso la activaci\u00f3n de las comisiones de Trabajo, Infraestructura, Desarrollo de Proveedores, Regal\u00edas y Tributos, Miner\u00eda, Ambiente y Agua, Ciencia y Tecnolog\u00eda, Educaci\u00f3n y Trabajo, Industrializaci\u00f3n y Cadena de Valor para cuando<strong> se presente formalmente en el pa\u00eds la iniciativa, acordada para la pr\u00f3xima edici\u00f3n de la Expo San Juan Minera, del 21 al 23 de mayo.<\/strong><\/p>\n\n\n\n<p>El acuerdo de los gobernadores tiene como antecedente inmediato la conformaci\u00f3n por parte de las empresas del sector de una Mesa del Cobre que permita un trabajo en conjunto\u00a0y que agrupa a representantes de<strong> los principales proyectos cupr\u00edferos, tales como Los Azules, Taca Taca, Mara, Josemar\u00eda, Filo del Sol, Altar y Pach\u00f3n.<\/strong><\/p>\n\n\n\n<p><\/p>\n\n\n<div class=\"wp-block-image\">\n<figure class=\"aligncenter size-large\"><img decoding=\"async\" loading=\"lazy\" width=\"788\" height=\"480\" src=\"https:\/\/notinor.com\/jujuy\/wp-content\/uploads\/2024\/02\/image-27-788x480.png\" alt=\"\" class=\"wp-image-402095\" srcset=\"https:\/\/notinor.com\/jujuy\/wp-content\/uploads\/2024\/02\/image-27-788x480.png 788w, https:\/\/notinor.com\/jujuy\/wp-content\/uploads\/2024\/02\/image-27-599x365.png 599w, https:\/\/notinor.com\/jujuy\/wp-content\/uploads\/2024\/02\/image-27-768x468.png 768w, https:\/\/notinor.com\/jujuy\/wp-content\/uploads\/2024\/02\/image-27-750x457.png 750w, https:\/\/notinor.com\/jujuy\/wp-content\/uploads\/2024\/02\/image-27.png 1000w\" sizes=\"(max-width: 788px) 100vw, 788px\" \/><\/figure><\/div>\n\n\n<p><\/p>\n\n\n\n<p>Estos proyectos tienen el potencial de repercutir positivamente en cada una de las regiones en que se encuentran, al <strong>generar hasta 100.000 empleos directos e indirectos de calidad y oportunidades de desarrollo para las comunidades,<\/strong> en zonas alejadas de los grandes centros urbanos.<\/p>\n\n\n\n<p><strong>Con el cierre en 2018 de la mina Bajo de la Alumbrera, en Catamarca, el pa\u00eds cumple seis a\u00f1os sin producci\u00f3n<\/strong>\u00a0<strong>ni exportaciones de cobre<\/strong>, un desaprovechamiento de los recursos cupr\u00edferos que se estiman para el pa\u00eds como parte de la regi\u00f3n metal\u00edfera que incluye a Per\u00fa y Chile, los responsables del 35% de la producci\u00f3n y el 50% de las exportaciones mundiales del cobre.<\/p>\n\n\n\n<p><strong>Los grandes bloques comerciales que representan m\u00e1s del 65% de la demanda global integrado por China -que por s\u00ed sola representa casi el 35% del total-, Estados Unidos, Uni\u00f3n Europea y Jap\u00f3n\u00a0<\/strong>consideran al cobre como mineral estrat\u00e9gico para sus proyecciones industriales vinculadas a la electrificaci\u00f3n, por lo que se presentan no s\u00f3lo como mercados atractivos, sino como fuentes de financiamiento de grandes proyectos.<\/p>\n\n\n\n<p>Una estimaci\u00f3n reciente de la Secretar\u00eda de Miner\u00eda<strong>\u00a0<\/strong>indic\u00f3 que <strong>el pa\u00eds esta en condiciones de volver a exportar cobre en 2027, con una proyecci\u00f3n inicial de 814 millones de d\u00f3lares<\/strong> que, con la entrada en producci\u00f3n de m\u00e1s iniciativas, ya avizora un incremento del volumen exportador anual.<a href=\"javascript:void(0);\"><\/a><\/p>\n","protected":false},"excerpt":{"rendered":"<p>El espacio conformado por\u00a0los gobernadores de Salta, Catamarca y San Juan\u00a0buscar\u00e1 desarrollar cadenas de valor, generar empleo e inversiones, con la exigencia social de una miner\u00eda responsable\u00a0con el ambiente y las comunidades. La Mesa del Cobre -que acaban de conformar los gobernadores de Salta, Catamarca y San Juan-\u00a0buscar\u00e1 darle impulso final a los proyectos m\u00e1s [&hellip;]<\/p>\n","protected":false},"author":51,"featured_media":402088,"comment_status":"open","ping_status":"open","sticky":false,"template":"","format":"standard","meta":{"_stopmodifiedupdate":false,"_modified_date":"","inline_featured_image":false,"spay_email":"","jetpack_publicize_message":""},"categories":[676,1158,2553],"tags":[],"jetpack_featured_media_url":"https:\/\/notinor.com\/jujuy\/wp-content\/uploads\/2024\/02\/image-26.png","jetpack_publicize_connections":[],"_links":{"self":[{"href":"https:\/\/notinor.com\/jujuy\/wp-json\/wp\/v2\/posts\/402087"}],"collection":[{"href":"https:\/\/notinor.com\/jujuy\/wp-json\/wp\/v2\/posts"}],"about":[{"href":"https:\/\/notinor.com\/jujuy\/wp-json\/wp\/v2\/types\/post"}],"author":[{"embeddable":true,"href":"https:\/\/notinor.com\/jujuy\/wp-json\/wp\/v2\/users\/51"}],"replies":[{"embeddable":true,"href":"https:\/\/notinor.com\/jujuy\/wp-json\/wp\/v2\/comments?post=402087"}],"version-history":[{"count":4,"href":"https:\/\/notinor.com\/jujuy\/wp-json\/wp\/v2\/posts\/402087\/revisions"}],"predecessor-version":[{"id":402096,"href":"https:\/\/notinor.com\/jujuy\/wp-json\/wp\/v2\/posts\/402087\/revisions\/402096"}],"wp:featuredmedia":[{"embeddable":true,"href":"https:\/\/notinor.com\/jujuy\/wp-json\/wp\/v2\/media\/402088"}],"wp:attachment":[{"href":"https:\/\/notinor.com\/jujuy\/wp-json\/wp\/v2\/media?parent=402087"}],"wp:term":[{"taxonomy":"category","embeddable":true,"href":"https:\/\/notinor.com\/jujuy\/wp-json\/wp\/v2\/categories?post=402087"},{"taxonomy":"post_tag","embeddable":true,"href":"https:\/\/notinor.com\/jujuy\/wp-json\/wp\/v2\/tags?post=402087"}],"curies":[{"name":"wp","href":"https:\/\/api.w.org\/{rel}","templated":true}]}}