{"id":402077,"date":"2024-02-13T12:24:32","date_gmt":"2024-02-13T15:24:32","guid":{"rendered":"https:\/\/notinor.com\/jujuy\/?p=402077"},"modified":"2024-02-13T12:32:29","modified_gmt":"2024-02-13T15:32:29","slug":"la-ministra-serrano-firmo-el-compromiso-de-jujuy-para-el-plan-federal-de-alfabetizacion","status":"publish","type":"post","link":"https:\/\/notinor.com\/jujuy\/la-ministra-serrano-firmo-el-compromiso-de-jujuy-para-el-plan-federal-de-alfabetizacion\/","title":{"rendered":"La ministra Serrano firm\u00f3 el compromiso de Jujuy para el Plan Federal de Alfabetizaci\u00f3n"},"content":{"rendered":"\n<p class=\"has-medium-font-size\"><strong><em>La ministra de Educaci\u00f3n local firm\u00f3, junto a sus pares de otras provincias y el Secretario de Educaci\u00f3n de la Naci\u00f3n, Carlos Torrendell, el compromiso para el Plan Federal de Alfabetizaci\u00f3n.<\/em><\/strong><\/p>\n\n\n<div class=\"wp-block-image\">\n<figure class=\"aligncenter size-large\"><img decoding=\"async\" loading=\"lazy\" width=\"840\" height=\"381\" src=\"https:\/\/notinor.com\/jujuy\/wp-content\/uploads\/2024\/02\/image-25-840x381.png\" alt=\"\" class=\"wp-image-402078\" srcset=\"https:\/\/notinor.com\/jujuy\/wp-content\/uploads\/2024\/02\/image-25-840x381.png 840w, https:\/\/notinor.com\/jujuy\/wp-content\/uploads\/2024\/02\/image-25-660x299.png 660w, https:\/\/notinor.com\/jujuy\/wp-content\/uploads\/2024\/02\/image-25-768x348.png 768w, https:\/\/notinor.com\/jujuy\/wp-content\/uploads\/2024\/02\/image-25-750x340.png 750w, https:\/\/notinor.com\/jujuy\/wp-content\/uploads\/2024\/02\/image-25-1140x517.png 1140w, https:\/\/notinor.com\/jujuy\/wp-content\/uploads\/2024\/02\/image-25.png 1200w\" sizes=\"(max-width: 840px) 100vw, 840px\" \/><\/figure><\/div>\n\n\n<p><\/p>\n\n\n\n<p><strong>La ministra de Educaci\u00f3n de Jujuy, Miriam Serrano, firm\u00f3<\/strong>, junto a sus pares de otras provincias y el Secretario de Educaci\u00f3n de la Naci\u00f3n, Carlos Torrendell, <strong>el compromiso para el Plan Federal de Alfabetizaci\u00f3n.<\/strong><\/p>\n\n\n\n<p><strong>El programa, que estipul\u00f3 como plazo para su aprobaci\u00f3n hasta abril, tiene sus bases en un documento presentado en la \u00faltima reuni\u00f3n del Consejo Federal de Educaci\u00f3n (CFE),<\/strong> y analizado en una Mesa de Trabajo de la que particip\u00f3 la ministra local y el secretario de Gesti\u00f3n Educativa, Federico Medrano.<\/p>\n\n\n\n<p>Dicho documento se titula \"Compromiso Federal por la Alfabetizaci\u00f3n-Pol\u00edtica Nacional de Alfabetizaci\u00f3n\". <strong>La propuesta presentada en el seno del Consejo se\u00f1ala entre otros ejes, los siguientes:\u00a0<\/strong><\/p>\n\n\n\n<p>-Compromiso de alcance comunitario.&nbsp;<\/p>\n\n\n\n<p>-La alfabetizaci\u00f3n en los primeros a\u00f1os de escolaridad.&nbsp;<\/p>\n\n\n\n<p>-Transversalidad de la alfabetizaci\u00f3n.&nbsp;<\/p>\n\n\n\n<p>-Formaci\u00f3n docente inicial y continua.&nbsp;<\/p>\n\n\n\n<p>-Acceso a recursos educativos de calidad.&nbsp;<\/p>\n\n\n\n<p>-Monitoreo y evaluaci\u00f3n.<\/p>\n\n\n\n<p>En esta oportunidad,\u00a0<strong>el\u00a0CFE estuvo reunido durante dos jornadas,<\/strong><a rel=\"noreferrer noopener\" href=\"https:\/\/notinor.com\/jujuy\/jujuy-en-el-consejo-federal-de-educacion-hacia-una-politica-de-alfabetizacion\/\" target=\"_blank\"><strong>\u00a0<\/strong>la primera el jueves pasado mediante una Mesa de Trabajo;<\/a>\u00a0y la segunda, el viernes con la Asamblea.\u00a0<\/p>\n\n\n\n<p><strong>Cabe recordar que Jujuy ya se encuentra a las puertas de un Programa Provincial de Alfabetizaci\u00f3n, \"Jujuy Lee\",\u00a0<\/strong>proyectado para el periodo 2024-2030, record\u00f3 la ministra Serrano.<\/p>\n\n\n\n<p><\/p>\n\n\n<div class=\"wp-block-image\">\n<figure class=\"aligncenter size-large\"><img decoding=\"async\" loading=\"lazy\" width=\"707\" height=\"480\" src=\"https:\/\/notinor.com\/jujuy\/wp-content\/uploads\/2024\/02\/image-2-707x480.png\" alt=\"\" class=\"wp-image-401994\" srcset=\"https:\/\/notinor.com\/jujuy\/wp-content\/uploads\/2024\/02\/image-2-707x480.png 707w, https:\/\/notinor.com\/jujuy\/wp-content\/uploads\/2024\/02\/image-2-538x365.png 538w, https:\/\/notinor.com\/jujuy\/wp-content\/uploads\/2024\/02\/image-2-768x521.png 768w, https:\/\/notinor.com\/jujuy\/wp-content\/uploads\/2024\/02\/image-2-750x509.png 750w, https:\/\/notinor.com\/jujuy\/wp-content\/uploads\/2024\/02\/image-2.png 837w\" sizes=\"(max-width: 707px) 100vw, 707px\" \/><\/figure><\/div>\n\n\n<p><\/p>\n\n\n\n<p>En tanto, <strong>ministros provinciales firmaron el viernes una nota dirigida al secretario de Educaci\u00f3n, Carlos Torrendell, <\/strong>reclamando fondos no remitidos por Naci\u00f3n\u00a0en materia de incentivo docente, fondo de compensaci\u00f3n salarial, conectividad y material did\u00e1ctico.<\/p>\n\n\n\n<p>Los funcionarios de las carteras locales de Educaci\u00f3n, reunidos en el Palacio Sarmiento,&nbsp;<strong>expresaron su preocupaci\u00f3n por la situaci\u00f3n, a pocos d\u00edas del inicio del ciclo lectivo 2024.<\/strong><\/p>\n\n\n\n<p>La carta, firmada tambi\u00e9n por Serrano, expresa que<strong>\u00a0hay \u201cfalta de certeza sobre el escenario presente y futuro respecto a la continuidad en las transferencias de los fondos<\/strong>\u00a0referidos, de modo tal de poder delinear seriamente la pol\u00edtica educativa en las jurisdicciones\u201d.<\/p>\n","protected":false},"excerpt":{"rendered":"<p>La ministra de Educaci\u00f3n local firm\u00f3, junto a sus pares de otras provincias y el Secretario de Educaci\u00f3n de la Naci\u00f3n, Carlos Torrendell, el compromiso para el Plan Federal de Alfabetizaci\u00f3n. La ministra de Educaci\u00f3n de Jujuy, Miriam Serrano, firm\u00f3, junto a sus pares de otras provincias y el Secretario de Educaci\u00f3n de la Naci\u00f3n, [&hellip;]<\/p>\n","protected":false},"author":51,"featured_media":402078,"comment_status":"open","ping_status":"open","sticky":false,"template":"","format":"standard","meta":{"_stopmodifiedupdate":false,"_modified_date":"","inline_featured_image":false,"spay_email":"","jetpack_publicize_message":""},"categories":[13],"tags":[],"jetpack_featured_media_url":"https:\/\/notinor.com\/jujuy\/wp-content\/uploads\/2024\/02\/image-25.png","jetpack_publicize_connections":[],"_links":{"self":[{"href":"https:\/\/notinor.com\/jujuy\/wp-json\/wp\/v2\/posts\/402077"}],"collection":[{"href":"https:\/\/notinor.com\/jujuy\/wp-json\/wp\/v2\/posts"}],"about":[{"href":"https:\/\/notinor.com\/jujuy\/wp-json\/wp\/v2\/types\/post"}],"author":[{"embeddable":true,"href":"https:\/\/notinor.com\/jujuy\/wp-json\/wp\/v2\/users\/51"}],"replies":[{"embeddable":true,"href":"https:\/\/notinor.com\/jujuy\/wp-json\/wp\/v2\/comments?post=402077"}],"version-history":[{"count":4,"href":"https:\/\/notinor.com\/jujuy\/wp-json\/wp\/v2\/posts\/402077\/revisions"}],"predecessor-version":[{"id":402084,"href":"https:\/\/notinor.com\/jujuy\/wp-json\/wp\/v2\/posts\/402077\/revisions\/402084"}],"wp:featuredmedia":[{"embeddable":true,"href":"https:\/\/notinor.com\/jujuy\/wp-json\/wp\/v2\/media\/402078"}],"wp:attachment":[{"href":"https:\/\/notinor.com\/jujuy\/wp-json\/wp\/v2\/media?parent=402077"}],"wp:term":[{"taxonomy":"category","embeddable":true,"href":"https:\/\/notinor.com\/jujuy\/wp-json\/wp\/v2\/categories?post=402077"},{"taxonomy":"post_tag","embeddable":true,"href":"https:\/\/notinor.com\/jujuy\/wp-json\/wp\/v2\/tags?post=402077"}],"curies":[{"name":"wp","href":"https:\/\/api.w.org\/{rel}","templated":true}]}}