{"id":402073,"date":"2024-02-13T12:18:16","date_gmt":"2024-02-13T15:18:16","guid":{"rendered":"https:\/\/notinor.com\/jujuy\/?p=402073"},"modified":"2024-02-13T13:27:12","modified_gmt":"2024-02-13T16:27:12","slug":"jujuy-no-descarta-interponer-una-medida-cautelar-contra-la-suba-del-transporte-publico","status":"publish","type":"post","link":"https:\/\/notinor.com\/jujuy\/jujuy-no-descarta-interponer-una-medida-cautelar-contra-la-suba-del-transporte-publico\/","title":{"rendered":"Jujuy no descarta interponer una medida cautelar contra la suba del transporte p\u00fablico"},"content":{"rendered":"\n<p class=\"has-medium-font-size\"><strong><em>El edil Lisandro Aguiar asegur\u00f3 que de eliminarse la ayuda a las provincias, el boleto de colectivo podr\u00eda costar entre $ 800 y $ 1.000 en la capital juje\u00f1a.<\/em><\/strong><\/p>\n\n\n<div class=\"wp-block-image\">\n<figure class=\"aligncenter size-large\"><img decoding=\"async\" loading=\"lazy\" width=\"840\" height=\"473\" src=\"https:\/\/notinor.com\/jujuy\/wp-content\/uploads\/2024\/02\/image-24-840x473.png\" alt=\"\" class=\"wp-image-402074\" srcset=\"https:\/\/notinor.com\/jujuy\/wp-content\/uploads\/2024\/02\/image-24-840x473.png 840w, https:\/\/notinor.com\/jujuy\/wp-content\/uploads\/2024\/02\/image-24-649x365.png 649w, https:\/\/notinor.com\/jujuy\/wp-content\/uploads\/2024\/02\/image-24-768x432.png 768w, https:\/\/notinor.com\/jujuy\/wp-content\/uploads\/2024\/02\/image-24-750x422.png 750w, https:\/\/notinor.com\/jujuy\/wp-content\/uploads\/2024\/02\/image-24-1140x642.png 1140w, https:\/\/notinor.com\/jujuy\/wp-content\/uploads\/2024\/02\/image-24.png 1155w\" sizes=\"(max-width: 840px) 100vw, 840px\" \/><\/figure><\/div>\n\n\n<p><\/p>\n\n\n\n<p>Tras el anuncio del Gobierno Nacional de quitar los subsidios del transporte en el interior del pa\u00eds, <strong>en la provincia se alzaron las voces de rechazo, especialmente en San Salvador de Jujuy. <\/strong><\/p>\n\n\n\n<p>Lisandro Aguiar, presidente del Concejo Deliberante, afirm\u00f3 que <strong>de confirmarse esta medida no descartan la posibilidad de iniciar acciones legales para impedir la disposici\u00f3n.<\/strong><\/p>\n\n\n\n<p>\"Queremos esperar el decreto, que de confirmarse ocasionar\u00eda un da\u00f1o importante a toda la poblaci\u00f3n y vecinos de todas las ciudades del interior.<strong> En San Salvador de Jujuy, la tarifa del boleto oscilar\u00eda entre los 800 y 1.000 pesos\"<\/strong>, precis\u00f3 el funcionario municipal.<\/p>\n\n\n\n<p>En ese sentido, asegur\u00f3 que <strong>\"pone en jaque el sistema de transporte porque se realiz\u00f3 de forma veloz, inaudita y ligera. <\/strong>\"Hay que entender que detr\u00e1s del servicio de colectivos, hay un trabajador, un estudiante, una familia que necesita a diario cumplir con su labores\", reflexion\u00f3.<\/p>\n\n\n\n<p><\/p>\n\n\n<div class=\"wp-block-image\">\n<figure class=\"aligncenter size-large\"><img decoding=\"async\" loading=\"lazy\" width=\"840\" height=\"480\" src=\"https:\/\/notinor.com\/jujuy\/wp-content\/uploads\/2024\/02\/image-32-840x480.png\" alt=\"\" class=\"wp-image-402106\" srcset=\"https:\/\/notinor.com\/jujuy\/wp-content\/uploads\/2024\/02\/image-32-840x480.png 840w, https:\/\/notinor.com\/jujuy\/wp-content\/uploads\/2024\/02\/image-32-639x365.png 639w, https:\/\/notinor.com\/jujuy\/wp-content\/uploads\/2024\/02\/image-32-768x439.png 768w, https:\/\/notinor.com\/jujuy\/wp-content\/uploads\/2024\/02\/image-32-750x429.png 750w, https:\/\/notinor.com\/jujuy\/wp-content\/uploads\/2024\/02\/image-32.png 950w\" sizes=\"(max-width: 840px) 100vw, 840px\" \/><\/figure><\/div>\n\n\n<p><\/p>\n\n\n\n<p>Consultado sobre la posibilidad de que el decreto sea una represalia del presidente Javier Milei a las provincias del interior por el fracaso de la Ley \"Bases\" en el Congreso, aclar\u00f3 que ser\u00eda de una gravedad importante. \"Si es una venganza, amerita un an\u00e1lisis profundo de las clases de personas que nos est\u00e1n gobernando, <strong>ser\u00eda muy preocupante saber que el presidente piensa en da\u00f1ar a los argentinos con una venganza.<\/strong> <strong>Estamos ante una medida errada que no tiene una visi\u00f3n integral del problema <\/strong>del transporte p\u00fablico\", prosigui\u00f3<\/p>\n\n\n\n<p>Para finalizar, Aguiar reiter\u00f3 que <strong>ser\u00e1n respetuosos de los tiempos para conocer en detalle el decreto <\/strong>que ser\u00e1 publicado en el<em> Bolet\u00edn Oficial <\/em>y que una vez que se publique, manifest\u00f3 que<strong> analizar\u00e1n los procedimientos a seguir.<\/strong><\/p>\n","protected":false},"excerpt":{"rendered":"<p>El edil Lisandro Aguiar asegur\u00f3 que de eliminarse la ayuda a las provincias, el boleto de colectivo podr\u00eda costar entre $ 800 y $ 1.000 en la capital juje\u00f1a. Tras el anuncio del Gobierno Nacional de quitar los subsidios del transporte en el interior del pa\u00eds, en la provincia se alzaron las voces de rechazo, [&hellip;]<\/p>\n","protected":false},"author":51,"featured_media":402074,"comment_status":"open","ping_status":"open","sticky":false,"template":"","format":"standard","meta":{"_stopmodifiedupdate":false,"_modified_date":"","inline_featured_image":false,"spay_email":"","jetpack_publicize_message":""},"categories":[2,514],"tags":[],"jetpack_featured_media_url":"https:\/\/notinor.com\/jujuy\/wp-content\/uploads\/2024\/02\/image-24.png","jetpack_publicize_connections":[],"_links":{"self":[{"href":"https:\/\/notinor.com\/jujuy\/wp-json\/wp\/v2\/posts\/402073"}],"collection":[{"href":"https:\/\/notinor.com\/jujuy\/wp-json\/wp\/v2\/posts"}],"about":[{"href":"https:\/\/notinor.com\/jujuy\/wp-json\/wp\/v2\/types\/post"}],"author":[{"embeddable":true,"href":"https:\/\/notinor.com\/jujuy\/wp-json\/wp\/v2\/users\/51"}],"replies":[{"embeddable":true,"href":"https:\/\/notinor.com\/jujuy\/wp-json\/wp\/v2\/comments?post=402073"}],"version-history":[{"count":2,"href":"https:\/\/notinor.com\/jujuy\/wp-json\/wp\/v2\/posts\/402073\/revisions"}],"predecessor-version":[{"id":402107,"href":"https:\/\/notinor.com\/jujuy\/wp-json\/wp\/v2\/posts\/402073\/revisions\/402107"}],"wp:featuredmedia":[{"embeddable":true,"href":"https:\/\/notinor.com\/jujuy\/wp-json\/wp\/v2\/media\/402074"}],"wp:attachment":[{"href":"https:\/\/notinor.com\/jujuy\/wp-json\/wp\/v2\/media?parent=402073"}],"wp:term":[{"taxonomy":"category","embeddable":true,"href":"https:\/\/notinor.com\/jujuy\/wp-json\/wp\/v2\/categories?post=402073"},{"taxonomy":"post_tag","embeddable":true,"href":"https:\/\/notinor.com\/jujuy\/wp-json\/wp\/v2\/tags?post=402073"}],"curies":[{"name":"wp","href":"https:\/\/api.w.org\/{rel}","templated":true}]}}