{"id":402069,"date":"2024-02-13T11:55:07","date_gmt":"2024-02-13T14:55:07","guid":{"rendered":"https:\/\/notinor.com\/jujuy\/?p=402069"},"modified":"2024-02-13T11:55:08","modified_gmt":"2024-02-13T14:55:08","slug":"tilcara-robaron-27-celulares-a-personas-que-fueron-a-carnavalear","status":"publish","type":"post","link":"https:\/\/notinor.com\/jujuy\/tilcara-robaron-27-celulares-a-personas-que-fueron-a-carnavalear\/","title":{"rendered":"Tilcara: robaron 27 celulares a personas que fueron a carnavalear"},"content":{"rendered":"\n<p class=\"has-medium-font-size\"><strong><em>Dos mujeres y un hombre fueron detenidos en la terminal de la localidad de\u00a0Tilcara\u00a0y son investigados.<\/em><\/strong><\/p>\n\n\n<div class=\"wp-block-image\">\n<figure class=\"aligncenter size-large\"><img decoding=\"async\" loading=\"lazy\" width=\"840\" height=\"473\" src=\"https:\/\/notinor.com\/jujuy\/wp-content\/uploads\/2024\/02\/image-23-840x473.png\" alt=\"\" class=\"wp-image-402070\" srcset=\"https:\/\/notinor.com\/jujuy\/wp-content\/uploads\/2024\/02\/image-23-840x473.png 840w, https:\/\/notinor.com\/jujuy\/wp-content\/uploads\/2024\/02\/image-23-648x365.png 648w, https:\/\/notinor.com\/jujuy\/wp-content\/uploads\/2024\/02\/image-23-768x432.png 768w, https:\/\/notinor.com\/jujuy\/wp-content\/uploads\/2024\/02\/image-23-750x422.png 750w, https:\/\/notinor.com\/jujuy\/wp-content\/uploads\/2024\/02\/image-23.png 970w\" sizes=\"(max-width: 840px) 100vw, 840px\" \/><\/figure><\/div>\n\n\n<p><\/p>\n\n\n\n<p><strong>Dos mujeres y un hombre fueron detenidos en la terminal de la localidad de<\/strong>\u00a0<strong>Tilcara\u00a0y les secuestraron 27 tel\u00e9fonos celulares que habr\u00edan robado\u00a0<\/strong>a personas que asistieron a ese lugar a festejar el Carnaval.<\/p>\n\n\n\n<p><strong>\"Los dispositivos eran de diferentes marcas y gamas.<\/strong>\u00a0Les queremos poner en conocimiento a aquellas personas que hayan estado en Tilcara y hayan sufrido la p\u00e9rdida de su tel\u00e9fono celular que radiquen la denuncia, se comuniquen con la brigada de investigaciones de Maimar\u00e1\", pidi\u00f3 la comisario Yanina Coronel, prensa de la Polic\u00eda Central.<\/p>\n\n\n\n<p>Asimismo, coment\u00f3 que tambi\u00e9n el s\u00e1bado sobre la avenida Hip\u00f3lito Yrigoyen de la ciudad de San Salvador de Jujuy,<strong> efectivos policiales \"sacaron de circulaci\u00f3n una motocicleta que se encontraba con una procedencia dudosa, <\/strong>ya que dos conocidos del ambiente delictual la manejaban.<\/p>\n\n\n\n<p><strong>Les solicitaron la documentaci\u00f3n y no la ten\u00edan, luego hicieron una inspecci\u00f3n de la moto<\/strong> y se encontraron \"con el tambor de arranque forcejeado, raz\u00f3n por la cual estas personas fueron demoradas y la motocicleta se encuentra en una dependencia policial, as\u00ed que tambi\u00e9n<strong>\u00a0se le pone en conocimiento a aquella persona que haya sufrido la sustracci\u00f3n de una motocicleta Gilera 200 cilindradas, color negra, que la misma se encuentra en la dependencia policial\"<\/strong>, finaliz\u00f3.<\/p>\n","protected":false},"excerpt":{"rendered":"<p>Dos mujeres y un hombre fueron detenidos en la terminal de la localidad de\u00a0Tilcara\u00a0y son investigados. Dos mujeres y un hombre fueron detenidos en la terminal de la localidad de\u00a0Tilcara\u00a0y les secuestraron 27 tel\u00e9fonos celulares que habr\u00edan robado\u00a0a personas que asistieron a ese lugar a festejar el Carnaval. \"Los dispositivos eran de diferentes marcas y [&hellip;]<\/p>\n","protected":false},"author":51,"featured_media":402070,"comment_status":"open","ping_status":"open","sticky":false,"template":"","format":"standard","meta":{"_stopmodifiedupdate":false,"_modified_date":"","inline_featured_image":false,"spay_email":"","jetpack_publicize_message":""},"categories":[3],"tags":[],"jetpack_featured_media_url":"https:\/\/notinor.com\/jujuy\/wp-content\/uploads\/2024\/02\/image-23.png","jetpack_publicize_connections":[],"_links":{"self":[{"href":"https:\/\/notinor.com\/jujuy\/wp-json\/wp\/v2\/posts\/402069"}],"collection":[{"href":"https:\/\/notinor.com\/jujuy\/wp-json\/wp\/v2\/posts"}],"about":[{"href":"https:\/\/notinor.com\/jujuy\/wp-json\/wp\/v2\/types\/post"}],"author":[{"embeddable":true,"href":"https:\/\/notinor.com\/jujuy\/wp-json\/wp\/v2\/users\/51"}],"replies":[{"embeddable":true,"href":"https:\/\/notinor.com\/jujuy\/wp-json\/wp\/v2\/comments?post=402069"}],"version-history":[{"count":1,"href":"https:\/\/notinor.com\/jujuy\/wp-json\/wp\/v2\/posts\/402069\/revisions"}],"predecessor-version":[{"id":402071,"href":"https:\/\/notinor.com\/jujuy\/wp-json\/wp\/v2\/posts\/402069\/revisions\/402071"}],"wp:featuredmedia":[{"embeddable":true,"href":"https:\/\/notinor.com\/jujuy\/wp-json\/wp\/v2\/media\/402070"}],"wp:attachment":[{"href":"https:\/\/notinor.com\/jujuy\/wp-json\/wp\/v2\/media?parent=402069"}],"wp:term":[{"taxonomy":"category","embeddable":true,"href":"https:\/\/notinor.com\/jujuy\/wp-json\/wp\/v2\/categories?post=402069"},{"taxonomy":"post_tag","embeddable":true,"href":"https:\/\/notinor.com\/jujuy\/wp-json\/wp\/v2\/tags?post=402069"}],"curies":[{"name":"wp","href":"https:\/\/api.w.org\/{rel}","templated":true}]}}