{"id":402064,"date":"2024-02-13T11:23:35","date_gmt":"2024-02-13T14:23:35","guid":{"rendered":"https:\/\/notinor.com\/jujuy\/?p=402064"},"modified":"2024-02-13T11:40:01","modified_gmt":"2024-02-13T14:40:01","slug":"volvio-milei-y-prometio-mantener-la-motosierra-contra-la-casta-politica","status":"publish","type":"post","link":"https:\/\/notinor.com\/jujuy\/volvio-milei-y-prometio-mantener-la-motosierra-contra-la-casta-politica\/","title":{"rendered":"Volvi\u00f3 Milei y prometi\u00f3 mantener \u201cla motosierra contra la casta pol\u00edtica\u201d"},"content":{"rendered":"\n<p class=\"has-medium-font-size\"><strong><em>El Presidente regres\u00f3 al pa\u00eds tras sus visitas a Israel e Italia. Retomar\u00e1 la gesti\u00f3n diaria en medio de la tensi\u00f3n con los gobernadores<\/em><\/strong>.<\/p>\n\n\n<div class=\"wp-block-image\">\n<figure class=\"aligncenter size-large\"><img decoding=\"async\" loading=\"lazy\" width=\"721\" height=\"480\" src=\"https:\/\/notinor.com\/jujuy\/wp-content\/uploads\/2024\/02\/image-22-721x480.png\" alt=\"\" class=\"wp-image-402065\" srcset=\"https:\/\/notinor.com\/jujuy\/wp-content\/uploads\/2024\/02\/image-22-721x480.png 721w, https:\/\/notinor.com\/jujuy\/wp-content\/uploads\/2024\/02\/image-22-548x365.png 548w, https:\/\/notinor.com\/jujuy\/wp-content\/uploads\/2024\/02\/image-22-768x511.png 768w, https:\/\/notinor.com\/jujuy\/wp-content\/uploads\/2024\/02\/image-22-750x499.png 750w, https:\/\/notinor.com\/jujuy\/wp-content\/uploads\/2024\/02\/image-22.png 880w\" sizes=\"(max-width: 721px) 100vw, 721px\" \/><\/figure><\/div>\n\n\n<p><\/p>\n\n\n\n<p><strong>\u201cM\u00e1s combustible para la casta pol\u00edtica\u201d. <\/strong>Con esa frase, Javier Milei agradeci\u00f3 las muestras de apoyo que recibi\u00f3 en <strong>el \u00faltimo tramo del vuelo que lo trajo de regreso a la Argentina luego de sus visitas a Israel e Italia.<\/strong><\/p>\n\n\n\n<p><strong>El Presidente aterriz\u00f3 esta ma\u00f1ana en el Aeropuerto Internacional de Ezeiza proveniente de Roma<\/strong>, donde mantuvo un encuentro privado de m\u00e1s de una hora con el papa Francisco este lunes. <\/p>\n\n\n\n<p>Durante el vuelo, se sac\u00f3 fotos y fue aplaudido. Tras siete d\u00edas en el exterior, <strong>retomar\u00e1 la gesti\u00f3n diaria en medio de\u00a0la tensi\u00f3n con los gobernadores<\/strong>.<\/p>\n\n\n\n<p><strong>El mandatario sigui\u00f3 desde el exterior d\u00edas agitados de su Gobierno: <\/strong>el freno de la ley \u00f3mnibus en la C\u00e1mara de Diputados, durante el debate en particular; la eliminaci\u00f3n de los fondos que Naci\u00f3n env\u00eda a las provincias para los subsidios en el transporte p\u00fablico; y las salidas de Osvaldo Giordano de la Anses y de Flavia Roy\u00f3n de la secretar\u00eda de Energ\u00eda.\u00a0<strong>Mucho para apenas siete d\u00edas de ausencia<\/strong>.<\/p>\n\n\n\n<p><\/p>\n\n\n<div class=\"wp-block-image\">\n<figure class=\"aligncenter size-full\"><img decoding=\"async\" loading=\"lazy\" width=\"832\" height=\"471\" src=\"https:\/\/notinor.com\/jujuy\/wp-content\/uploads\/2024\/02\/milei-papa.png\" alt=\"\" class=\"wp-image-402055\" srcset=\"https:\/\/notinor.com\/jujuy\/wp-content\/uploads\/2024\/02\/milei-papa.png 832w, https:\/\/notinor.com\/jujuy\/wp-content\/uploads\/2024\/02\/milei-papa-645x365.png 645w, https:\/\/notinor.com\/jujuy\/wp-content\/uploads\/2024\/02\/milei-papa-768x435.png 768w, https:\/\/notinor.com\/jujuy\/wp-content\/uploads\/2024\/02\/milei-papa-750x425.png 750w\" sizes=\"(max-width: 832px) 100vw, 832px\" \/><\/figure><\/div>\n\n\n<p><a rel=\"noreferrer noopener\" href=\"https:\/\/www.infobae.com\/politica\/2024\/02\/13\/jorge-garcia-cuerva-celebro-la-reunion-entre-el-papa-francisco-y-milei-y-destaco-que-hubo-dialogo-y-cordialidad\/\" target=\"_blank\"><\/a><\/p>\n\n\n\n<p><\/p>\n\n\n\n<p><strong>Pero m\u00e1s all\u00e1 de las vicisitudes de la gesti\u00f3n, Milei tuvo un rol protag\u00f3nico en su segundo viaje al exterior desde que es Presidente: <\/strong>en Israel, reclam\u00f3 por la liberaci\u00f3n de los secuestrados por el grupo terrorista Hamas, ratific\u00f3 su intenci\u00f3n de mudar la embajada argentina a Jerusal\u00e9n y tuvo\u00a0una reuni\u00f3n bilateral con el premier Benjamin Netanyahu.<\/p>\n\n\n\n<p><strong>En Italia, tuvo dos encuentros con el papa Franciso, <\/strong>con quien se encontr\u00f3 personalmente tras los pol\u00e9micos dichos que hab\u00eda tenido durante su campa\u00f1a presidencial. <strong>El domingo, particip\u00f3 de la canonizaci\u00f3n de Mama Antula<\/strong> y se dio un afectuoso abrazo con el Sumo Pont\u00edfice, <strong>mientras que el lunes\u00a0tuvo su encuentro privado de m\u00e1s de una hora.<\/strong><\/p>\n\n\n\n<p><strong>La traves\u00eda culmin\u00f3 esta ma\u00f1ana a las 8.05, cuando el vuelo AZ-680 de la empresa ITA toc\u00f3 suelo argentino.<\/strong> Durante el viaje, Milei tuvo otro momento desatcado: alrededor de las 7 horas recorri\u00f3 todo el avi\u00f3n para saludar a los pasajeros. <\/p>\n\n\n\n<p><\/p>\n\n\n<div class=\"wp-block-image\">\n<figure class=\"aligncenter size-full\"><img decoding=\"async\" loading=\"lazy\" width=\"768\" height=\"432\" src=\"https:\/\/notinor.com\/jujuy\/wp-content\/uploads\/2024\/02\/image-17.png\" alt=\"\" class=\"wp-image-402052\" srcset=\"https:\/\/notinor.com\/jujuy\/wp-content\/uploads\/2024\/02\/image-17.png 768w, https:\/\/notinor.com\/jujuy\/wp-content\/uploads\/2024\/02\/image-17-649x365.png 649w, https:\/\/notinor.com\/jujuy\/wp-content\/uploads\/2024\/02\/image-17-500x280.png 500w, https:\/\/notinor.com\/jujuy\/wp-content\/uploads\/2024\/02\/image-17-750x422.png 750w\" sizes=\"(max-width: 768px) 100vw, 768px\" \/><\/figure><\/div>\n\n\n<p><\/p>\n\n\n\n<p><strong>Se sac\u00f3 varias fotos, les dio la mano a varios y recibi\u00f3 varias muestras de apoyo<\/strong>. \u201cViva la libertad carajo\u201d, grit\u00f3 el mandatario, y varias personas lo siguieron. \u201cSe siente, se siente, Milei est\u00e1 presente\u201d, y \u201cArgentina, Argentina\u201d, fueron algunos de los c\u00e1nticos que se escucharon en esos minutos de contacto directo entre el mandatario y los viajeros. <\/p>\n\n\n\n<p><strong>Incluso, algunos pasajeros entonaron la canci\u00f3n del grupo La Renga <\/strong>\u201c<strong>Panic Show<\/strong>\u201d, que dice \u201cyo soy el rey de un mundo perdido. Soy el rey y te destrozar\u00e9\u201d, fragmento al que sum\u00f3 el propio Presidente.<\/p>\n\n\n\n<p><strong>Antes de bajar del avi\u00f3n, mostr\u00f3 su satisfacci\u00f3n por el resultado de su gira.<\/strong> \u201cFui a Israel a apoyarlo frente a los ataques terroristas de Hamas y confirmar que voy a mudar la embajada\u201d, dijo respecto de su primer destino. Y ratific\u00f3 su cambio de opini\u00f3n respecto al Papa: \u201cFue grandioso. Es la persona m\u00e1s importante del mundo\u201d.<\/p>\n","protected":false},"excerpt":{"rendered":"<p>El Presidente regres\u00f3 al pa\u00eds tras sus visitas a Israel e Italia. Retomar\u00e1 la gesti\u00f3n diaria en medio de la tensi\u00f3n con los gobernadores. \u201cM\u00e1s combustible para la casta pol\u00edtica\u201d. Con esa frase, Javier Milei agradeci\u00f3 las muestras de apoyo que recibi\u00f3 en el \u00faltimo tramo del vuelo que lo trajo de regreso a la [&hellip;]<\/p>\n","protected":false},"author":51,"featured_media":402065,"comment_status":"open","ping_status":"open","sticky":false,"template":"","format":"standard","meta":{"_stopmodifiedupdate":false,"_modified_date":"","inline_featured_image":false,"spay_email":"","jetpack_publicize_message":""},"categories":[2,501],"tags":[],"jetpack_featured_media_url":"https:\/\/notinor.com\/jujuy\/wp-content\/uploads\/2024\/02\/image-22.png","jetpack_publicize_connections":[],"_links":{"self":[{"href":"https:\/\/notinor.com\/jujuy\/wp-json\/wp\/v2\/posts\/402064"}],"collection":[{"href":"https:\/\/notinor.com\/jujuy\/wp-json\/wp\/v2\/posts"}],"about":[{"href":"https:\/\/notinor.com\/jujuy\/wp-json\/wp\/v2\/types\/post"}],"author":[{"embeddable":true,"href":"https:\/\/notinor.com\/jujuy\/wp-json\/wp\/v2\/users\/51"}],"replies":[{"embeddable":true,"href":"https:\/\/notinor.com\/jujuy\/wp-json\/wp\/v2\/comments?post=402064"}],"version-history":[{"count":2,"href":"https:\/\/notinor.com\/jujuy\/wp-json\/wp\/v2\/posts\/402064\/revisions"}],"predecessor-version":[{"id":402068,"href":"https:\/\/notinor.com\/jujuy\/wp-json\/wp\/v2\/posts\/402064\/revisions\/402068"}],"wp:featuredmedia":[{"embeddable":true,"href":"https:\/\/notinor.com\/jujuy\/wp-json\/wp\/v2\/media\/402065"}],"wp:attachment":[{"href":"https:\/\/notinor.com\/jujuy\/wp-json\/wp\/v2\/media?parent=402064"}],"wp:term":[{"taxonomy":"category","embeddable":true,"href":"https:\/\/notinor.com\/jujuy\/wp-json\/wp\/v2\/categories?post=402064"},{"taxonomy":"post_tag","embeddable":true,"href":"https:\/\/notinor.com\/jujuy\/wp-json\/wp\/v2\/tags?post=402064"}],"curies":[{"name":"wp","href":"https:\/\/api.w.org\/{rel}","templated":true}]}}