{"id":402058,"date":"2024-02-12T12:40:48","date_gmt":"2024-02-12T15:40:48","guid":{"rendered":"https:\/\/notinor.com\/jujuy\/?p=402058"},"modified":"2024-02-12T12:41:49","modified_gmt":"2024-02-12T15:41:49","slug":"miles-de-jujenos-y-turistas-desenterraron-al-mitico-pujllay-que-andara-carnavaleando-9-dias","status":"publish","type":"post","link":"https:\/\/notinor.com\/jujuy\/miles-de-jujenos-y-turistas-desenterraron-al-mitico-pujllay-que-andara-carnavaleando-9-dias\/","title":{"rendered":"Miles de juje\u00f1os y turistas desenterraron al m\u00edtico Pujllay, que andar\u00e1 carnavaleando 9 d\u00edas"},"content":{"rendered":"\n<p class=\"has-medium-font-size\"><strong><em>Las ceremonias para dar riendas sueltas al diablo norte\u00f1o comenzaron a&nbsp;puro baile, bebidas t\u00edpicas, serpentina, talco y albahaca, en medio de un fin de semana largo donde la provincia tiene alta ocupaci\u00f3n hotelera.<\/em><\/strong><\/p>\n\n\n<div class=\"wp-block-image\">\n<figure class=\"aligncenter size-large\"><img decoding=\"async\" loading=\"lazy\" width=\"840\" height=\"472\" src=\"https:\/\/notinor.com\/jujuy\/wp-content\/uploads\/2024\/02\/image-20-840x472.png\" alt=\"\" class=\"wp-image-402059\" srcset=\"https:\/\/notinor.com\/jujuy\/wp-content\/uploads\/2024\/02\/image-20-840x472.png 840w, https:\/\/notinor.com\/jujuy\/wp-content\/uploads\/2024\/02\/image-20-650x365.png 650w, https:\/\/notinor.com\/jujuy\/wp-content\/uploads\/2024\/02\/image-20-500x280.png 500w, https:\/\/notinor.com\/jujuy\/wp-content\/uploads\/2024\/02\/image-20-768x431.png 768w, https:\/\/notinor.com\/jujuy\/wp-content\/uploads\/2024\/02\/image-20-750x421.png 750w, https:\/\/notinor.com\/jujuy\/wp-content\/uploads\/2024\/02\/image-20.png 1004w\" sizes=\"(max-width: 840px) 100vw, 840px\" \/><\/figure><\/div>\n\n\n<p><\/p>\n\n\n\n<p><strong>Miles de juje\u00f1os y turistas desenterraban al diablo norte\u00f1o de la alegr\u00eda,<\/strong>&nbsp;<strong>el m\u00edtico Pujllay, que andar\u00e1 suelto durante 9 d\u00edas <\/strong>en los que centenares de comparsas de toda la provincia, principalmente de la Quebrada de Humahuaca, ser\u00e1n protagonistas de m\u00faltiples invitaciones a puro baile, bebidas t\u00edpicas, serpentina, talco y albahaca.<\/p>\n\n\n\n<p><strong>Oficialmente en \"modo carnaval\"<\/strong>, <strong>Jujuy inici\u00f3, como ya es costumbre, las celebraciones con largas filas de autos y micros sobre la ruta nacional 9,<\/strong> debido al \u00e9xodo rumbo al norte provincial, hacia los poblados con los festejos m\u00e1s convocantes, entre ellos, Tilcara, Humahuaca, Maimar\u00e1, Uqu\u00eda y Purmamarca.<\/p>\n\n\n\n<p><strong>\"Por fin llegaste carnaval\" exclamaron desde temprano m\u00faltiples posteos en redes sociales,<\/strong> por el fin de la espera para dejarse atrapar por la magia del carnaval norte\u00f1o, que moviliza a locales y cautiva a visitantes de distintos puntos del pa\u00eds y del extranjero, que elevaron \"casi a pleno\" la ocupaci\u00f3n hotelera de la provincia este fin de semana largo.<\/p>\n\n\n\n<p><\/p>\n\n\n<div class=\"wp-block-image\">\n<figure class=\"aligncenter size-large\"><img decoding=\"async\" loading=\"lazy\" width=\"840\" height=\"469\" src=\"https:\/\/notinor.com\/jujuy\/wp-content\/uploads\/2024\/02\/Carnaval-Jujuy-840x469.png\" alt=\"\" class=\"wp-image-402033\" srcset=\"https:\/\/notinor.com\/jujuy\/wp-content\/uploads\/2024\/02\/Carnaval-Jujuy-840x469.png 840w, https:\/\/notinor.com\/jujuy\/wp-content\/uploads\/2024\/02\/Carnaval-Jujuy-654x365.png 654w, https:\/\/notinor.com\/jujuy\/wp-content\/uploads\/2024\/02\/Carnaval-Jujuy-500x280.png 500w, https:\/\/notinor.com\/jujuy\/wp-content\/uploads\/2024\/02\/Carnaval-Jujuy-768x428.png 768w, https:\/\/notinor.com\/jujuy\/wp-content\/uploads\/2024\/02\/Carnaval-Jujuy-750x418.png 750w, https:\/\/notinor.com\/jujuy\/wp-content\/uploads\/2024\/02\/Carnaval-Jujuy.png 1106w\" sizes=\"(max-width: 840px) 100vw, 840px\" \/><\/figure><\/div>\n\n\n<p><\/p>\n\n\n\n<p><strong>Las ceremonias para dar riendas sueltas al Pujllay comenzaron el mediod\u00eda del s\u00e1bado<\/strong>, lo que ocurre en mojones o apachetas -mont\u00edculos de piedras, en general en forma c\u00f3nica- con los que cuentan las distintas comparsas, y en las que primero se pide permiso a la Pachamama y luego se desentierra el carnaval.<\/p>\n\n\n\n<p>A la par de los pueblos de la Quebrada,&nbsp;<strong>otro multitudinario punto de encuentro fue un \"carnaval\u00f3dromo\" montado en predio Ciudad Cultural<\/strong>, en el acceso norte a San Salvador de Jujuy.<\/p>\n\n\n\n<p><strong>Familias enteras, entre juje\u00f1os y turistas, y diversos grupos de amigos colmaron el espacio<\/strong> con sus gorros carnavaleros, ramitas de albahaca en orejas y caras llenas de talco y pintura, lo que forma parte de las cl\u00e1sicas postales multitudinarias en casi toda la provincia, y en las que no faltan las lluvias de espuma y la presencia de vasos con alguna bebida fresca.<\/p>\n\n\n\n<p><\/p>\n\n\n<div class=\"wp-block-image\">\n<figure class=\"aligncenter\"><a href=\"javascript:void(0);\"><img decoding=\"async\" src=\"https:\/\/www.telam.com.ar\/thumbs\/bluesteel\/advf\/imagenes\/2024\/02\/65c81ade686ef_1200.jpg\" alt=\"Foto Egardo Varela\"\/><\/a><\/figure><\/div>\n\n\n<p><\/p>\n\n\n\n<p><strong>\"Este carnaval es alucinante. Me encanta que hay familias, gente grande, chicos. Hay de todo\", <\/strong>cont\u00f3 Celeste Carrizo, quien lleg\u00f3 a participar del desentierro por primera vez junto a un grupo de amigos de Rosario y C\u00f3rdoba, todos de entre 29 y 37 a\u00f1os.<\/p>\n\n\n\n<p>Con la misma alegr\u00eda valor\u00f3 su experiencia, Florencia, quien lleg\u00f3 junto a sus hijas de 10 y 7 a\u00f1os, y tres amigas arribadas desde C\u00f3rdoba, que participaban del carnaval juje\u00f1o por primera vez.<strong> \"La pasamos hermoso, es un ambiente s\u00faper familiar y muy divertido para venir con los ni\u00f1os\", <\/strong>indic\u00f3, al contar que es cordobesa pero hace cuatro a\u00f1os vive en Jujuy, durante los cuales ya fue \"interioriz\u00e1ndose y disfrutando de las costumbres del carnaval\".<\/p>\n\n\n\n<p><strong>\"Esto es espectacular, incre\u00edble, algo totalmente distinto.<\/strong> Se disfruta del pintarte, la espuma, todo. Con 39 a\u00f1os es la primera vez que tengo una experiencia tan divertida. Hasta ahora un 10\", dijo, por otro lado, Mar\u00eda P\u00eda, una visitante de C\u00f3rdoba.<\/p>\n\n\n\n<p><\/p>\n\n\n<div class=\"wp-block-image\">\n<figure class=\"aligncenter\"><a href=\"javascript:void(0);\"><img decoding=\"async\" src=\"https:\/\/www.telam.com.ar\/thumbs\/bluesteel\/advf\/imagenes\/2024\/02\/65c81ade74784_1200.jpg\" alt=\"Foto Egardo Varela\"\/><\/a><\/figure><\/div>\n\n\n<p><\/p>\n\n\n\n<p><strong>En Ciudad Cultural, bandas locales animaron el festejo,<\/strong> entre ritmos carnavaleros y cumbia norte\u00f1a, todo en esperas al desentierro en el predio, el cual fue encabezado por los integrantes del grupo Los Tekis y decenas de diablos y diablas de la comparsa \"No somos nada\".<\/p>\n\n\n\n<p><strong>\"Que se despierte el diablo en cada uno de los que disfrutamos de este carnaval\",<\/strong> se escuch\u00f3 por altavoz cuando desde sitio en altura -como se acostumbra la aparici\u00f3n de los disfrazados-, fueron bajando los diablos para mezclarse entre los presentes y despertar al Pujllay, ello en moj\u00f3n en sector cerca del escenario.<\/p>\n\n\n\n<p><strong>La ceremonia se cumpli\u00f3 ante una leve llovizna que se hizo presente en el momento, pero que no opac\u00f3 el clima festivo y la llegada sostenida de personas<\/strong>, muchas de ellas cargando conservadoras y reposeras.<\/p>\n\n\n\n<p><\/p>\n\n\n<div class=\"wp-block-image\">\n<figure class=\"aligncenter size-large\"><img decoding=\"async\" loading=\"lazy\" width=\"840\" height=\"473\" src=\"https:\/\/notinor.com\/jujuy\/wp-content\/uploads\/2024\/02\/image-21-840x473.png\" alt=\"\" class=\"wp-image-402061\" srcset=\"https:\/\/notinor.com\/jujuy\/wp-content\/uploads\/2024\/02\/image-21-840x473.png 840w, https:\/\/notinor.com\/jujuy\/wp-content\/uploads\/2024\/02\/image-21-648x365.png 648w, https:\/\/notinor.com\/jujuy\/wp-content\/uploads\/2024\/02\/image-21-768x432.png 768w, https:\/\/notinor.com\/jujuy\/wp-content\/uploads\/2024\/02\/image-21-750x422.png 750w, https:\/\/notinor.com\/jujuy\/wp-content\/uploads\/2024\/02\/image-21.png 970w\" sizes=\"(max-width: 840px) 100vw, 840px\" \/><\/figure><\/div>\n\n\n<p><\/p>\n\n\n\n<p>Tambi\u00e9n luciendo el t\u00edpico atuendo diablero, <strong>Los Tekis brindaron luego un movido repertorio, actuaci\u00f3n con la que se cerr\u00f3 el \"carnaval\u00f3dromo\",<\/strong> que es impulsado en complemento del \"Carnaval de Los Tekis\", festival que se realiza durante cuatro noches en el mismo lugar.<\/p>\n\n\n\n<p><strong>\"Soltame Carnaval\"<\/strong>&nbsp;<strong>-t\u00edpica expresi\u00f3n de algarab\u00eda durante el carnaval-, exclam\u00f3 en varios momentos todo el p\u00fablico presente<\/strong>, arengados por los m\u00fasicos del popular grupo juje\u00f1o.<\/p>\n\n\n\n<p><strong>\"Feliz carnaval Jujuy, que empiecen bien y terminen mal\", se escuch\u00f3 tambi\u00e9n arengar a Mauro Coletti, uno de Los Tekis,<\/strong> durante el desarrollo del show.<a href=\"javascript:void(0);\"><\/a><\/p>\n","protected":false},"excerpt":{"rendered":"<p>Las ceremonias para dar riendas sueltas al diablo norte\u00f1o comenzaron a&nbsp;puro baile, bebidas t\u00edpicas, serpentina, talco y albahaca, en medio de un fin de semana largo donde la provincia tiene alta ocupaci\u00f3n hotelera. Miles de juje\u00f1os y turistas desenterraban al diablo norte\u00f1o de la alegr\u00eda,&nbsp;el m\u00edtico Pujllay, que andar\u00e1 suelto durante 9 d\u00edas en los [&hellip;]<\/p>\n","protected":false},"author":51,"featured_media":402059,"comment_status":"open","ping_status":"open","sticky":false,"template":"","format":"standard","meta":{"_stopmodifiedupdate":false,"_modified_date":"","inline_featured_image":false,"spay_email":"","jetpack_publicize_message":""},"categories":[832],"tags":[],"jetpack_featured_media_url":"https:\/\/notinor.com\/jujuy\/wp-content\/uploads\/2024\/02\/image-20.png","jetpack_publicize_connections":[],"_links":{"self":[{"href":"https:\/\/notinor.com\/jujuy\/wp-json\/wp\/v2\/posts\/402058"}],"collection":[{"href":"https:\/\/notinor.com\/jujuy\/wp-json\/wp\/v2\/posts"}],"about":[{"href":"https:\/\/notinor.com\/jujuy\/wp-json\/wp\/v2\/types\/post"}],"author":[{"embeddable":true,"href":"https:\/\/notinor.com\/jujuy\/wp-json\/wp\/v2\/users\/51"}],"replies":[{"embeddable":true,"href":"https:\/\/notinor.com\/jujuy\/wp-json\/wp\/v2\/comments?post=402058"}],"version-history":[{"count":2,"href":"https:\/\/notinor.com\/jujuy\/wp-json\/wp\/v2\/posts\/402058\/revisions"}],"predecessor-version":[{"id":402062,"href":"https:\/\/notinor.com\/jujuy\/wp-json\/wp\/v2\/posts\/402058\/revisions\/402062"}],"wp:featuredmedia":[{"embeddable":true,"href":"https:\/\/notinor.com\/jujuy\/wp-json\/wp\/v2\/media\/402059"}],"wp:attachment":[{"href":"https:\/\/notinor.com\/jujuy\/wp-json\/wp\/v2\/media?parent=402058"}],"wp:term":[{"taxonomy":"category","embeddable":true,"href":"https:\/\/notinor.com\/jujuy\/wp-json\/wp\/v2\/categories?post=402058"},{"taxonomy":"post_tag","embeddable":true,"href":"https:\/\/notinor.com\/jujuy\/wp-json\/wp\/v2\/tags?post=402058"}],"curies":[{"name":"wp","href":"https:\/\/api.w.org\/{rel}","templated":true}]}}