{"id":402051,"date":"2024-02-12T12:31:49","date_gmt":"2024-02-12T15:31:49","guid":{"rendered":"https:\/\/notinor.com\/jujuy\/?p=402051"},"modified":"2024-02-12T12:31:50","modified_gmt":"2024-02-12T15:31:50","slug":"milei-y-francisco-estuvieron-reunidos-mas-de-una-hora-en-el-vaticano-y-hablaron-de-la-crisis-economica","status":"publish","type":"post","link":"https:\/\/notinor.com\/jujuy\/milei-y-francisco-estuvieron-reunidos-mas-de-una-hora-en-el-vaticano-y-hablaron-de-la-crisis-economica\/","title":{"rendered":"Milei y Francisco estuvieron reunidos m\u00e1s de una hora en el Vaticano y hablaron de la crisis econ\u00f3mica"},"content":{"rendered":"\n<p class=\"has-medium-font-size\"><strong><em>El Pont\u00edfice dialog\u00f3 a solas con el Presidente argentino durante 70 minutos. Luego, ingresaron la secretaria general Karina Milei y el resto de los ministros que forman parte de la comitiva oficial<\/em><\/strong>.<\/p>\n\n\n<div class=\"wp-block-image\">\n<figure class=\"aligncenter\"><img decoding=\"async\" src=\"https:\/\/www.infobae.com\/new-resizer\/w14phhciJkXT6MADqOKUh424nJQ=\/768x432\/filters:format(webp):quality(85)\/cloudfront-us-east-1.images.arcpublishing.com\/infobae\/CCZHORUUDREWXHISCLLPOZVTY4.jpg\" alt=\"\"\/><\/figure><\/div>\n\n\n<p><\/p>\n\n\n\n<p><strong>Javier Milei\u00a0concret\u00f3 finalmente su esperada reuni\u00f3n con el papa Francisco en el Vaticano.\u00a0<\/strong>El Presidente estuvo 70 minutos con el Pont\u00edfice en un encuentro a solas. Luego,\u00a0ingres\u00f3 la secretaria general y hermana del mandatario,\u00a0Karina Milei; y finalmente se sumaron los ministros que formaron parte de la comitiva:\u00a0Guillermo Francos\u00a0(Interior),\u00a0Diana Mondino\u00a0(Relaciones Exteriores) y\u00a0Sandra Pettovello\u00a0(Capital Humano).<\/p>\n\n\n\n<p><strong>Milei y Francisco dialogaron sobre la situaci\u00f3n pol\u00edtica y econ\u00f3mica de la Argentina.<\/strong>\u00a0Fue una conversaci\u00f3n franca, donde confluyeron distintas miradas ideol\u00f3gicas, pero siempre en un mismo sentido:\u00a0la manera de resolver la crisis, contener a los m\u00e1s pobres y gatillar el crecimiento productivo.<\/p>\n\n\n\n<p><strong>\u201cNi tomamos un vaso con agua\u201d<\/strong>, revel\u00f3 el Presidente tras el c\u00f3nclave que protagoniz\u00f3 con el Santo Padre. <strong>Milei<\/strong>\u00a0<strong>lleg\u00f3 a la Santa Sede a las 8.58, hora local (4.58 de la Argentina).<\/strong> <\/p>\n\n\n\n<p><a rel=\"noreferrer noopener\" href=\"https:\/\/www.infobae.com\/politica\/2024\/02\/12\/que-dice-el-comunicado-oficial-del-vaticano-tras-la-reunion-entre-el-papa-francisco-y-javier-milei\/\" target=\"_blank\"><\/a><\/p>\n\n\n<div class=\"wp-block-image\">\n<figure class=\"aligncenter is-resized\"><a href=\"https:\/\/www.infobae.com\/politica\/2024\/02\/12\/que-dice-el-comunicado-oficial-del-vaticano-tras-la-reunion-entre-el-papa-francisco-y-javier-milei\/\" target=\"_blank\" rel=\"noreferrer noopener\"><img decoding=\"async\" loading=\"lazy\" src=\"https:\/\/www.infobae.com\/new-resizer\/DtysiIpXnzcKMuuDN-CQRKZ2heY=\/1200x900\/filters:format(webp):quality(85)\/cloudfront-us-east-1.images.arcpublishing.com\/infobae\/WPN2NQ5GRJBEFFSOT4NJDDK7ZI.jpg\" alt=\"Qu\u00e9 dice el comunicado oficial del Vaticano tras la reuni\u00f3n entre el Papa Francisco y Javier Milei\" width=\"-154\" height=\"-115\"\/><\/a><\/figure><\/div>\n\n\n<p><a rel=\"noreferrer noopener\" href=\"https:\/\/www.infobae.com\/politica\/2024\/02\/12\/que-dice-el-comunicado-oficial-del-vaticano-tras-la-reunion-entre-el-papa-francisco-y-javier-milei\/\" target=\"_blank\"><\/a><a rel=\"noreferrer noopener\" href=\"https:\/\/www.infobae.com\/politica\/2024\/02\/12\/el-papa-se-mostro-satisfecho-con-el-programa-economico-y-de-contencion-social-aseguro-milei-tras-el-encuentro-en-el-vaticano\/\" target=\"_blank\"><\/a><\/p>\n\n\n\n<p><strong>Fue recibido en el\u00a0Palacio Apost\u00f3lico\u00a0por la Guardia Suiza<\/strong> y luego subi\u00f3 las escaleras de granito gris hasta llegar a la biblioteca vaticana. F<strong>rancisco le sonri\u00f3 cuando lleg\u00f3, <\/strong>la comitiva oficial se qued\u00f3 afuera, y por primera vez el Presidente y Sumo Pont\u00edfice se quedaron a solas para enlazar\u00a0<strong>una conversaci\u00f3n que se extendi\u00f3 m\u00e1s all\u00e1 de lo previsto.<\/strong><\/p>\n\n\n\n<p>Pese a las fuertes palabras que hab\u00eda tenido para con la m\u00e1xima autoridad de la Santa Sede, <strong>el Presidente hoy se qued\u00f3 con un peque\u00f1o r\u00e9cord: fue el jefe de Estado que\u00a0m\u00e1s tiempo estuvo\u00a0con el Pont\u00edfice en su primera reuni\u00f3n.<\/strong><\/p>\n\n\n\n<p>Los memoriosos del Vaticano recuerdan que\u00a0<strong>Francisco le dedic\u00f3 a su primer encuentro con Mauricio Macri en 2016 apenas 22 minutos.\u00a0Con Alberto Fern\u00e1ndez, estuvo 44 minutos en 2020. Con Cristina Kirchner estuvo menos de una hora en 2013<\/strong>, cuando la ex Presidenta viaj\u00f3 para su asunci\u00f3n, pero luego estuvieron otras 6 veces juntos;\u00a0hubo incluso almuerzos de casi dos horas.<\/p>\n\n\n\n<p><\/p>\n\n\n<div class=\"wp-block-image\">\n<figure class=\"aligncenter size-full\"><img decoding=\"async\" loading=\"lazy\" width=\"768\" height=\"432\" src=\"https:\/\/notinor.com\/jujuy\/wp-content\/uploads\/2024\/02\/image-17.png\" alt=\"\" class=\"wp-image-402052\" srcset=\"https:\/\/notinor.com\/jujuy\/wp-content\/uploads\/2024\/02\/image-17.png 768w, https:\/\/notinor.com\/jujuy\/wp-content\/uploads\/2024\/02\/image-17-649x365.png 649w, https:\/\/notinor.com\/jujuy\/wp-content\/uploads\/2024\/02\/image-17-500x280.png 500w, https:\/\/notinor.com\/jujuy\/wp-content\/uploads\/2024\/02\/image-17-750x422.png 750w\" sizes=\"(max-width: 768px) 100vw, 768px\" \/><\/figure><\/div>\n\n\n<p><\/p>\n\n\n\n<p>En las fotos oficiales que difundi\u00f3 el Vaticano del encuentro a trav\u00e9s de las agencias internacionales,\u00a0<strong>los dos l\u00edderes lucen sonrientes<\/strong>. <strong>El domingo, ya hab\u00edan tenido un encuentro cordial durante la ceremonia de canonizaci\u00f3n de mama Antula,<\/strong> cuando el l\u00edder de la Iglesia acept\u00f3 un abrazo fuera de protocolo del mandatario argentino en la Bas\u00edlica de San Pedro.<\/p>\n\n\n\n<p><strong>El\u00a0intercambio de regalos\u00a0es una tradici\u00f3n cada vez que el Pont\u00edfice mantiene una audiencia. <\/strong>Seg\u00fan detall\u00f3 el vocero Manuel Adorni, Milei entreg\u00f3 al papa una carpeta con la copia de la carta manuscrita del Canciller Jos\u00e9 Mar\u00eda Guti\u00e9rrez a Juan Bautista Alberdi, acredit\u00e1ndolo como representante en Europa (mayo de 1854); un cuadro con la postal conmemorativa de Mama Antula que el Correo Argentino distribuy\u00f3 en ocasi\u00f3n de su beatificaci\u00f3n (agosto de 2017) y alfajores de dulce de leche y galletitas de lim\u00f3n. Adem\u00e1s, le llev\u00f3 un obsequio personal: libros de Jes\u00fas Huerta de Soto,\u00a0el economista espa\u00f1ol\u00a0que suele citar en sus discursos y que mencion\u00f3 el 10 de diciembre, luego de asumir la Presidencia,\u00a0para referirse a la pobreza.<\/p>\n\n\n\n<p><\/p>\n\n\n<div class=\"wp-block-image\">\n<figure class=\"aligncenter size-large\"><img decoding=\"async\" loading=\"lazy\" width=\"720\" height=\"480\" src=\"https:\/\/notinor.com\/jujuy\/wp-content\/uploads\/2024\/02\/image-18-720x480.png\" alt=\"\" class=\"wp-image-402053\" srcset=\"https:\/\/notinor.com\/jujuy\/wp-content\/uploads\/2024\/02\/image-18-720x480.png 720w, https:\/\/notinor.com\/jujuy\/wp-content\/uploads\/2024\/02\/image-18-548x365.png 548w, https:\/\/notinor.com\/jujuy\/wp-content\/uploads\/2024\/02\/image-18-750x500.png 750w, https:\/\/notinor.com\/jujuy\/wp-content\/uploads\/2024\/02\/image-18.png 768w\" sizes=\"(max-width: 720px) 100vw, 720px\" \/><\/figure><\/div>\n\n\n<p><\/p>\n\n\n\n<p>\u201cComo dice el gran Jes\u00fas Huerta de Soto, <strong>los planes contra la pobreza generan m\u00e1s pobreza, la \u00fanica manera de salir de la pobreza es con m\u00e1s libertad<\/strong>\u201d, dijo el jefe de Estado frente al Congreso en el acto de su asunci\u00f3n en diciembre pasado.<\/p>\n\n\n\n<p>En tanto, <strong>el l\u00edder de la Iglesia Cat\u00f3lica, por su lado,\u00a0le obsequi\u00f3 tambi\u00e9n a Milei <\/strong>un medall\u00f3n de bronce inspirado en el Baldaquino de San Pedro,\u00a0los vol\u00famenes de documentos papales y el Mensaje por la Paz de este a\u00f1o.<\/p>\n\n\n\n<p>Alrededor de las 6.20 de la Argentina, luego del saludo protocolar y las fotos de rigor, <strong>la comitiva oficial inici\u00f3 una segunda reuni\u00f3n dentro del Vaticano,<\/strong>\u00a0<strong>esta vez con Pietro Parol\u00edn, secretario de Estado de la Santa Sede,\u00a0<\/strong>que se extendi\u00f3 casi cincuenta minutos. Y tras un recorrido guiado por el Palacio, <strong>Milei y su hermana se retiraron del Vaticano a las 7.40 (11.40 de Roma).<\/strong><\/p>\n\n\n\n<p><\/p>\n\n\n<div class=\"wp-block-image\">\n<figure class=\"aligncenter size-full\"><img decoding=\"async\" loading=\"lazy\" width=\"768\" height=\"432\" src=\"https:\/\/notinor.com\/jujuy\/wp-content\/uploads\/2024\/02\/image-19.png\" alt=\"\" class=\"wp-image-402054\" srcset=\"https:\/\/notinor.com\/jujuy\/wp-content\/uploads\/2024\/02\/image-19.png 768w, https:\/\/notinor.com\/jujuy\/wp-content\/uploads\/2024\/02\/image-19-649x365.png 649w, https:\/\/notinor.com\/jujuy\/wp-content\/uploads\/2024\/02\/image-19-500x280.png 500w, https:\/\/notinor.com\/jujuy\/wp-content\/uploads\/2024\/02\/image-19-750x422.png 750w\" sizes=\"(max-width: 768px) 100vw, 768px\" \/><\/figure><\/div>\n\n\n<p><\/p>\n\n\n\n<p><strong>Cerca del mediod\u00eda en Italia, Milei y Karina Milei llegaron al hotel Intercontinental<\/strong>, ubicado en la V\u00eda Veneto. A la secretaria General de la Presidencia se la ve\u00eda feliz, y el jefe de Estado tuvo tiempo para describir c\u00f3mo fue su encuentro con Francisco. \u201c<strong>Se mostr\u00f3 satisfecho por el programa econ\u00f3mico y su contenci\u00f3n social <\/strong>implementado por el Gobierno a partir del 10 de diciembre del a\u00f1o pasado\", asegur\u00f3 Milei.<\/p>\n\n\n\n<p>Por su parte, el Vaticano emiti\u00f3 un comunicado sobre la reuni\u00f3n entre el jefe de Estado y el Sumo Pont\u00edfice:<strong> <\/strong>\u201cDurante las cordiales conversaciones en la Secretar\u00eda de Estado,<strong> se expres\u00f3 satisfacci\u00f3n por las buenas relaciones entre la Santa Sede y la Rep\u00fablica Argentina y el deseo de reforzarlas a\u00fan m\u00e1s<\/strong>. A continuaci\u00f3n,\u00a0<strong>se detuvieron en el programa del nuevo Gobierno para enfrentar la crisis econ\u00f3mica\u00a0y se abordaron varios temas internacionales,<\/strong> en particular los conflictos actuales y el compromiso por la paz entre las naciones\u201d.<\/p>\n\n\n\n<p>Luego, <strong>Milei se subi\u00f3 al auto oficial con su hermana Karina para mantener un encuentro formal con Sergio Mattarella, presidente de Italia<\/strong>. Se fue a las 12.50 (hora local), y regres\u00f3 una hora m\u00e1s tarde. Est\u00e1 previsto que almuerce en el hotel y<strong> luego mantenga una reuni\u00f3n oficial con Georgia Meloni, premier italiana.<\/strong><\/p>\n\n\n\n<p>A las 19 (hora italiana) partir\u00e1 al aeropuerto de Fiumicino para tomar un vuelo comercial rumbo a Buenos Aires.\u00a0<strong>El martes a las 9 horas arriba a la Argentina.<\/strong><\/p>\n","protected":false},"excerpt":{"rendered":"<p>El Pont\u00edfice dialog\u00f3 a solas con el Presidente argentino durante 70 minutos. Luego, ingresaron la secretaria general Karina Milei y el resto de los ministros que forman parte de la comitiva oficial. Javier Milei\u00a0concret\u00f3 finalmente su esperada reuni\u00f3n con el papa Francisco en el Vaticano.\u00a0El Presidente estuvo 70 minutos con el Pont\u00edfice en un encuentro [&hellip;]<\/p>\n","protected":false},"author":51,"featured_media":402055,"comment_status":"open","ping_status":"open","sticky":false,"template":"","format":"standard","meta":{"_stopmodifiedupdate":false,"_modified_date":"","inline_featured_image":false,"spay_email":"","jetpack_publicize_message":""},"categories":[2,501],"tags":[],"jetpack_featured_media_url":"https:\/\/notinor.com\/jujuy\/wp-content\/uploads\/2024\/02\/milei-papa.png","jetpack_publicize_connections":[],"_links":{"self":[{"href":"https:\/\/notinor.com\/jujuy\/wp-json\/wp\/v2\/posts\/402051"}],"collection":[{"href":"https:\/\/notinor.com\/jujuy\/wp-json\/wp\/v2\/posts"}],"about":[{"href":"https:\/\/notinor.com\/jujuy\/wp-json\/wp\/v2\/types\/post"}],"author":[{"embeddable":true,"href":"https:\/\/notinor.com\/jujuy\/wp-json\/wp\/v2\/users\/51"}],"replies":[{"embeddable":true,"href":"https:\/\/notinor.com\/jujuy\/wp-json\/wp\/v2\/comments?post=402051"}],"version-history":[{"count":1,"href":"https:\/\/notinor.com\/jujuy\/wp-json\/wp\/v2\/posts\/402051\/revisions"}],"predecessor-version":[{"id":402056,"href":"https:\/\/notinor.com\/jujuy\/wp-json\/wp\/v2\/posts\/402051\/revisions\/402056"}],"wp:featuredmedia":[{"embeddable":true,"href":"https:\/\/notinor.com\/jujuy\/wp-json\/wp\/v2\/media\/402055"}],"wp:attachment":[{"href":"https:\/\/notinor.com\/jujuy\/wp-json\/wp\/v2\/media?parent=402051"}],"wp:term":[{"taxonomy":"category","embeddable":true,"href":"https:\/\/notinor.com\/jujuy\/wp-json\/wp\/v2\/categories?post=402051"},{"taxonomy":"post_tag","embeddable":true,"href":"https:\/\/notinor.com\/jujuy\/wp-json\/wp\/v2\/tags?post=402051"}],"curies":[{"name":"wp","href":"https:\/\/api.w.org\/{rel}","templated":true}]}}